{"id":133942,"date":"2025-05-23T18:17:10","date_gmt":"2025-05-23T18:17:10","guid":{"rendered":"https:\/\/www.europesays.com\/de\/133942\/"},"modified":"2025-05-23T18:17:10","modified_gmt":"2025-05-23T18:17:10","slug":"1069-radio-gong-dein-heimvorteil-live-aus-8","status":"publish","type":"post","link":"https:\/\/www.europesays.com\/de\/133942\/","title":{"rendered":"106,9 Radio Gong &#8211; Dein Heimvorteil live aus\u2026"},"content":{"rendered":"<p><img decoding=\"async\" class=\"lazyload \" src=\"data:image\/jpeg;base64,%2F9j%2F4AAQSkZJRgABAQEBLAEsAAD%2F2wBDABALDA4MChAODQ4SERATGCgaGBYWGDEjJR0oOjM9PDkzODdASFxOQERXRTc4UG1RV19iZ2hnPk1xeXBkeFxlZ2P%2F2wBDARESEhgVGC8aGi9jQjhCY2NjY2NjY2NjY2NjY2NjY2NjY2NjY2NjY2NjY2NjY2NjY2NjY2NjY2NjY2NjY2NjY2P%2FwAARCAAKABADAREAAhEBAxEB%2F8QAFgABAQEAAAAAAAAAAAAAAAAABAAF%2F8QAHhAAAgICAgMAAAAAAAAAAAAAAQIDEQAEBSESMWH%2FxAAWAQEBAQAAAAAAAAAAAAAAAAABAgP%2FxAAWEQEBAQAAAAAAAAAAAAAAAAAAARH%2F2gAMAwEAAhEDEQA%2FAB6%2BrsRCXzZzHOOwBdZNhiGpGkTUjvY7Dr0MJBjX1zaC%2FmagPliVjUKaFehkl%2F%2FZ\" data- data- alt=\"i Welt Marathon 73\" title=\"i Welt Marathon 73\"\/><\/p>\n<p>Foto: pixabay.com<\/p>\n<p>WVV Marathon W\u00fcrzburg <\/p>\n<p>Zwei Runden durch die Innenstadt, vorbei an W\u00fcrzburgs sch\u00f6nsten Sehensw\u00fcrdigkeiten, stimmungsvolle Zuschauer an der Strecke und ein gemeinsames Ziel &#8211; der Halbmarathon.<\/p>\n<ul>\n<li><strong>Wann?<\/strong> 09:00 Uhr bis 15:00 Uhr <strong><strong><br \/><\/strong><\/strong><\/li>\n<li><strong>Wo?<\/strong> Start am Congress Centrum W\u00fcrzburg <strong><br \/><\/strong><\/li>\n<\/ul>\n<p>exit: Boutique<\/p>\n<p>Heute verwandelt sich die Steinburg erneut zum h\u00f6chsten Dancefloor<br \/>\nder Stadt und holt f\u00fcr eure Vibes die besten DJs wie Alan Dixon und Maxi Meraki auf den W\u00fcrzburger Stein.<\/p>\n<ul>\n<li><strong>Wann? <\/strong>14:00 Uhr bis 22:00 Uhr<\/li>\n<li><strong>Wo? <\/strong>Schloss Steinburg W\u00fcrzburg<\/li>\n<\/ul>\n<p><strong>Tickets <\/strong>noch schnell <a href=\"https:\/\/steinburg.com\/de\/exit-boutique\/\" target=\"_blank\" rel=\"noreferrer noopener nofollow\">hier.<\/a> ergattern<\/p>\n<p>Mittelaltermarkt &#8222;Marktleben um 1525&#8220;<\/p>\n<p>Erlebe ein lebendigens Alltagsleben des 16. Jahrhunderts. Rund 50 St\u00e4nde mit Handwerk, Handel, Bewirtung und Events wie Feuershows und Schauk\u00e4mpfen k\u00f6nnt ihr euch hier anschauen. Der Eintritt ist kostenfrei.<\/p>\n<ul>\n<li><strong>Wann? <\/strong>11:00 Uhr bis 21:00 Uhr<\/li>\n<li><strong>Wo?<\/strong> Leonhard &#8211; Frank &#8211; Promenade, W\u00fcrzburg<\/li>\n<\/ul>\n<p>Kleinochsenfurter Winzerfr\u00fchling<\/p>\n<p>Den Sonntag mit Kleinochsenfurter Weinen und fr\u00e4nkischen Spezialit\u00e4ten genie\u00dfen!<\/p>\n<ul>\n<li><strong>Wann?<\/strong> Festbetrieb ab 11 Uhr<\/li>\n<li><strong>Wo? <\/strong>Pfarrgarten, Ochsenfurt<\/li>\n<\/ul>\n<p>Kitzinger Kinderstadtf\u00fchrung <\/p>\n<p>Erlebt einen spielerischen Stadtrundgang in Kitzingen. Mit vielen<br \/>\nR\u00e4tseln und Geheimnissen k\u00f6nnen die Kids f\u00fcr kurze Zeit kleine Detektive<br \/>\nsein. Das ganze ist kostenlos f\u00fcr euch.<\/p>\n<ul>\n<li><strong>Wann? <\/strong>13:00 Uhr bis 14:00 Uhr <\/li>\n<li><strong>Wo? <\/strong>Touristinfo Stadt Kitzingen<\/li>\n<\/ul>\n<p><strong>Anmeldeinfos <\/strong>einmal <a href=\"https:\/\/www.radiogong.com\/veranstaltungen\/kitzingen-spielerisch-erkunden-kitzinger-kinderstadtfuehrung\" rel=\"nofollow noopener\" target=\"_blank\">hier.<\/a><\/p>\n<p>Relegation <strong><br \/><\/strong><\/p>\n<p><strong>Landesliga<\/strong><strong\/><\/p>\n<ul>\n<li><strong>TSV Aubstadt II &#8211; SV K\u00fcrnach<\/strong><br \/>Um 16:00 Uhr<\/li>\n<\/ul>\n<p><strong>Kreisklasse<\/strong><\/p>\n<ul>\n<li>14. Kreisklasse W\u00dc 3 \u2013 2. A-Klasse W\u00dc 3<strong><br \/>(SG) SV Bischbrunn &#8211; SV Schaippach<\/strong><br \/>Um 18 Uhr (beim SV Steinfeld)<\/li>\n<li>13. Kreisklasse 2 \u2013 3. A-Klasse 1:<strong><br \/>SSV Kitzingen II \u2013 (SG) TG H\u00f6chberg II<\/strong><br \/>Um 14:00 Uhr (beim TSV Rottendorf)<\/li>\n<\/ul>\n<p>Weitere Spiele findest du<a href=\"https:\/\/www.radiogong.com\/aktuelles\/zuschauermassen-bei-relegationsspielen\" rel=\"nofollow noopener\" target=\"_blank\"> hier. <\/a><\/p>\n<p>Frankenfestspiele: Der R\u00e4uber Hotzenplotz und die Mondrakete<\/p>\n<p>Taucht ein in die neue Geschichte von R\u00e4uber Hotzenplotz, bei der nicht nur eine Rakete gebaut wird sondern auch ein \u00dcbelt\u00e4ter eingefangen werden muss. Ein Kindermuscial f\u00fcr die gesamte Familie.<\/p>\n<ul>\n<li><strong>Wann? <\/strong>16:00 Uhr bis 18:00 Uhr <strong><br \/><\/strong><\/li>\n<li><strong>Wo? <\/strong>Auf der Burg Brattenstein in R\u00f6ttingen<\/li>\n<\/ul>\n<p>Tickets bekommt ihr <a href=\"https:\/\/www.frankenfestspiele-roettingen.de\/spielplan\/alle-termine\/520\/der-raeuber-hotzenplotz-und-die-mondrakete\" target=\"_blank\" rel=\"noreferrer noopener nofollow\">hier. <\/a><\/p>\n<p>Familie geht Tanzen &#8211; zusammen feiern <\/p>\n<p>DIE PARTY F\u00dcR ALLE! Denn endlich k\u00f6nnen auch die Kids mit zur Party kommen und zusammen als Familie in echter Clubatmosph\u00e4re abtanzen und so richtig viel Spa\u00df haben! Der Nachmittag wird kinderfreundlich, denn die Musik wird auf 75 Dzb reduziert, es gibt leckere alkoholfreie Cocktails und eine Chill Out Area<\/p>\n<ul>\n<li><strong>Wann? <\/strong>14:00 Uhr bis 17:00 Uhr <strong><br \/><\/strong><\/li>\n<li><strong>Wo? <\/strong>Zauberberg W\u00fcrzburg<strong><strong><br \/><\/strong><\/strong><\/li>\n<\/ul>\n<p><strong>Tickets <\/strong>bekommt ihr <a href=\"https:\/\/mamagehttanzenwuerzburg.ticket.io\/?fbclid=PAZXh0bgNhZW0CMTEAAaeMBHG1HPaV8DbzUOlwdhrgaQnXjlCumGhVetPNXKrwR2BSxAr4QRz19JOD6w_aem_RmDW3gzSxK-Z9DdrabF4hg\" target=\"_blank\" rel=\"noreferrer noopener nofollow\">hier. <\/a><\/p>\n<p>Einfach heiraten!<\/p>\n<p>Heiraten \u2013 ohne Vorbereitung und Anmeldung. Das ist heute im Rahmen der Aktion \u201eeinfach heiraten\u201c der St. Johanniskirche Schweinfurt m\u00f6glich!<\/p>\n<ul>\n<li>Wann? In Schweinfurt von 11 bis 19 Uhr, in Bad Kissingen von 11 bis 16 Uhr.<\/li>\n<\/ul>\n<p>Weinlagenwanderung <\/p>\n<p>6 Stationen an 6 unterschiedlichen Orten an denen du Stand &#8211; und Schoppenwein probieren und die Zeit genie\u00dfen kannst. Gute Stimmung, \u00fcberdachte Sitzpl\u00e4tze und gutes Essen is garantiert.<\/p>\n<ul>\n<li><strong>Wann? <\/strong>09:00 Uhr bis 15:00 Uhr <strong><br \/><\/strong><\/li>\n<li><strong>Wo? <\/strong>Start am Feuerwehrhaus Th\u00fcngersheim <strong><br \/><\/strong><\/li>\n<\/ul>\n<p>Rock am Balkon <\/p>\n<p>Rock Open Air mit Oldies der 60er Jahre<\/p>\n<ul>\n<li><strong>Wann? <\/strong>11:00 Uhr bis 14:00 Uhr <strong><br \/><\/strong><\/li>\n<li><strong>Wo?<\/strong> Gartenschaugel\u00e4nde Kitzingen <\/li>\n<\/ul>\n<p>StadtSchoppen am Stadtbalkon <\/p>\n<p>Im Hintergrund malerisch die Silhouette der historischen Kitzinger Altstadt, im Glas einen der besten Weine Frankens und einfach die F\u00fc\u00dfe im Main baumeln lassen zwischen den Blumen des ehemaligen Gartenschaugel\u00e4ndes.<\/p>\n<ul>\n<li><strong>Wann? <\/strong>17:00 bis 22:00 Uhr<\/li>\n<li><strong>Wo? <\/strong>Gartenschaugel\u00e4nde Kitzingen <strong><br \/><\/strong><\/li>\n<\/ul>\n<p>15. Zeller Kulturmeile <\/p>\n<p>\u00dcber 60 Kreative, 20 Bands und<br \/>\nein buntes Programm f\u00fcr Gro\u00df und Klein zeigen die Vielfalt der Szene in<br \/>\nZell und dem Landkreis W\u00fcrzburg \u2013 ein Wochenende voller Inspiration!<\/p>\n<ul>\n<li><strong>Wann?<\/strong> 15:00 Uhr bis 22:00 Uhr<\/li>\n<li><strong>Wo?<\/strong> im Altort entlang der Hauptstra\u00dfe in Zell am Main<\/li>\n<\/ul>\n<p>Feste<\/p>\n<p><strong>140 Jahre Feuerwehr Rittershausen<\/strong><\/p>\n<p>Der Tag startet mit Fr\u00fchschoppen, gefolgt von Mittagessen mit den Gelchsheimer Musikanten und der Festumzug durch den Ort. Kr\u00f6nender Abschluss: ein Feuerwerk bei Einbruch der Dunkelheit!<\/p>\n<ul>\n<li><strong>Wann? <\/strong>ab 10:30 Uhr<\/li>\n<li><strong>Wo? <\/strong>Rittershausen<\/li>\n<\/ul>\n<p><strong><strong>150 Jahre Freiwillige Feuerwehr Stadt Schwarzach <br \/><\/strong><\/strong><\/p>\n<p>Mitrei\u00dfende Stimmungsmusik des Aalbachtal-Express, die den Festplatz in eine Partymeile verwandeln wird.<\/p>\n<ul>\n<li><strong>Wann? <\/strong>ab 09:30 Uhr<\/li>\n<li><strong>Wo? <\/strong>Schlossparkhalle Urspringen<\/li>\n<\/ul>\n<p><strong><strong>71. Giemaulfest <br \/><\/strong><\/strong><\/p>\n<p>Partykracher mit Barbetrieb auf dem Festgel\u00e4nde<\/p>\n<ul>\n<li><strong>Wann? <\/strong>ab 18 Uhr<\/li>\n<li><strong>Wo? <\/strong>Heidingsfeld<\/li>\n<\/ul>\n<p><strong>Hoffest am Spargel- und Beerenhof Prichsenstadt<\/strong><\/p>\n<p>Freuen Sie sich auf Spargelgenuss, Traktorenshow, Hoff\u00fchrungen und Livemusik. Ein Wochenende voller Landlust und guter Laune!<\/p>\n<ul>\n<li><strong>Wann? <\/strong>15:00 Uhr bis 18:00 Uhr <\/li>\n<li><strong>Wo? <\/strong>Kirchsch\u00f6nbacher Str. 8<\/li>\n<\/ul>\n<p>Ab in den Biergarten!<\/p>\n<p>Den Fr\u00fchling k\u00f6nnt ihr heute in der Sonne genie\u00dfen.<\/p>\n<p><strong>Beim Bauriedel<\/strong><\/p>\n<p>An der Ortsgrenze von Margetsh\u00f6chheim<\/p>\n<ul>\n<li>Wann? Samstag, Sonntag &amp; Feiertage, 11 bis 22 Uhr<\/li>\n<li>Wo? Zeller Stra\u00dfe 19 + 21, Margetsh\u00f6chheim<\/li>\n<\/ul>\n<p><strong>Waldsch\u00e4nke Dornheim<br \/><\/strong><br \/>Endlich hat auch wieder der Biergarten am Dornheim ge\u00f6ffnet!<\/p>\n<ul>\n<li>Wann? ab 12 Uhr<\/li>\n<li>Wo? Talavera<\/li>\n<\/ul>\n<p><strong>Sch\u00fctzenhof W\u00fcrzburg<\/strong><\/p>\n<ul>\n<li>\u00d6ffnungszeiten: Montag bis Freitag 11 bis 23 Uhr, Samstag und Sonntag 11 bis 21 Uhr<\/li>\n<li>Wo? Mainleitenweg 48, W\u00fcrzburg<\/li>\n<\/ul>\n<p><strong>Wirtshaus am Postkutscherl<\/strong><\/p>\n<ul>\n<li>\u00d6ffnungszeiten: Di bis Fr ab 17 Uhr, Sa&amp; So ab 12 Uhr<\/li>\n<li>Wo? Waldkugelweg 5, W\u00fcrzburg<\/li>\n<\/ul>\n<p><strong>Biergarten beim Br\u00fcckenbaron<\/strong><\/p>\n<ul>\n<li>\u00d6ffnungszeiten: Mi &#8211; Fr ab 16 Uhr, Sa&amp; So ab 12 Uhr<\/li>\n<li>Wo? Wiesenm\u00fchle in Sonderhofen<\/li>\n<\/ul>\n<p><strong>Biergarten F\u00e4hrbr\u00fcck<\/strong><\/p>\n<ul>\n<li>\u00d6ffnungszeiten: 15 &#8211; 23 Uhr<\/li>\n<li>Wo? Hausen bei W\u00fcrzburg<\/li>\n<\/ul>\n<p>Weitere Bierg\u00e4rten, die schon ge\u00f6ffnet haben, findet ihr in unserer <a href=\"https:\/\/www.radiogong.com\/aktuelles\/diese-bierg%C3%A4rten-haben-schon-ge%C3%B6ffnet\" target=\"_blank\" rel=\"noreferrer noopener nofollow\">\u00dcbersicht<\/a>.<\/p>\n<p>Kinoprogramm in Cineworld in Dettelbach<\/p>\n<p><strong>Neu: Lilo &amp; Stitch <\/strong><br \/>Live-Action-Remake des<br \/>\nAnimationsklassikers rund um das hawaiische Waisenm\u00e4dchen Lilo und ihren<br \/>\nkleinen au\u00dferirdischen Begleiter Stitch.<br \/>Um 13:45 Uhr (3D), 15:00 Uhr, 16:55 Uhr, 17:40 Uhr,19:50 Uhr und 20:15 Uhr, etc. <\/p>\n<p><strong>Neu: Mission Impossible &#8211; The Final Reckoning <\/strong><br \/>Achtes Action-Abenteuer mit Tom Cruise als legend\u00e4rer IMF-Geheimagenten Ethan Hunt.<br \/>Um 13:30 Uhr, 16:30 Uhr und 19:35 Uhr<\/p>\n<p><strong>Final Destination 6: Bloodlines<\/strong><br \/>Sechste Auskopplung des beliebten<br \/>\nHorror-Franchise \u00fcber eine Gruppe an Menschen, die ihrem vorbestimmten<br \/>\nTod von der Schippe springen wollen.<br \/>Um 17:10 Uhr und 20:30 Uhr <strong><br \/><\/strong><\/p>\n<p><strong>Schneewittchen<\/strong><br \/>Realverfilmung des Disney-Klassikers von 1937 mit Rachel Zegler und Gal Gadot.<br \/>Um 13:00 Uhr<\/p>\n<p><strong>Gr\u00fc\u00dfe vom Mars <\/strong><br \/>Familienfilm \u00fcber einen Zehnj\u00e4hrigen, der einen l\u00e4ngeren Aufenthalt bei den Gro\u00dfeltern als Probe-Mars-Mission einstuft.<br \/>Um 13:00 Uhr <\/p>\n<p><strong>Thunderbolts<\/strong><br \/>Nachdem sie in eine von Valentina Allegra de Fontaine gestellte Todesfalle geraten sind, m\u00fcssen sich hoffnungslose Au\u00dfenseiter auf eine gef\u00e4hrliche Mission begeben, die sie zwingt, sich den dunkelsten Ecken <br \/>ihrer Vergangenheit zu stellen.<br \/>Um 17:30 Uhr, und 20:20Uhr<strong><br \/><\/strong><\/p>\n<p><a href=\"https:\/\/www.cineplex.de\/programm\/dettelbach\/\" target=\"_blank\" rel=\"noreferrer noopener nofollow\"><strong>Hier<\/strong><\/a> geht&#8217;s zur vollst\u00e4ndigen Programm\u00fcbersicht und den Tickets.<\/p>\n<p>Freib\u00e4der <\/p>\n<p>Die Tage<br \/>\nwerden l\u00e4nger, die Klamotten k\u00fcrzer und die Temperaturen steigen. Das<br \/>\nist jetzt auch wieder die Zeit f\u00fcr Sonnenbaden, Planschen und<br \/>\nSchwimmbad-Pommes. Nach und nach \u00f6ffnen die Freib\u00e4der in Mainfranken. Je<br \/>\nnach Wetter startet die ersten schon Anfang Mai. <\/p>\n<ul>\n<li><strong> Karlstadt:<\/strong> 01.05.2025<\/li>\n<li><strong>Abtswind: <\/strong>01.05.2025<\/li>\n<li><strong>Veitsh\u00f6chheim <\/strong>01.05.2025<\/li>\n<li><strong>Albertshausen: <\/strong>01.05.2025<\/li>\n<li><strong>Kitzingen<\/strong>: 10.052025<\/li>\n<\/ul>\n<p><a href=\"https:\/\/www.radiogong.com\/aktuelles\/mainfranken-die-freibadsaison-2024-beginnt-die-termine-im-ueberblick\" rel=\"nofollow noopener\" target=\"_blank\"><br \/><\/a><a href=\"https:\/\/www.radiogong.com\/aktuelles\/mainfranken-die-freibadsaison-2024-beginnt-die-termine-im-ueberblick\" rel=\"nofollow noopener\" target=\"_blank\">Hier<\/a> erfahrt Ihr, welche weiteren Freib\u00e4der wann aufmachen!<\/p>\n<p>Hallenb\u00e4der<\/p>\n<p><strong>DaySpa W\u00fcrzburg<\/strong><\/p>\n<ul>\n<li>Di, Mi, Fr &amp; Sa von 10 bis 19 Uhr<\/li>\n<li>Entspannung pur! Ob Spa, Sauna, Kosmetik, Bodyforming oder Massage. Hier bekommt ihr alles!<\/li>\n<li>Mehr Infos <a href=\"https:\/\/day-spa-wuerzburg.de\/\" target=\"_blank\" rel=\"noreferrer noopener nofollow\">hier.<\/a><\/li>\n<\/ul>\n<p><strong>Nautiland W\u00fcrzburg<\/strong><\/p>\n<ul>\n<li>T\u00e4glich von 9-22 Uhr + Mi &amp; Fr: 6-8 Uhr<\/li>\n<li>Ihr k\u00f6nnt im Nautiland in der Zellerau planschen, rutschen und Turm springen. Auch die Sauna Landschaft hat ge\u00f6ffnet.<\/li>\n<li>Mehr Infos <a href=\"https:\/\/www.wvv.de\/baeder\/nautiland\/wuerzburg.html\" target=\"_blank\" rel=\"noreferrer noopener nofollow\">hier<\/a>.<\/li>\n<\/ul>\n<p><strong>AquaSole Kitzingen<\/strong><\/p>\n<ul>\n<li>Mo &#8211; Do 11-22 Uhr &amp; Fr &#8211; So: 9-22 Uhr (auch Feiertags)<\/li>\n<li>Schwimmen mit der Familie bis Saunabesuche &#8211; Bade- und Saunalandschaft in Kiztingen direkt am Main.<\/li>\n<li>Mehr Infos <a href=\"https:\/\/www.aqua-sole.de\/\" target=\"_blank\" rel=\"noreferrer noopener nofollow\">hier.<\/a><\/li>\n<\/ul>\n<p><strong>KissSalis Therme Bad Kissingen<\/strong><\/p>\n<ul>\n<li>T\u00e4glich von 9-22 Uhr (Fr&amp;Sa: bis 24 Uhr)<\/li>\n<li>Thermenlandschaft und Saunapark<\/li>\n<li>Fr\u00fchschwimmer: Mo-Do bis 12 Uhr &#8211; eine Zusatzstunde gratis<\/li>\n<li>Abendtarif: Mo-Do ab 17 Uhr &#8211; eine Zusatzstunde gratis<\/li>\n<li>Mehr Infos <a href=\"https:\/\/www.kisssalis.de\/aktuelles\/auszeit-vom-alltag?gclid=CjwKCAjwoIqhBhAGEiwArXT7Kwv4rXM_l9AG4jFmgW-JEhY55lUqjKFnE4lA6xX4zEetGuUiDoOwfhoCvk8QAvD_BwE\" target=\"_blank\" rel=\"noreferrer noopener nofollow\">hier<\/a>.<\/li>\n<\/ul>\n<p><strong>Frankentherme Bad Windsheim<\/strong><\/p>\n<ul>\n<li>T\u00e4glich von 9-22 Uhr<\/li>\n<li>Thermalbad, Saunalandschaft und Wellness Bereich<\/li>\n<li>Mehr Infos <a href=\"https:\/\/franken-therme.net\/info-service\/oeffnungszeiten-preise\" target=\"_blank\" rel=\"noreferrer noopener nofollow\">hier<\/a>.<\/li>\n<\/ul>\n<p>Indoor-Spa\u00df<\/p>\n<p><strong>Lasertag W\u00fcrzburg<\/strong><\/p>\n<p>Das Lasertag W\u00fcrzburg bietet eine ca. 600qm gro\u00dfe Lasertag-Arena. Die Spielfl\u00e4che ist mit speziellem Schwarzlicht, coolen Hindernissen und zus\u00e4tzlichen Basen ausgestattet. Das Gaming-Erlebnis wird durch passende Musik und verschiedenen Lichtelementen verst\u00e4rkt.<\/p>\n<ul>\n<li>T\u00e4glich von 10-24 Uhr<\/li>\n<li>unterschiedliche Spielmodi<\/li>\n<li>Wo? Bahnhofplatz 2, 97070 W\u00fcrzburg<\/li>\n<li>Mehr Infos gibt&#8217;s <a href=\"https:\/\/www.lasertag-wuerzburg.com\/\" target=\"_blank\" rel=\"noreferrer noopener nofollow\">hier<\/a><\/li>\n<\/ul>\n<p><strong>Schwarzlichtfabrik<\/strong><\/p>\n<p>Die Schwarzlichtfabrik bietet Spiele und Aktivit\u00e4en f\u00fcr alle Altersgruppen.<\/p>\n<ul>\n<li>3D-Minigolf, Poolball, Kreativraum, Gamer uvm.<\/li>\n<li>Di-Fr: 14-20 Uhr, Sa: 11-22 Uhr &amp; So: 11-20 Uhr ge\u00f6ffnet<\/li>\n<li>Wo? Bahnhofplatz 2A, 97070 W\u00fcrzburg<\/li>\n<li>Mehr Infos gibt&#8217;s <a href=\"https:\/\/www.schwarzlichtfabrik-wuerzburg.de\/\" target=\"_blank\" rel=\"noreferrer noopener nofollow\">hier<\/a><\/li>\n<\/ul>\n<p><strong>Rage Axe<\/strong><\/p>\n<p>Axt &#8211; und Messerwerfen sowie Bogenschie\u00dfen im rustikalen Ambiente und unter professioneller Anleitung.<\/p>\n<ul>\n<li>Di-Do: 17-22 Uhr, Freitag: 15-23 Uhr, Sa\/So: 12-22 Uhr, vorherige Terminvereinbarung immer erforderlich<\/li>\n<li>Wo? Bahnhofsplatz 2, 97072 W\u00fcrzburg<\/li>\n<li>Mehr Infos gibts <a href=\"https:\/\/rageaxe.de\/wuerzburg\/\" target=\"_blank\" rel=\"noreferrer noopener nofollow\">hier<\/a><\/li>\n<\/ul>\n<p><strong>Sky and Sand &#8211; Trampolinhalle<br \/><\/strong><\/p>\n<p>Willkommen in W\u00fcrzburgs erster Trampolinhalle! SkyandSand bietet satten Sprungspa\u00df f\u00fcr kleine und gro\u00dfe H\u00fcpfer auf \u00fcber 2.000 m2. Zahlreiche Attraktionen \u2013 vom High Jump \u00fcber Trapez und Dodgeball, Aeroball bis zum Ninja-Warrior-Parcours \u2013 ein extra Kleinkindbereich f\u00fcr Mini-H\u00fcpfer.<\/p>\n<ul>\n<li>Mi&amp;Do: 10-19 Uhr, Fr: 14-20 Uhr + Sa: 10-20 Uhr, So: 10-19 Uhr<\/li>\n<li>Tickets ab 12,50 Euro<\/li>\n<li>Wo? Delpstra\u00dfe 4, 97084 W\u00fcrzburg<\/li>\n<li>Weitere Infos gibts <a href=\"https:\/\/skyandsand-wuerzburg.de\/\" target=\"_blank\" rel=\"noreferrer noopener nofollow\">hier<\/a><\/li>\n<\/ul>\n<p><strong>e-Kart-Bahn Mainfranken Motordrom<\/strong><\/p>\n<p>Schneller und leiser als mit herk\u00f6mmlichen Go-Karts flitzt Ihr mit Eurem Elektro-Kart gekonnt um die Kurven. Hier hei\u00dft es n\u00e4mlich \u201eRennen im Blut statt Benzin in der Nase\u201c. Tretet auf\u00b4s Gaspedal und brettert \u00fcber die 330 Meter lange Rennstrecke.<\/p>\n<ul>\n<li>Di-Fr: 13-21 Uhr; Sa&amp;So: 11-21 Uhr<\/li>\n<li>Wo? Wilhelm-Wien-Stra\u00dfe 9, 97080 W\u00fcrzburg<\/li>\n<li>Weitere Infos gibts <a href=\"https:\/\/www.ekart-center.de\/\" target=\"_blank\" rel=\"noreferrer noopener nofollow\">hier<\/a><\/li>\n<\/ul>\n<p><strong>Bambini Kinderwelt<\/strong><\/p>\n<p>Bayerns gr\u00f6\u00dfter Indoor-Spielplatz<\/p>\n<ul>\n<li>Di-Fr: 13-19 Uhr; Sa&amp;So: 11-19 Uhr<\/li>\n<li>Wo? Mainfrankenpark 45, 97337 Dettelbach<\/li>\n<li>Mehr Infos gibts <a href=\"https:\/\/www.bambini-wuerzburg.de\/home\/willkommen\" target=\"_blank\" rel=\"noreferrer noopener nofollow\">hier<\/a><\/li>\n<\/ul>\n<p><strong>Bowling<\/strong><\/p>\n<ul>\n<li>Bowling am Heuchelhof<\/li>\n<li>Extreme Bowling Arena Mainfrankenpark<\/li>\n<li>Maschys Midnight Bowling Center<\/li>\n<li>Bowling Center Rottendorf<\/li>\n<\/ul>\n","protected":false},"excerpt":{"rendered":"Foto: pixabay.com WVV Marathon W\u00fcrzburg Zwei Runden durch die Innenstadt, vorbei an W\u00fcrzburgs sch\u00f6nsten Sehensw\u00fcrdigkeiten, stimmungsvolle Zuschauer an&hellip;\n","protected":false},"author":2,"featured_media":133943,"comment_status":"","ping_status":"","sticky":false,"template":"","format":"standard","meta":{"footnotes":""},"categories":[1772],"tags":[29,214,30,1779,810,2506,215],"class_list":{"0":"post-133942","1":"post","2":"type-post","3":"status-publish","4":"format-standard","5":"has-post-thumbnail","7":"category-musik","8":"tag-deutschland","9":"tag-entertainment","10":"tag-germany","11":"tag-music","12":"tag-musik","13":"tag-radio-radio-gong-wuerzburg-heimvorteil-musik","14":"tag-unterhaltung"},"share_on_mastodon":{"url":"https:\/\/pubeurope.com\/@de\/114558523349847206","error":""},"_links":{"self":[{"href":"https:\/\/www.europesays.com\/de\/wp-json\/wp\/v2\/posts\/133942","targetHints":{"allow":["GET"]}}],"collection":[{"href":"https:\/\/www.europesays.com\/de\/wp-json\/wp\/v2\/posts"}],"about":[{"href":"https:\/\/www.europesays.com\/de\/wp-json\/wp\/v2\/types\/post"}],"author":[{"embeddable":true,"href":"https:\/\/www.europesays.com\/de\/wp-json\/wp\/v2\/users\/2"}],"replies":[{"embeddable":true,"href":"https:\/\/www.europesays.com\/de\/wp-json\/wp\/v2\/comments?post=133942"}],"version-history":[{"count":0,"href":"https:\/\/www.europesays.com\/de\/wp-json\/wp\/v2\/posts\/133942\/revisions"}],"wp:featuredmedia":[{"embeddable":true,"href":"https:\/\/www.europesays.com\/de\/wp-json\/wp\/v2\/media\/133943"}],"wp:attachment":[{"href":"https:\/\/www.europesays.com\/de\/wp-json\/wp\/v2\/media?parent=133942"}],"wp:term":[{"taxonomy":"category","embeddable":true,"href":"https:\/\/www.europesays.com\/de\/wp-json\/wp\/v2\/categories?post=133942"},{"taxonomy":"post_tag","embeddable":true,"href":"https:\/\/www.europesays.com\/de\/wp-json\/wp\/v2\/tags?post=133942"}],"curies":[{"name":"wp","href":"https:\/\/api.w.org\/{rel}","templated":true}]}}