{"id":134106,"date":"2025-05-23T19:45:14","date_gmt":"2025-05-23T19:45:14","guid":{"rendered":"https:\/\/www.europesays.com\/de\/134106\/"},"modified":"2025-05-23T19:45:14","modified_gmt":"2025-05-23T19:45:14","slug":"e-mails-belasten-afd-abgeordneten-offenbar-schwer","status":"publish","type":"post","link":"https:\/\/www.europesays.com\/de\/134106\/","title":{"rendered":"E-Mails belasten AfD-Abgeordneten offenbar schwer"},"content":{"rendered":"<p class=\"tspB0lt tspB0lu\">In E-Mails, die der AfD-Abgeordnete Matthias Helferich vor etwa zehn Jahren geschrieben haben soll, zeigt sich sein rechtsextremes Weltbild, <a href=\"https:\/\/www.spiegel.de\/politik\/deutschland\/matthias-helferich-e-mails-ueber-rassenlehre-und-gewaltfantasien-belasten-afd-abgeordneten-a-4c2dc2b0-cd5a-4300-8ef3-cf1562561232\" target=\"_blank\" rel=\"noopener nofollow\" class=\"link link--external\" data-gtm-class=\"article-text-link\" data-gtm-val=\"external\" aria-describedby=\"message-target-blank\">berichtet der \u201eSpiegel\u201c.<\/a> Demnach sei seine Selbstbezeichnung in privaten Chats aus den Jahren 2016 und 2017 als \u201edas freundliche Gesicht des NS\u201c kein Ausrutscher.<\/p>\n<p class=\"tspB0lt\">In den Nachrichten, die Helferich zwischen 2014 und 2016 zu seiner Zeit in der Bonner Burschenschaft Frankonia\u00a0geschrieben haben soll, habe er einem anderen Verbindungsmitglied unter anderem ein Buch zur Psychologie der Massen emphohlen, \u201ewelches schon Goebbels anleitete\u201c. <\/p>\n<p><a href=\"https:\/\/abo.tagesspiegel.de\/tagesspiegel-app?icid=single-topic_13746754___\" data-gtm-class=\"article-mzt-link\" class=\"tspB7mh\" rel=\"nofollow noopener\" target=\"_blank\">Die Tagesspiegel-App Aktuelle Nachrichten, Hintergr\u00fcnde und Analysen direkt auf Ihr Smartphone. Dazu die digitale Zeitung. Hier gratis herunterladen.  <\/a><\/p>\n<p class=\"tspB0lt\">Eine weitere Mail habe Helferich mit \u201eHeilchen\u201c begonnen und \u201eDu hast noch meine gesamte Rassenkunde-Literatur, du j\u00fcdischer Langfinger\u201c geschrieben, wie der \u201eSpiegel\u201c aus der angeblichen Korrespondenz des heutigen AfD-Abgeordneten zitiert.<\/p>\n<p class=\"tspB0lt\">Zudem habe Helferich in einer Nachricht das N-Wort benutzt und dieser Menschengruppe eine genetische Veranlagung zur kriminellen Lebensweise unterstellt. Eine weitere E-Mail soll er mit den Worten beendet haben, er bevorzuge die Anrede \u201eHolocaustleugner_In\u201c.<\/p>\n<p class=\"tspTel\">Empfohlener redaktioneller Inhalt<\/p>\n<p> An dieser Stelle finden Sie einen von unseren Redakteuren ausgew\u00e4hlten, externen Inhalt, der den Artikel f\u00fcr Sie mit zus\u00e4tzlichen Informationen anreichert. Sie k\u00f6nnen sich hier den externen Inhalt mit einem Klick anzeigen lassen oder wieder ausblenden. <\/p>\n<p> Externen Inhalt anzeigen <\/p>\n<p class=\"tspTer\"> Ich bin damit einverstanden, dass mir der externe Inhalt angezeigt wird. Damit k\u00f6nnen personenbezogene Daten an Drittplattformen \u00fcbermittelt werden.  Mehr Informationen dazu erhalten Sie in den Datenschutz-Einstellungen. Diese finden Sie ganz unten auf unserer Seite im Footer, sodass Sie Ihre Einstellungen jederzeit verwalten oder widerrufen k\u00f6nnen. <\/p>\n<p class=\"tspB0lt\">Wie der \u201eSpiegel\u201c weiter schreibt, habe Helferich in seinen Nachrichten auch Gewaltfantasien beschrieben. Im November 2015 soll der heutige AfD-Abgeordnete etwa gereimt haben: \u201eAdvent, Advent, ein Asylantenheim brennt. Erst eins, dann zwei, dann drei, dann vier, dann steht der Helferich vor der Reichstagst\u00fcr. Und wenn das F\u00fcnfte brennt, hast du die Revolution verpennt!\u201c<\/p>\n<p class=\"tspB0lt\">Helferich habe auf Anfrage des \u201eSpiegels\u201c abgestritten, die E-Mails \u201everfasst oder versendet\u201c zu haben. Die Sprachstile w\u00fcrden seinem Sprachduktus nicht \u00e4hneln. Vielmehr behauptete Helferich m\u00f6glicherweiese Opfer eines mutma\u00dflichen Hackerangriffs, den auch ein weiteres damaliges Verbindungsmitglied betroffen habe, geworden zu sein.<\/p>\n<p> Mehr zur AfD <a href=\"https:\/\/www.tagesspiegel.de\/potsdam\/brandenburg\/die-brandmauer-schwankt-nur-weil-die-afd-zu-wenig-abgeordnete-mobilisieren-kann-scheitert-einer-ihrer-antrage-13732459.html?icid=topic-list_13746754___\" data-gtm-class=\"article-mzt-link\" class=\"tspB7mh\" rel=\"nofollow noopener\" target=\"_blank\">Die Brandmauer schwankt Nur weil die AfD zu wenig Abgeordnete mobilisieren kann, scheitert einer ihrer Antr\u00e4ge <\/a><a href=\"https:\/\/www.tagesspiegel.de\/berlin\/afd-grossspender-ruft-zur-querdenken-demo-auf-verschworungsglaubige-und-afd-politiker-mobilisieren-nach-berlin-13730047.html?icid=topic-list_13746754___\" data-gtm-class=\"article-mzt-link\" class=\"tspB7mh\" rel=\"nofollow noopener\" target=\"_blank\">AfD-Gro\u00dfspender ruft zur Querdenken-Demo auf Verschw\u00f6rungsgl\u00e4ubige und AfD-Politiker mobilisieren nach Berlin <\/a><a href=\"https:\/\/www.tagesspiegel.de\/politik\/afd-abgeordnete-fallen-als-vorsitzende-in-bundestagsausschussen-durch-13729594.html?icid=topic-list_13746754___\" data-gtm-class=\"article-mzt-link\" class=\"tspB7mh\" rel=\"nofollow noopener\" target=\"_blank\">Mehrheit wie erwartet verfehlt AfD-Abgeordnete fallen als Vorsitzende in Bundestagsaussch\u00fcssen durch <\/a><\/p>\n<p class=\"tspB0lt\">Helferich war im Herbst 2021 \u00fcber die NRW-Landesliste der AfD in den Bundestag gekommen, durfte bisher aber nicht Teil der Fraktion sein. Jetzt ist er es. <\/p>\n<p class=\"tspB0lt\">Gegen Helferich l\u00e4uft auch ein Parteiausschlussverfahren, das die NRW-AfD im vergangenen Jahr angestrengt hatte. In einem Antrag an das Landesschiedsgericht der Partei hie\u00df es damals, Helferich habe \u201edie Au\u00dferlandesbringung von deutschen Staatsb\u00fcrgern mit Migrationshintergrund und weiteren Personenkategorien unter Anwendung staatlicher Zwangsmittel als politische Zielsetzung artikuliert\u201c. Dabei habe er die Betroffenen als \u201eViecher\u201c bezeichnet. (Tsp\/dpa)<\/p>\n","protected":false},"excerpt":{"rendered":"In E-Mails, die der AfD-Abgeordnete Matthias Helferich vor etwa zehn Jahren geschrieben haben soll, zeigt sich sein rechtsextremes&hellip;\n","protected":false},"author":2,"featured_media":134107,"comment_status":"","ping_status":"","sticky":false,"template":"","format":"standard","meta":{"footnotes":""},"categories":[2],"tags":[186,29,30,13,14,15,12,10,8,9,11],"class_list":{"0":"post-134106","1":"post","2":"type-post","3":"status-publish","4":"format-standard","5":"has-post-thumbnail","7":"category-deutschland","8":"tag-afd","9":"tag-deutschland","10":"tag-germany","11":"tag-headlines","12":"tag-nachrichten","13":"tag-news","14":"tag-schlagzeilen","15":"tag-top-news","16":"tag-top-meldungen","17":"tag-topmeldungen","18":"tag-topnews"},"share_on_mastodon":{"url":"https:\/\/pubeurope.com\/@de\/114558869440518551","error":""},"_links":{"self":[{"href":"https:\/\/www.europesays.com\/de\/wp-json\/wp\/v2\/posts\/134106","targetHints":{"allow":["GET"]}}],"collection":[{"href":"https:\/\/www.europesays.com\/de\/wp-json\/wp\/v2\/posts"}],"about":[{"href":"https:\/\/www.europesays.com\/de\/wp-json\/wp\/v2\/types\/post"}],"author":[{"embeddable":true,"href":"https:\/\/www.europesays.com\/de\/wp-json\/wp\/v2\/users\/2"}],"replies":[{"embeddable":true,"href":"https:\/\/www.europesays.com\/de\/wp-json\/wp\/v2\/comments?post=134106"}],"version-history":[{"count":0,"href":"https:\/\/www.europesays.com\/de\/wp-json\/wp\/v2\/posts\/134106\/revisions"}],"wp:featuredmedia":[{"embeddable":true,"href":"https:\/\/www.europesays.com\/de\/wp-json\/wp\/v2\/media\/134107"}],"wp:attachment":[{"href":"https:\/\/www.europesays.com\/de\/wp-json\/wp\/v2\/media?parent=134106"}],"wp:term":[{"taxonomy":"category","embeddable":true,"href":"https:\/\/www.europesays.com\/de\/wp-json\/wp\/v2\/categories?post=134106"},{"taxonomy":"post_tag","embeddable":true,"href":"https:\/\/www.europesays.com\/de\/wp-json\/wp\/v2\/tags?post=134106"}],"curies":[{"name":"wp","href":"https:\/\/api.w.org\/{rel}","templated":true}]}}