{"id":134210,"date":"2025-05-23T20:41:09","date_gmt":"2025-05-23T20:41:09","guid":{"rendered":"https:\/\/www.europesays.com\/de\/134210\/"},"modified":"2025-05-23T20:41:09","modified_gmt":"2025-05-23T20:41:09","slug":"huerth-grosser-feuerwehreinsatz-rund-um-den-otto-maigler-see","status":"publish","type":"post","link":"https:\/\/www.europesays.com\/de\/134210\/","title":{"rendered":"H\u00fcrth: Gro\u00dfer Feuerwehreinsatz rund um den Otto-Maigler-See"},"content":{"rendered":"<p class=\"small date article__date\">Ver\u00f6ffentlicht:\u00a0Freitag, 23.05.2025 19:15<\/p>\n<p>Aktuell l\u00e4uft ein gro\u00dfer Feuerwehreinsatz rund um den Otto-Maigler-See in H\u00fcrth. Im Waldgebiet rund um den See haben sich am Freitagabend gleich AN mehreren Stellen Feuer entwickelt.<\/p>\n<p><img decoding=\"async\" alt=\"\" src=\"https:\/\/www.europesays.com\/de\/wp-content\/uploads\/2025\/05\/img_5752.jpg&#038;crop=0x247x4242x2651&#038;resize=1280x799&#038;dt=202410041337050.jpeg\" data-size=\"1280x799\"\/>\u00a9 Radio Erft \/ Symbolbild<\/p>\n<p>+++ UPDATE 20:30 Uhr +++<\/p>\n<p>Die Feuerwehr konnte die Br\u00e4nde etwas eind\u00e4mmen. Das Waldgebiet soll weiter gemieden werden. Anwohner k\u00f6nnen ihre Fenster und T\u00fcren aber wieder ohne Bedenken \u00f6ffnen, hei\u00dft es von der Feuerwehr.<\/p>\n<p>+++ URSPRUNGSMELDUNG Uhr +++<\/p>\n<p>Insgesamt ist ein Waldgebiet von 2,5 Hektar betroffen. Laut der Feuerwehr H\u00fcrth gibt es dort im Moment mehrere Brandnester. Deswegen ist der gesamte Bereich rund um den Otto-Maigler-See gesperrt. Die Feuerwehr geht davon aus, dass sie noch mindestens drei bis vier Stunden dort im Einsatz sein wird. Sie erkunden das gesamte Gebiet jetzt mit einer W\u00e4rmebilddrohne und zu Fu\u00df. Es sind rund 100 Einsatzkr\u00e4fte aus Frechen, Kerpen und H\u00fcrth vor Ort. Die Feuerwehr bittet alle darum, das Waldgebiet zu meiden und nicht zu betreten. Au\u00dferdem sollen die Anwohner, wegen der Rauchentwicklung, Fenster und T\u00fcren geschlossen halten. (Stand19:30 Uhr)<\/p>\n","protected":false},"excerpt":{"rendered":"Ver\u00f6ffentlicht:\u00a0Freitag, 23.05.2025 19:15 Aktuell l\u00e4uft ein gro\u00dfer Feuerwehreinsatz rund um den Otto-Maigler-See in H\u00fcrth. Im Waldgebiet rund um&hellip;\n","protected":false},"author":2,"featured_media":134211,"comment_status":"","ping_status":"","sticky":false,"template":"","format":"standard","meta":{"footnotes":""},"categories":[1828],"tags":[49544,49545,29,30,1420,1209],"class_list":{"0":"post-134210","1":"post","2":"type-post","3":"status-publish","4":"format-standard","5":"has-post-thumbnail","7":"category-koeln","8":"tag-hrth","9":"tag-rek-alle","10":"tag-deutschland","11":"tag-germany","12":"tag-koeln","13":"tag-nordrhein-westfalen"},"share_on_mastodon":{"url":"https:\/\/pubeurope.com\/@de\/114559089584710149","error":""},"_links":{"self":[{"href":"https:\/\/www.europesays.com\/de\/wp-json\/wp\/v2\/posts\/134210","targetHints":{"allow":["GET"]}}],"collection":[{"href":"https:\/\/www.europesays.com\/de\/wp-json\/wp\/v2\/posts"}],"about":[{"href":"https:\/\/www.europesays.com\/de\/wp-json\/wp\/v2\/types\/post"}],"author":[{"embeddable":true,"href":"https:\/\/www.europesays.com\/de\/wp-json\/wp\/v2\/users\/2"}],"replies":[{"embeddable":true,"href":"https:\/\/www.europesays.com\/de\/wp-json\/wp\/v2\/comments?post=134210"}],"version-history":[{"count":0,"href":"https:\/\/www.europesays.com\/de\/wp-json\/wp\/v2\/posts\/134210\/revisions"}],"wp:featuredmedia":[{"embeddable":true,"href":"https:\/\/www.europesays.com\/de\/wp-json\/wp\/v2\/media\/134211"}],"wp:attachment":[{"href":"https:\/\/www.europesays.com\/de\/wp-json\/wp\/v2\/media?parent=134210"}],"wp:term":[{"taxonomy":"category","embeddable":true,"href":"https:\/\/www.europesays.com\/de\/wp-json\/wp\/v2\/categories?post=134210"},{"taxonomy":"post_tag","embeddable":true,"href":"https:\/\/www.europesays.com\/de\/wp-json\/wp\/v2\/tags?post=134210"}],"curies":[{"name":"wp","href":"https:\/\/api.w.org\/{rel}","templated":true}]}}