{"id":134275,"date":"2025-05-23T21:15:13","date_gmt":"2025-05-23T21:15:13","guid":{"rendered":"https:\/\/www.europesays.com\/de\/134275\/"},"modified":"2025-05-23T21:15:13","modified_gmt":"2025-05-23T21:15:13","slug":"bundesliga-augsburg-feuert-trainer-und-sportdirektor-sandro-wagner-als-nachfolger-fussball","status":"publish","type":"post","link":"https:\/\/www.europesays.com\/de\/134275\/","title":{"rendered":"Bundesliga: Augsburg feuert Trainer und Sportdirektor! Sandro Wagner als Nachfolger? | Fu\u00dfball"},"content":{"rendered":"<p><b>Beben in der F\u00fchrungsetage des FC Augsburg!<\/b><\/p>\n<p>Wie BILD bereits am Donnerstag meldete, standen Trainer Jess Thorup (55) und Sportdirektor Marinko Jurendic (47) intern zur Diskussion.<\/p>\n<p><b>Jetzt ist es offiziell: Der Verein trennt sich von beiden. Dieses Ergebnis geht aus den am Freitag beendeten Analyse-Gespr\u00e4chen hervor.<\/b><\/p>\n<p>Lesen Sie auch<\/p>\n<p><b>Warum endet die Zeit von Thorup? <\/b><\/p>\n<p>In Augsburg gab es eine gro\u00dfe Unzufriedenheit \u00fcber den Spielstil des D\u00e4nen. Zu unattraktiv, nur destruktiv. Am Saisonende brach der FCA wie im Jahr zuvor komplett ein, verspielte leichtfertig die Qualifikation f\u00fcrs internationale Gesch\u00e4ft.<\/p>\n<p><b>Auch zahlreiche Statistiken bieten Anlass zur Sorge: die drittwenigsten Tore aller <\/b><a href=\"https:\/\/sportbild.bild.de\/bundesliga\/startseite\/1-bundesliga\/home-33207854.sport.html\" class=\"text-link\" target=\"_blank\" rel=\"noopener\"><b>Erstliga<\/b><\/a><b>-Teams (35), die wenigsten Sprints, der schlechteste xG-Wert der Liga. In der Formtabelle der letzten acht Spiele ist der FCA auf Platz 18. Zudem ergab die interne Analyse: Die eigentlichen FCA-Tugenden wie Laufbereitschaft oder Intensit\u00e4t sind viel zu wenig vorhanden. Besorgniserregend!<\/b><\/p>\n<p>Schon bei der Saison-Abschlussfeier nach der 1:2-Niederlage gegen Union Berlin soll die Stimmung schlecht gewesen sein. Thorup und Jurendic ahnten da bereits, dass es eng wird. <\/p>\n<p>Ob das den Bayern gef\u00e4llt?: V\u00f6llers Transfer-Tipp f\u00fcr Wirtz<a href=\"https:\/\/sportbild.bild.de\/fussball\/internationaler-fussball\/ob-das-den-bayern-gefaellt-voellers-transfer-tipp-fuer-wirtz-68307cff7114e657db10fbe4\" class=\"anchor\" target=\"_blank\" rel=\"noopener\"><img decoding=\"async\" width=\"992\" height=\"558\" alt=\"Teaser-Bild\" src=\"https:\/\/www.europesays.com\/de\/wp-content\/uploads\/2025\/05\/4f76a192107e79cced06eab21e7fe7c1,e90da5b7\"   class=\"landscape teaser__image\" loading=\"lazy\"\/><\/a><\/p>\n<p>Quelle: MagentaTV23.05.2025<\/p>\n<p>F\u00fcr Augsburg und Gesch\u00e4ftsf\u00fchrer Michael Str\u00f6ll (40), der im Hintergrund alle F\u00e4den zieht, ist der Wechsel auf den Schl\u00fcsselpositionen ein Risiko \u2013 und gleichzeitig eine mutige Entscheidung! <\/p>\n<p><b>Denn Top-Kandidat und absoluter Wunsch-Trainer als Nachfolger ist Sandro Wagner (37). <\/b><\/p>\n<p>Der aktuelle Co-Trainer der <a href=\"https:\/\/sportbild.bild.de\/fussball\/nationalmannschaft\/nationalmannschaft\/home-33309482.sport.html\" class=\"text-link\" target=\"_blank\" rel=\"noopener\">Nationalmannschaft<\/a> hat verschiedene Optionen, Augsburg ist aber die attraktivste: Seinem interessierten Ex-Verein Hoffenheim hat er bereits abgesagt. <\/p>\n<p><b>Wagner wohnt mit seiner Familie in Unterhaching, der Weg nach Augsburg w\u00e4re nicht weit. Augsburg arbeitet am Wagner-Coup!<\/b><\/p>\n<p><img decoding=\"async\" width=\"992\" height=\"661\" alt=\"Sandro Wagner (37) ist seit dem 11. September 2023 Co-Trainer der Nationalmannschaft\" src=\"https:\/\/www.europesays.com\/de\/wp-content\/uploads\/2025\/05\/60163eb940a8eddd9a897f7d7ec91821,f770239a\"   class=\"dynamic\" loading=\"lazy\"\/><\/p>\n<p class=\"fig__caption__text\">Sandro Wagner (37) ist seit dem 11. September 2023 Co-Trainer der Nationalmannschaft <\/p>\n<p>Foto: picture alliance \/ Bahho Kara\/Kirchner-Media<\/p>\n<p>Die Wagner-Verpflichtung w\u00e4re f\u00fcr den FCA ein Coup, der sich sportlich auszahlen soll. <\/p>\n<p><b>Der im Teamkreis beliebte Co-Trainer von Julian Nagelsmann (37) verl\u00e4sst den Verband nach dem Final-Four-Turnier im Juni auf eigenen Wunsch.<\/b><\/p>\n","protected":false},"excerpt":{"rendered":"Beben in der F\u00fchrungsetage des FC Augsburg! Wie BILD bereits am Donnerstag meldete, standen Trainer Jess Thorup (55)&hellip;\n","protected":false},"author":2,"featured_media":134276,"comment_status":"","ping_status":"","sticky":false,"template":"","format":"standard","meta":{"footnotes":""},"categories":[1846],"tags":[680,772,3364,29,481,538,548,663,3934,49571,30,13,14,15,12,45,5843,27444],"class_list":{"0":"post-134275","1":"post","2":"type-post","3":"status-publish","4":"format-standard","5":"has-post-thumbnail","7":"category-augsburg","8":"tag-augsburg","9":"tag-bayern","10":"tag-de","11":"tag-deutschland","12":"tag-dfb","13":"tag-erste-bundesliga","14":"tag-eu","15":"tag-europa","16":"tag-europe","17":"tag-fc-augsburg-1907","18":"tag-germany","19":"tag-headlines","20":"tag-nachrichten","21":"tag-news","22":"tag-schlagzeilen","23":"tag-texttospeech","24":"tag-trainer","25":"tag-wagner-sandro"},"share_on_mastodon":{"url":"https:\/\/pubeurope.com\/@de\/114559223317110020","error":""},"_links":{"self":[{"href":"https:\/\/www.europesays.com\/de\/wp-json\/wp\/v2\/posts\/134275","targetHints":{"allow":["GET"]}}],"collection":[{"href":"https:\/\/www.europesays.com\/de\/wp-json\/wp\/v2\/posts"}],"about":[{"href":"https:\/\/www.europesays.com\/de\/wp-json\/wp\/v2\/types\/post"}],"author":[{"embeddable":true,"href":"https:\/\/www.europesays.com\/de\/wp-json\/wp\/v2\/users\/2"}],"replies":[{"embeddable":true,"href":"https:\/\/www.europesays.com\/de\/wp-json\/wp\/v2\/comments?post=134275"}],"version-history":[{"count":0,"href":"https:\/\/www.europesays.com\/de\/wp-json\/wp\/v2\/posts\/134275\/revisions"}],"wp:featuredmedia":[{"embeddable":true,"href":"https:\/\/www.europesays.com\/de\/wp-json\/wp\/v2\/media\/134276"}],"wp:attachment":[{"href":"https:\/\/www.europesays.com\/de\/wp-json\/wp\/v2\/media?parent=134275"}],"wp:term":[{"taxonomy":"category","embeddable":true,"href":"https:\/\/www.europesays.com\/de\/wp-json\/wp\/v2\/categories?post=134275"},{"taxonomy":"post_tag","embeddable":true,"href":"https:\/\/www.europesays.com\/de\/wp-json\/wp\/v2\/tags?post=134275"}],"curies":[{"name":"wp","href":"https:\/\/api.w.org\/{rel}","templated":true}]}}