{"id":13443,"date":"2025-04-07T16:06:14","date_gmt":"2025-04-07T16:06:14","guid":{"rendered":"https:\/\/www.europesays.com\/de\/13443\/"},"modified":"2025-04-07T16:06:14","modified_gmt":"2025-04-07T16:06:14","slug":"bhc-dominiert-auch-das-spiel-in-dresden","status":"publish","type":"post","link":"https:\/\/www.europesays.com\/de\/13443\/","title":{"rendered":"BHC dominiert auch das Spiel in Dresden"},"content":{"rendered":"<p class=\"text_ohne_einzug richtext text-em-55 !leading-serif mx-6 desktop:mx-0\">Der Bergische HC ist auf dem Weg zur\u00fcck in die 1. Handball-Bundesliga. Auch beim HC Elbflorenz Dresden setzte sich der Zweitliga-Tabellenf\u00fchrer mit einer bemerkenswerten Abgekl\u00e4rtheit durch. \u201eHier regiert der BHC\u201d, skandierten mehr als 60 mitgereiste BHC-Fans, die ihr Team beim 30:22 (15:12) in der Ballsport-Arena feierten. Es war der neunte Sieg im neunten R\u00fcckrunden-Spiel.<\/p>\n","protected":false},"excerpt":{"rendered":"Der Bergische HC ist auf dem Weg zur\u00fcck in die 1. Handball-Bundesliga. Auch beim HC Elbflorenz Dresden setzte&hellip;\n","protected":false},"author":2,"featured_media":13444,"comment_status":"","ping_status":"","sticky":false,"template":"","format":"standard","meta":{"footnotes":""},"categories":[1835],"tags":[7827,6232,9504,9501,9500,3364,29,2386,7828,1002,30,9502,9503,859,7831],"class_list":{"0":"post-13443","1":"post","2":"type-post","3":"status-publish","4":"format-standard","5":"has-post-thumbnail","7":"category-dresden","8":"tag-7827","9":"tag-ball","10":"tag-ballsport","11":"tag-beyer","12":"tag-bhc","13":"tag-de","14":"tag-deutschland","15":"tag-dresden","16":"tag-elbflorenz","17":"tag-fans","18":"tag-germany","19":"tag-morante","20":"tag-neunte","21":"tag-sachsen","22":"tag-seesing"},"share_on_mastodon":{"url":"https:\/\/pubeurope.com\/@de\/114297542056770969","error":""},"_links":{"self":[{"href":"https:\/\/www.europesays.com\/de\/wp-json\/wp\/v2\/posts\/13443","targetHints":{"allow":["GET"]}}],"collection":[{"href":"https:\/\/www.europesays.com\/de\/wp-json\/wp\/v2\/posts"}],"about":[{"href":"https:\/\/www.europesays.com\/de\/wp-json\/wp\/v2\/types\/post"}],"author":[{"embeddable":true,"href":"https:\/\/www.europesays.com\/de\/wp-json\/wp\/v2\/users\/2"}],"replies":[{"embeddable":true,"href":"https:\/\/www.europesays.com\/de\/wp-json\/wp\/v2\/comments?post=13443"}],"version-history":[{"count":0,"href":"https:\/\/www.europesays.com\/de\/wp-json\/wp\/v2\/posts\/13443\/revisions"}],"wp:featuredmedia":[{"embeddable":true,"href":"https:\/\/www.europesays.com\/de\/wp-json\/wp\/v2\/media\/13444"}],"wp:attachment":[{"href":"https:\/\/www.europesays.com\/de\/wp-json\/wp\/v2\/media?parent=13443"}],"wp:term":[{"taxonomy":"category","embeddable":true,"href":"https:\/\/www.europesays.com\/de\/wp-json\/wp\/v2\/categories?post=13443"},{"taxonomy":"post_tag","embeddable":true,"href":"https:\/\/www.europesays.com\/de\/wp-json\/wp\/v2\/tags?post=13443"}],"curies":[{"name":"wp","href":"https:\/\/api.w.org\/{rel}","templated":true}]}}