{"id":134506,"date":"2025-05-23T23:24:17","date_gmt":"2025-05-23T23:24:17","guid":{"rendered":"https:\/\/www.europesays.com\/de\/134506\/"},"modified":"2025-05-23T23:24:17","modified_gmt":"2025-05-23T23:24:17","slug":"laut-medien-tah-wechselt-von-leverkusen-nach-muenchen","status":"publish","type":"post","link":"https:\/\/www.europesays.com\/de\/134506\/","title":{"rendered":"Laut Medien: Tah wechselt von Leverkusen nach M\u00fcnchen"},"content":{"rendered":"<p class=\"metatextline\">Stand: 23.05.2025 22:08 Uhr<\/p>\n<p class=\"textabsatz columns twelve  m-ten  m-offset-one l-eight l-offset-two\">\n        <strong><strong>Fu\u00dfball-Nationalspieler Jonathan Tah schlie\u00dft sich ab Sommer offenbar dem deutschen Rekordmeister Bayern M\u00fcnchen an. Zuvor spielte Tah zehn Jahre bei Bayer Leverkusen.<\/strong><\/strong>\n    <\/p>\n<p class=\"textabsatz m-ten m-offset-one l-eight l-offset-two columns twelve\">\nWie &#8222;kicker&#8220;, &#8222;Bild&#8220; und &#8222;Sky&#8220; am Freitagabend berichteten, habe sich der Abwehrspieler f\u00fcr einen Wechsel nach M\u00fcnchen entschieden. Da der Vertrag des 29-J\u00e4hrigen bei Bayer <a href=\"https:\/\/www1.wdr.de\/uebersicht-leverkusen-100.html\" title=\"Leverkusen\" class=\"textlink--extern\" target=\"_blank\" rel=\"noopener nofollow\">Leverkusen<\/a> im Juni ausl\u00e4uft, kann er abl\u00f6sefrei wechseln.\u00a0Bereits Ende April hatte Tah den Abschied aus Leverkusen best\u00e4tigt.<\/p>\n<ul class=\"buttongroup buttongroup--copytext\">\n<li class=\"buttongroup__item\">\n<p>    <a class=\"btn btn--text btn--standard-secondary btn--fullwidth\" href=\"https:\/\/www1.wdr.de\/sport\/fussball\/erste-bundesliga\/bayer-leverkusen-jonathan-tah-abschied-100.html\" rel=\"nofollow noopener\" target=\"_blank\"><br \/>\n        Abschied best\u00e4tigt: Tah verl\u00e4sst Leverkusen im Sommer<br \/>\n        Pfeil rechts<\/p>\n<p>    <\/a>\n<\/li>\n<\/ul>\n<p>    Tah schon bei der Klub-WM im Einsatz?<\/p>\n<p class=\"textabsatz m-ten m-offset-one l-eight l-offset-two columns twelve\">\nDer Transfer solle &#8222;zeitnah&#8220; \u00fcber die B\u00fchne gehen. Den Berichten zufolge erh\u00e4lt Tah bei den Bayern einen Vierjahresvertrag. Tah soll demnach bereits bei der Klub-WM (14. Juni bis 13. Juli) in den USA zum Einsatz kommen.<\/p>\n<ul class=\"buttongroup buttongroup--copytext\">\n<li class=\"buttongroup__item\">\n<p>    <a class=\"btn btn--text btn--standard-secondary btn--fullwidth\" href=\"https:\/\/www1.wdr.de\/sport\/fussball\/erste-bundesliga\/audio-leverkusens-tah---schmerzt-gerade-100.html\" rel=\"nofollow noopener\" target=\"_blank\"><br \/>\n        Leverkusens Tah &#8211; &#8222;Schmerzt gerade&#8220;<br \/>\n        Pfeil rechts<\/p>\n<p>    <\/a>\n<\/li>\n<\/ul>\n<p class=\"textabsatz m-ten m-offset-one l-eight l-offset-two columns twelve\">\nIm Vorjahr war ein Transfer des 35-maligen Nationalspielers nach M\u00fcnchen noch auf der Zielgeraden gescheitert. Auch der FC Barcelona mit Trainer Hansi Flick und Real Madrid, das k\u00fcnftig vom scheidenden Bayer-Coach Xabi Alonso trainiert werden d\u00fcrfte, wurden mit Tah in Verbindung gebracht.<\/p>\n<p class=\"textabsatz m-ten m-offset-one l-eight l-offset-two columns twelve\">\nBei Barca drohten wom\u00f6glich angesichts der Finanzen aber Schwierigkeiten bei der Registrierung, schon beim Wechsel von Dani Olmo aus Leipzig zu den Katalanen hatte es Probleme gegeben.<\/p>\n<p class=\"textabsatz m-ten m-offset-one l-eight l-offset-two columns twelve\">\nUnsere Quellen:<\/p>\n<ul class=\"bulletpoint-list \">\n<li>Nachrichtenagentur: SID<\/li>\n<li>Sky<\/li>\n<li>kicker<\/li>\n<li>Bild<\/li>\n<\/ul>\n<p>                                        <a class=\"backlink__link\" href=\"https:\/\/www1.wdr.de\/sport\/fussball\/erste-bundesliga\/bayer-leverkusen-jonathan-tah-112.html\" rel=\"nofollow noopener\" target=\"_blank\"><\/p>\n<p>                                                <img loading=\"lazy\" decoding=\"async\" alt=\"Westdeutscher Rundfunk\" src=\"https:\/\/www.europesays.com\/de\/wp-content\/uploads\/2025\/04\/1743744868_627_lra-wdr-logo-100.svg.svg+xml\" height=\"40\" width=\"40\"\/><\/p>\n<p>                                        <\/a><\/p>\n","protected":false},"excerpt":{"rendered":"Stand: 23.05.2025 22:08 Uhr Fu\u00dfball-Nationalspieler Jonathan Tah schlie\u00dft sich ab Sommer offenbar dem deutschen Rekordmeister Bayern M\u00fcnchen an.&hellip;\n","protected":false},"author":2,"featured_media":134507,"comment_status":"","ping_status":"","sticky":false,"template":"","format":"standard","meta":{"footnotes":""},"categories":[1827],"tags":[5622,772,299,29,347,30,1268,225],"class_list":{"0":"post-134506","1":"post","2":"type-post","3":"status-publish","4":"format-standard","5":"has-post-thumbnail","7":"category-muenchen","8":"tag-bayer-leverkusen","9":"tag-bayern","10":"tag-bundesliga","11":"tag-deutschland","12":"tag-fussball","13":"tag-germany","14":"tag-muenchen","15":"tag-wdr"},"share_on_mastodon":{"url":"https:\/\/pubeurope.com\/@de\/114559730546103276","error":""},"_links":{"self":[{"href":"https:\/\/www.europesays.com\/de\/wp-json\/wp\/v2\/posts\/134506","targetHints":{"allow":["GET"]}}],"collection":[{"href":"https:\/\/www.europesays.com\/de\/wp-json\/wp\/v2\/posts"}],"about":[{"href":"https:\/\/www.europesays.com\/de\/wp-json\/wp\/v2\/types\/post"}],"author":[{"embeddable":true,"href":"https:\/\/www.europesays.com\/de\/wp-json\/wp\/v2\/users\/2"}],"replies":[{"embeddable":true,"href":"https:\/\/www.europesays.com\/de\/wp-json\/wp\/v2\/comments?post=134506"}],"version-history":[{"count":0,"href":"https:\/\/www.europesays.com\/de\/wp-json\/wp\/v2\/posts\/134506\/revisions"}],"wp:featuredmedia":[{"embeddable":true,"href":"https:\/\/www.europesays.com\/de\/wp-json\/wp\/v2\/media\/134507"}],"wp:attachment":[{"href":"https:\/\/www.europesays.com\/de\/wp-json\/wp\/v2\/media?parent=134506"}],"wp:term":[{"taxonomy":"category","embeddable":true,"href":"https:\/\/www.europesays.com\/de\/wp-json\/wp\/v2\/categories?post=134506"},{"taxonomy":"post_tag","embeddable":true,"href":"https:\/\/www.europesays.com\/de\/wp-json\/wp\/v2\/tags?post=134506"}],"curies":[{"name":"wp","href":"https:\/\/api.w.org\/{rel}","templated":true}]}}