{"id":134721,"date":"2025-05-24T01:24:20","date_gmt":"2025-05-24T01:24:20","guid":{"rendered":"https:\/\/www.europesays.com\/de\/134721\/"},"modified":"2025-05-24T01:24:20","modified_gmt":"2025-05-24T01:24:20","slug":"seglervereinigung-wuppertal-laedt-zum-segel-wochenende-fuer-kinder-und-jugendliche-ein-blickfeld","status":"publish","type":"post","link":"https:\/\/www.europesays.com\/de\/134721\/","title":{"rendered":"Seglervereinigung Wuppertal l\u00e4dt zum Segel-Wochenende f\u00fcr Kinder und Jugendliche ein &#8211; blickfeld"},"content":{"rendered":"<p>\u201eZiel dieses Wochenendes ist das <strong>Erlernen des Segelsports<\/strong> und nat\u00fcrlich <strong>viel Spa\u00df<\/strong> zu haben\u201c, so der Verein, dessen <strong>Jugendvorsitzender Klaus Rosanowski<\/strong> erkl\u00e4rt, dass die Teilnahme an solchen <strong>Segel-Camps<\/strong> ab ca. acht Jahren m\u00f6glich ist.<\/p>\n<p>Segelverein auch offen f\u00fcr \u201eNicht\u201c-Vereinsmitglieder<\/p>\n<p>Ein <strong>ausgebildetes Team<\/strong> mit <strong>Segel-Trainern<\/strong> und <strong>p\u00e4dagogischen Fachkr\u00e4ften<\/strong> setzt das Programm <strong>inklusive \u00dcbernachtung<\/strong> um. Die Kinder und Jugendlichen k\u00f6nnen dabei in <strong>Zelten <\/strong>auf dem <strong>Club-Gel\u00e4nde<\/strong> schlafen. \u201e<strong>Abenteuer <\/strong>gibt es somit nicht nur auf dem Wasser, sondern auch an Land\u201c, versprechen die Verantwortlichen. Das vom 13. bis 15. Juni 2025 sattfindende <strong>Segel-Wochenende<\/strong> ist dabei auch f\u00fcr <strong>\u201eNicht\u201c-Vereinsmitglieder<\/strong> offen, damit diese den Sport ausprobieren k\u00f6nnen.<\/p>\n<p>Die <strong>SVWu <\/strong>bietet mehrere <strong>Veranstaltungen rund ums Segeln<\/strong> an. In den <strong>Sommerferien <\/strong>gibt es <strong>Feriensportprogramme <\/strong>und im <strong>Herbst <\/strong>ein <strong>zweites Segel-Wochenende<\/strong>. Weitere <strong>Details <\/strong>finden Interessierte \u00fcber die <strong>Veranstaltungskalender der St\u00e4dte H\u00fcckeswagen bzw. Wipperf\u00fcrth<\/strong> oder \u00fcber die <strong>Website des Vereins<\/strong>: <a href=\"https:\/\/www.svwu.de\/\" target=\"_blank\" rel=\"noreferrer noopener\">www.svwu.de<\/a> \u00bb<a href=\"https:\/\/www.blickfeld-wuppertal.de\/ueber-uns\/blickfeld-redaktion\" target=\"_blank\" rel=\"noopener\">red<\/a>\u00ab<\/p>\n","protected":false},"excerpt":{"rendered":"\u201eZiel dieses Wochenendes ist das Erlernen des Segelsports und nat\u00fcrlich viel Spa\u00df zu haben\u201c, so der Verein, dessen&hellip;\n","protected":false},"author":2,"featured_media":134722,"comment_status":"","ping_status":"","sticky":false,"template":"","format":"standard","meta":{"footnotes":""},"categories":[1840],"tags":[3364,29,2507,30,1209,16375,265,4418],"class_list":{"0":"post-134721","1":"post","2":"type-post","3":"status-publish","4":"format-standard","5":"has-post-thumbnail","7":"category-wuppertal","8":"tag-de","9":"tag-deutschland","10":"tag-freizeit","11":"tag-germany","12":"tag-nordrhein-westfalen","13":"tag-red","14":"tag-sport","15":"tag-wuppertal"},"share_on_mastodon":{"url":"https:\/\/pubeurope.com\/@de\/114560202500849026","error":""},"_links":{"self":[{"href":"https:\/\/www.europesays.com\/de\/wp-json\/wp\/v2\/posts\/134721","targetHints":{"allow":["GET"]}}],"collection":[{"href":"https:\/\/www.europesays.com\/de\/wp-json\/wp\/v2\/posts"}],"about":[{"href":"https:\/\/www.europesays.com\/de\/wp-json\/wp\/v2\/types\/post"}],"author":[{"embeddable":true,"href":"https:\/\/www.europesays.com\/de\/wp-json\/wp\/v2\/users\/2"}],"replies":[{"embeddable":true,"href":"https:\/\/www.europesays.com\/de\/wp-json\/wp\/v2\/comments?post=134721"}],"version-history":[{"count":0,"href":"https:\/\/www.europesays.com\/de\/wp-json\/wp\/v2\/posts\/134721\/revisions"}],"wp:featuredmedia":[{"embeddable":true,"href":"https:\/\/www.europesays.com\/de\/wp-json\/wp\/v2\/media\/134722"}],"wp:attachment":[{"href":"https:\/\/www.europesays.com\/de\/wp-json\/wp\/v2\/media?parent=134721"}],"wp:term":[{"taxonomy":"category","embeddable":true,"href":"https:\/\/www.europesays.com\/de\/wp-json\/wp\/v2\/categories?post=134721"},{"taxonomy":"post_tag","embeddable":true,"href":"https:\/\/www.europesays.com\/de\/wp-json\/wp\/v2\/tags?post=134721"}],"curies":[{"name":"wp","href":"https:\/\/api.w.org\/{rel}","templated":true}]}}