{"id":134750,"date":"2025-05-24T01:39:21","date_gmt":"2025-05-24T01:39:21","guid":{"rendered":"https:\/\/www.europesays.com\/de\/134750\/"},"modified":"2025-05-24T01:39:21","modified_gmt":"2025-05-24T01:39:21","slug":"polizei-und-dekra-haben-kinder-im-blick","status":"publish","type":"post","link":"https:\/\/www.europesays.com\/de\/134750\/","title":{"rendered":"Polizei und Dekra haben \u201eKinder im Blick\u201c"},"content":{"rendered":"<p class=\"text_ohne_einzug richtext text-em-55 !leading-serif mx-6 desktop:mx-0\">  Um Kinder im Stra\u00dfenverkehr geht es bei einer Veranstaltung der Kreispolizei <a href=\"https:\/\/rp-online.de\/thema\/wesel\/\" target=\"_blank\" rel=\"noopener\">Wesel<\/a> am Dienstag, 3. Juni, von zehn bis 16 Uhr in <a href=\"https:\/\/rp-online.de\/thema\/moers\/\" target=\"_blank\" rel=\"noopener\">Moers<\/a>. Gemeinsam mit der Dekra Moers will die Dienststelle Verkehrspr\u00e4vention der Kreispolizeibeh\u00f6rde auf die besonderen Gefahren f\u00fcr Kinder im Stra\u00dfenverkehr aufmerksam machen. Ort der Aktion ist der K\u00f6nigliche Hof (Homberger Stra\u00dfe 4) im Stadtzentrum. Die Kreispolizei beteiligt sich damit an einer landesweiten Polizeiaktion unter dem Motto \u201eKinder im Blick\u201c.<\/p>\n","protected":false},"excerpt":{"rendered":"Um Kinder im Stra\u00dfenverkehr geht es bei einer Veranstaltung der Kreispolizei Wesel am Dienstag, 3. Juni, von zehn&hellip;\n","protected":false},"author":2,"featured_media":134751,"comment_status":"","ping_status":"","sticky":false,"template":"","format":"standard","meta":{"footnotes":""},"categories":[1838],"tags":[8270,3807,513,22240,5241,3364,13464,29,3715,30,24552,49650,1209,524,634,3699],"class_list":{"0":"post-134750","1":"post","2":"type-post","3":"status-publish","4":"format-standard","5":"has-post-thumbnail","7":"category-duisburg","8":"tag-kreispolizei","9":"tag-moers","10":"tag-auto","11":"tag-besonderen","12":"tag-blick","13":"tag-de","14":"tag-dekra","15":"tag-deutschland","16":"tag-duisburg","17":"tag-germany","18":"tag-kindern","19":"tag-kreispolizeibehoerde","20":"tag-nordrhein-westfalen","21":"tag-strasse","22":"tag-strassenverkehr","23":"tag-veranstaltung"},"share_on_mastodon":{"url":"https:\/\/pubeurope.com\/@de\/114560261524340430","error":""},"_links":{"self":[{"href":"https:\/\/www.europesays.com\/de\/wp-json\/wp\/v2\/posts\/134750","targetHints":{"allow":["GET"]}}],"collection":[{"href":"https:\/\/www.europesays.com\/de\/wp-json\/wp\/v2\/posts"}],"about":[{"href":"https:\/\/www.europesays.com\/de\/wp-json\/wp\/v2\/types\/post"}],"author":[{"embeddable":true,"href":"https:\/\/www.europesays.com\/de\/wp-json\/wp\/v2\/users\/2"}],"replies":[{"embeddable":true,"href":"https:\/\/www.europesays.com\/de\/wp-json\/wp\/v2\/comments?post=134750"}],"version-history":[{"count":0,"href":"https:\/\/www.europesays.com\/de\/wp-json\/wp\/v2\/posts\/134750\/revisions"}],"wp:featuredmedia":[{"embeddable":true,"href":"https:\/\/www.europesays.com\/de\/wp-json\/wp\/v2\/media\/134751"}],"wp:attachment":[{"href":"https:\/\/www.europesays.com\/de\/wp-json\/wp\/v2\/media?parent=134750"}],"wp:term":[{"taxonomy":"category","embeddable":true,"href":"https:\/\/www.europesays.com\/de\/wp-json\/wp\/v2\/categories?post=134750"},{"taxonomy":"post_tag","embeddable":true,"href":"https:\/\/www.europesays.com\/de\/wp-json\/wp\/v2\/tags?post=134750"}],"curies":[{"name":"wp","href":"https:\/\/api.w.org\/{rel}","templated":true}]}}