{"id":134781,"date":"2025-05-24T01:55:21","date_gmt":"2025-05-24T01:55:21","guid":{"rendered":"https:\/\/www.europesays.com\/de\/134781\/"},"modified":"2025-05-24T01:55:21","modified_gmt":"2025-05-24T01:55:21","slug":"prozess-in-duesseldorf-was-dem-attentaeter-jetzt-droht","status":"publish","type":"post","link":"https:\/\/www.europesays.com\/de\/134781\/","title":{"rendered":"Prozess in D\u00fcsseldorf \u2013 Was dem Attent\u00e4ter jetzt droht"},"content":{"rendered":"<p>Anschlag mit drei Toten <\/p>\n<p>Prozess in D\u00fcsseldorf: Was dem Solingen-Attent\u00e4ter droht<\/p>\n<p>Aktualisiert am 23.05.2025 &#8211; 15:58 UhrLesedauer: 3 Min.<\/p>\n<p><a href=\"#focus-0\" class=\"transition-colors duration-200 focus-within:text-magenta block text-current relative\" data-sctrack=\"FocusGalleryImage.Reference\"><img fetchpriority=\"high\" data-testid=\"Opener.Image\" style=\"--lqipURL:url('https:\/\/images.t-online.de\/2025\/05\/Feg9wcMUU3r1\/0x411:4000x2250\/fit-in\/150x0\/filters:blur(25)\/passanten-legen-auf-dem-kirchplatz-am-sonntag-25-august-2024-vor-der-evangelischen-stadtkirche-in-solingen-blumen-nieder.jpg')\"   loading=\"eager\" src=\"https:\/\/www.europesays.com\/de\/wp-content\/uploads\/2025\/05\/passanten-legen-auf-dem-kirchplatz-am-sonntag-25-august-2024-vor-der-evangelischen-stadtkirche-in-so.jpeg\" alt=\"imago779354931\" title=\"imago779354931\" width=\"4000\" height=\"2250\" class=\"bg-[url:var(--lqipURL)] bg-cover bg-center flex w-full max-w-full h-full\" decoding=\"async\"\/><img style=\"--width:32;--height:32\" loading=\"lazy\" src=\"https:\/\/www.europesays.com\/de\/wp-content\/uploads\/2025\/05\/zoom-in.f7dae02f.svg.svg+xml\" alt=\"Vergr\u00f6\u00dfern des Bildes\" title=\"Vergr\u00f6\u00dfern des Bildes\" class=\"&#10;        block&#10;        h-[calc(var(--height)_\/_16_*_1rem)]&#10;        w-[calc(var(--width)_\/_16_*_1rem)]&#10;        max-w-none&#10;        absolute bottom-8 right-8 rounded-4 bg-snow p-8\" decoding=\"async\"\/><\/a><\/p>\n<p>Passanten legten nach dem Anschlag auf dem Kirchplatz Blumen nieder (Archivbild): Nun startet in D\u00fcsseldorf der Prozess. (Quelle: Andr\u00e9 Hirtz\/imago-images-bilder)<\/p>\n<p>Vorlesen<a rel=\"nofollow noopener\" target=\"_blank\" class=\"transition-colors duration-200 cursor-pointer text-inherit no-underline text-black bg-whitelilac rounded-8 grid items-center group py-[6px] px-8 text-12 hover:bg-magenta hover:text-whitelilac gap-8 grid-cols-[min-content_34px] hover:dark:text-salemsfur\" href=\"https:\/\/news.google.com\/publications\/CAAqBwgKMNbAtwsw49vOAw\" aria-label=\"Auf Google News folgen\">News folgen<\/a><img style=\"--width:16;--height:16\" loading=\"lazy\" src=\"https:\/\/www.europesays.com\/de\/wp-content\/uploads\/2025\/04\/sharing-menu-icon.1eb71368.svg.svg+xml\" alt=\"Teilen Menu auf machen\" title=\"Teilen Menu auf machen\" class=\"&#10;        block&#10;        h-[calc(var(--height)_\/_16_*_1rem)]&#10;        w-[calc(var(--width)_\/_16_*_1rem)]&#10;        max-w-none&#10;        group-hover:invert group-hover:grayscale group-hover:contrast-200 dark:group-hover:invert dark:contrast-200 dark:grayscale dark:invert\" decoding=\"async\"\/>Artikel teilen<\/p>\n<p class=\"font-bold text-18 leading-17\">Auf dem &#8222;Festival der Vielfalt&#8220; w\u00fctet in Solingen ein Messerstecher. Kurz danach reklamiert die Terrorgruppe Islamischer Staat den Anschlag f\u00fcr sich. Nun beginnt in D\u00fcsseldorf der Strafprozess.<\/p>\n<p class=\"text-18 leading-17\">Es sollte ein rauschendes &#8222;Festival der Vielfalt&#8220; werden: Auf drei B\u00fchnen wollte die Stadt Solingen im vergangenen August ihr 650-j\u00e4hriges Bestehen feiern. 75.000 Menschen wurden an dem Wochenende erwartet. Doch schon am ersten Abend um 21.37 Uhr beginnt das Grauen, erste Schreie des Schmerzes und des Entsetzens. Kurz darauf wird das Fest abgebrochen.<\/p>\n<p class=\"text-18 leading-17\">Der Syrer Issa al H. (27) soll sich am 23. August 2024 mit Messern in die Menge geschlichen und vor einer der B\u00fchnen drei Besucher erstochen und versucht haben, zehn weitere zu ermorden. Bei den Todesopfern handelt es sich um zwei M\u00e4nner (56 und 67 Jahre alt) und eine Frau (56). Acht Menschen werden verletzt. Zwei Besucher verfehlt der Angreifer knapp, zerfetzt aber ihre Kleidung. Auch diese Attacken wertet die Bundesanwaltschaft als Mordversuche.<\/p>\n<p><a href=\"#focus-1\" class=\"transition-colors duration-200 focus-within:text-magenta block text-current relative\" data-sctrack=\"FocusGalleryImage.Reference\"><img   loading=\"lazy\" src=\"https:\/\/www.europesays.com\/de\/wp-content\/uploads\/2025\/05\/1748051721_667_image.jpg\" alt=\"imago images 0757093525\" title=\"imago images 0757093525\" width=\"4000\" height=\"2250\" class=\"w-full h-full max-w-full rounded-8\" decoding=\"async\"\/><img style=\"--width:32;--height:32\" loading=\"lazy\" src=\"https:\/\/www.europesays.com\/de\/wp-content\/uploads\/2025\/05\/zoom-in.f7dae02f.svg.svg+xml\" alt=\"Vergr\u00f6\u00dfern des Bildes\" title=\"Vergr\u00f6\u00dfern des Bildes\" class=\"&#10;        block&#10;        h-[calc(var(--height)_\/_16_*_1rem)]&#10;        w-[calc(var(--width)_\/_16_*_1rem)]&#10;        max-w-none&#10;        absolute bottom-8 right-8 rounded-4 bg-snow p-8\" decoding=\"async\"\/>Trauer in Solingen: Der damalige Bundeskanzler Olaf Scholz (Mitte) sprach seine Anteilnahme aus. (Quelle: Tim Oelbermann\/imago-images-bilder)<\/a><\/p>\n<p class=\"text-18 leading-17\">Am Dienstag (27. Mai) muss Issa al H. nach neun Monaten Untersuchungshaft im Hochsicherheitstrakt des D\u00fcsseldorfer Oberlandesgerichts auf die Anklagebank. Zwei Pflichtverteidiger wurden ihm zur Seite gestellt. Sie m\u00f6chten sich vor dem Prozess nicht zu den Tatvorw\u00fcrfen \u00e4u\u00dfern, die die Bundesanwaltschaft auf 95 Seiten ausf\u00fchrt.<\/p>\n<p class=\"text-18 leading-17\">Wenige Stunden vor der Tat soll der inzwischen 27-J\u00e4hrige der Terrorgruppe Islamischer Staat die Treue geschworen haben. Einen Tag sp\u00e4ter bekennt sich der IS zu der Attacke \u2013 das erste Bekenntnis dieser Art seit dem Anschlag auf den Berliner Weihnachtsmarkt 2016.<\/p>\n<p class=\"text-18 leading-17\">Auf der Gegenseite werden die Verteidiger es nicht nur mit der Bundesanwaltschaft zu tun bekommen, sondern auch mit einer Reihe von Nebenkl\u00e4gern. Der Solinger Rechtsanwalt Simon Rampp vertritt acht Betroffene \u2013 sowohl Verletzte als auch Angeh\u00f6rige von Todesopfern des Anschlags.<\/p>\n<p class=\"text-18 leading-17\">&#8222;Aus meiner Sicht ist die Beweislage erdr\u00fcckend. Die Ermittler haben extrem gute Arbeit geleistet&#8220;, sagt er. Lebenslange Haft, besondere Schwere der Schuld, Sicherungsverwahrung: Er werde sich f\u00fcr die H\u00f6chststrafe einsetzen, sollten sich die Vorw\u00fcrfe best\u00e4tigen. Es gehe als Nebenklage-Vertreter aber auch darum, den Opfern emotional beizustehen. Mit einer materiellen Entsch\u00e4digung k\u00f6nnten seine Mandanten nicht rechnen: &#8222;Schmerzensgeld wird bei ihm nicht zu holen sein&#8220;, sagt der Anwalt.<\/p>\n<p class=\"text-18 leading-17\">Die Bundesanwaltschaft hat den mutma\u00dflichen Attent\u00e4ter wegen dreifachen Mordes und zehnfachen versuchten Mordes angeklagt. Zudem wird ihm vorgeworfen, IS-Terrorist zu sein. Als radikaler Islamist habe Issa al H. eine m\u00f6glichst gro\u00dfe Anzahl aus seiner Sicht &#8222;Ungl\u00e4ubiger&#8220; t\u00f6ten wollen.<\/p>\n<p class=\"text-18 leading-17\">\u00dcber den Messenger-Dienst Telegram soll er vor der Tat in Kontakt zu einem IS-Mitglied gestanden und den Anschlag abgesprochen haben. Ihm soll er auch sein kurz vor dem Anschlag aufgenommenes Video geschickt haben, das der IS dann verbreitete.<\/p>\n<p class=\"text-18 leading-17\">Issa Al H. erstellte laut Anklage auch Videos, in denen er den Treueschwur des IS verlas und seine Tat ank\u00fcndigte. Die Videos \u00fcbermittelte er demzufolge am Tatabend des 23. August 2024 an den IS.<\/p>\n<p class=\"text-18 leading-17\">Wie der &#8222;Spiegel&#8220; berichtete, war Issa al H. nur einen Tag vor dem Anschlag zu einer Wohnungsbesichtigung eingeladen. Damit h\u00e4tte er die Chance gehabt, aus der Fl\u00fcchtlingsunterkunft herauszukommen. Auf einen Integrationshelfer habe er dabei aber depressiv gewirkt und kein Interesse gezeigt.<\/p>\n<p class=\"text-18 leading-17\">Der Angeklagte hat sich gegen\u00fcber den Ermittlern und dem Haftrichter nicht zu den Vorw\u00fcrfen ge\u00e4u\u00dfert. Gegen\u00fcber einem Psychiater soll er allerdings behauptet haben, w\u00e4hrend der Tat von Wahnvorstellungen und Halluzinationen getrieben gewesen zu sein. Eine Gerichtssprecherin betont dagegen, der Angeklagte gelte derzeit als voll schuldf\u00e4hig.<\/p>\n<p class=\"text-18 leading-17\">Der Anschlag hatte die politische Diskussion um Abschiebungen, das Dublin-System und die innere Sicherheit befeuert. Sicherheitspakete wurden geschn\u00fcrt und verabschiedet. Ein Untersuchungsausschuss im D\u00fcsseldorfer Landtag befasst sich unter anderem mit der Frage, warum die Abschiebung des sp\u00e4teren mutma\u00dflichen Attent\u00e4ters scheiterte.<\/p>\n<p class=\"text-18 leading-17\">Issa Al H. sollte schon 2023 den EU-Asylregeln zufolge ins Erstaufnahmeland <a class=\"transition-colors duration-200 cursor-pointer text-inherit no-underline text-salemsfur md:hover:text-magenta md:hover:border-magenta md:focus:text-magenta border-current border-b border-solid break-words\" href=\"https:\/\/www.t-online.de\/themen\/bulgarien\/\" data-sctrack=\"BodyAnchor\" rel=\"nofollow noopener\" target=\"_blank\">Bulgarien<\/a> abgeschoben werden. Als er aus der Fl\u00fcchtlingsunterkunft abgeholt werden sollte, war er aber nicht aufzufinden. Ein weiterer R\u00fcckf\u00fchrungsversuch wurde nicht unternommen. Die Frist verstrich und er bekam dadurch subsidi\u00e4ren Schutz in Deutschland. Das D\u00fcsseldorfer Oberlandesgericht hat bis 24. September 22 Verhandlungstage angesetzt.<\/p>\n","protected":false},"excerpt":{"rendered":"Anschlag mit drei Toten Prozess in D\u00fcsseldorf: Was dem Solingen-Attent\u00e4ter droht Aktualisiert am 23.05.2025 &#8211; 15:58 UhrLesedauer: 3&hellip;\n","protected":false},"author":2,"featured_media":134782,"comment_status":"","ping_status":"","sticky":false,"template":"","format":"standard","meta":{"footnotes":""},"categories":[1831],"tags":[13774,18330,3364,29,3405,5561,30,21709,49656,1209,7223,27709,28020,61],"class_list":{"0":"post-134781","1":"post","2":"type-post","3":"status-publish","4":"format-standard","5":"has-post-thumbnail","7":"category-duesseldorf","8":"tag-anschlag","9":"tag-bundesanwaltschaft","10":"tag-de","11":"tag-deutschland","12":"tag-duesseldorf","13":"tag-festival","14":"tag-germany","15":"tag-is","16":"tag-issa-al-h","17":"tag-nordrhein-westfalen","18":"tag-solingen","19":"tag-strafprozess","20":"tag-terrorgruppe","21":"tag-vielfalt"},"share_on_mastodon":{"url":"https:\/\/pubeurope.com\/@de\/114560324605215281","error":""},"_links":{"self":[{"href":"https:\/\/www.europesays.com\/de\/wp-json\/wp\/v2\/posts\/134781","targetHints":{"allow":["GET"]}}],"collection":[{"href":"https:\/\/www.europesays.com\/de\/wp-json\/wp\/v2\/posts"}],"about":[{"href":"https:\/\/www.europesays.com\/de\/wp-json\/wp\/v2\/types\/post"}],"author":[{"embeddable":true,"href":"https:\/\/www.europesays.com\/de\/wp-json\/wp\/v2\/users\/2"}],"replies":[{"embeddable":true,"href":"https:\/\/www.europesays.com\/de\/wp-json\/wp\/v2\/comments?post=134781"}],"version-history":[{"count":0,"href":"https:\/\/www.europesays.com\/de\/wp-json\/wp\/v2\/posts\/134781\/revisions"}],"wp:featuredmedia":[{"embeddable":true,"href":"https:\/\/www.europesays.com\/de\/wp-json\/wp\/v2\/media\/134782"}],"wp:attachment":[{"href":"https:\/\/www.europesays.com\/de\/wp-json\/wp\/v2\/media?parent=134781"}],"wp:term":[{"taxonomy":"category","embeddable":true,"href":"https:\/\/www.europesays.com\/de\/wp-json\/wp\/v2\/categories?post=134781"},{"taxonomy":"post_tag","embeddable":true,"href":"https:\/\/www.europesays.com\/de\/wp-json\/wp\/v2\/tags?post=134781"}],"curies":[{"name":"wp","href":"https:\/\/api.w.org\/{rel}","templated":true}]}}