{"id":134961,"date":"2025-05-24T03:37:22","date_gmt":"2025-05-24T03:37:22","guid":{"rendered":"https:\/\/www.europesays.com\/de\/134961\/"},"modified":"2025-05-24T03:37:22","modified_gmt":"2025-05-24T03:37:22","slug":"the-ballad-of-judas-priest-angekuendigt","status":"publish","type":"post","link":"https:\/\/www.europesays.com\/de\/134961\/","title":{"rendered":"\u2018The Ballad Of Judas Priest\u2019 angek\u00fcndigt"},"content":{"rendered":"<p>In Zusammenarbeit mit Sony Music Entertainment UK und Epic Records hat <a href=\"https:\/\/www.sonymusic.com\/sonymusic\/documentary-the-ballad-of-judas-priest-from-sony-music-vision\/\" target=\"_blank\" rel=\"noopener nofollow\">Sony Music Vision<\/a> die Produktion der <a href=\"https:\/\/www.metal-hammer.de\/artists\/judas-priest\/\" rel=\"nofollow noopener\" target=\"_blank\">Judas Priest<\/a>-Dokumentation \u2018The Ballad Of Judas Priest\u2019 angek\u00fcndigt. Ein genaues Ver\u00f6ffentlichungsdatum ist bislang nicht bekannt, jedoch ein paar andere Infos.<\/p>\n<p>Eine unglaubliche Reise<\/p>\n<p>Unter der Leitung von Dokumentarfilmemacher Sam Dunn gibt <a href=\"https:\/\/www.metal-hammer.de\/themen\/rage-against-the-machine\/\" rel=\"nofollow noopener\" target=\"_blank\">Rage Against The Machine<\/a>-Gitarrist <a href=\"https:\/\/www.metal-hammer.de\/artists\/tom-morello\/\" rel=\"nofollow noopener\" target=\"_blank\">Tom Morello<\/a> sein Regiedeb\u00fct. Dunn betreibt zusammen mit Scot McFadyen die Produktionsfirma Banger Films, die bereits f\u00fcr mehrere Dokumentationen \u00fcber die Hard Rock- und Metal-Szene verantwortlich ist. In einem Statement erkl\u00e4ren Dunn und Morello: \u201eManche kennen Judas Priest vielleicht f\u00fcr ihre gro\u00dfen Hits, die das Heavy Metal-Genre gepr\u00e4gt haben, doch ihre Geschichte hat noch viel mehr zu bieten. Dieser Film zeichnet ihre unglaubliche 50-j\u00e4hrige Reise nach und zeigt, wie Judas Priest den Sound und Look des Metal gepr\u00e4gt und ihn gleichzeitig zu einem inklusiveren Ort gemacht haben.\u201c<\/p>\n<p>Weiterhin sind sie der Band dankbar f\u00fcr den \u201eintimen, ungefilterten Einblick in ihr Leben.\u201c Dies best\u00e4tigen Rob Halford und Co. in einem eigenen Statement: \u201eWir leben und atmen seit \u00fcber f\u00fcnf Jahrzehnten Metal. Und in dieser Dokumentation rufen wir nun endlich unsere Gemeinde zusammen, um unser Leben offiziell und unzensiert mitzuerleben, und zwar auf eine noch nie dagewesene Art und Weise \u2026 Die Soutane f\u00e4llt und enth\u00fcllt PRIEST in all seiner Metal-Pracht!\u201c<\/p>\n<p>Empfehlungen der Redaktion<\/p>\n<p>Bis es so weit ist und die Dokumentation erscheint, gibt es Judas Priest live zu erleben. Diesen Sommer sind die Briten auf \u201eShield Of Pain Tour\u201c und machen dabei auch Halt in Deutschland. <a href=\"https:\/\/www.metal-hammer.de\/artists\/accept\/\" rel=\"nofollow noopener\" target=\"_blank\">Accept<\/a> und\u00a0\u00a0<a href=\"https:\/\/www.metal-hammer.de\/themen\/phil-campbell\/\" rel=\"nofollow noopener\" target=\"_blank\">Phil Campbell<\/a> And The Bastard Sons werden dabei Special Guests sein. Pr\u00e4sentiert wird das Ganze nat\u00fcrlich von METAL HAMMER.<\/p>\n<p>Judas Priest + Accept + Phil Campbell And The Bastard Sons \u2013 Tour 2025<\/p>\n<ul>\n<li>17.06. Stuttgart, Hanns-Martin-Schleyer-Halle<\/li>\n<li>18.06. Bad Vilbel, Hessentag<\/li>\n<li>13.07. M\u00fcnchen, Olympiahalle<\/li>\n<li>20.07. Oberhausen, Rudolf-Weber-ARENA<\/li>\n<\/ul>\n<p><strong>Tickets unter <a href=\"http:\/\/www.metal-hammer.de\/tickets\" rel=\"nofollow noopener\" target=\"_blank\">www.metal-hammer.de\/tickets<\/a>.<\/strong><\/p>\n<p>\u2014<br \/>Bestens informiert \u00fcber dieses und alle weiteren wichtigen Themen im Metal bleibt ihr au\u00dferdem mit unserem Newsletter. Einmal pro Woche flattert euch \u00fcbersichtlich sortiert ein Update ins Postfach. <a href=\"https:\/\/www.metal-hammer.de\/news\/newsletter\/\" target=\"_blank\" rel=\"noopener noreferrer nofollow\"><strong>Einfach anmelden<\/strong><\/a>, damit euch auch sicher nichts entgeht.<\/p>\n","protected":false},"excerpt":{"rendered":"In Zusammenarbeit mit Sony Music Entertainment UK und Epic Records hat Sony Music Vision die Produktion der Judas&hellip;\n","protected":false},"author":2,"featured_media":134962,"comment_status":"","ping_status":"","sticky":false,"template":"","format":"standard","meta":{"footnotes":""},"categories":[1772],"tags":[29,20613,214,30,12454,1779,810,49681,38647,49682,49683,49684,215],"class_list":{"0":"post-134961","1":"post","2":"type-post","3":"status-publish","4":"format-standard","5":"has-post-thumbnail","7":"category-musik","8":"tag-deutschland","9":"tag-dokumentation","10":"tag-entertainment","11":"tag-germany","12":"tag-judas-priest","13":"tag-music","14":"tag-musik","15":"tag-rage-against-the-machine","16":"tag-regie","17":"tag-regiedebuet","18":"tag-sony-music","19":"tag-tom-morello","20":"tag-unterhaltung"},"share_on_mastodon":{"url":"https:\/\/pubeurope.com\/@de\/114560725500950478","error":""},"_links":{"self":[{"href":"https:\/\/www.europesays.com\/de\/wp-json\/wp\/v2\/posts\/134961","targetHints":{"allow":["GET"]}}],"collection":[{"href":"https:\/\/www.europesays.com\/de\/wp-json\/wp\/v2\/posts"}],"about":[{"href":"https:\/\/www.europesays.com\/de\/wp-json\/wp\/v2\/types\/post"}],"author":[{"embeddable":true,"href":"https:\/\/www.europesays.com\/de\/wp-json\/wp\/v2\/users\/2"}],"replies":[{"embeddable":true,"href":"https:\/\/www.europesays.com\/de\/wp-json\/wp\/v2\/comments?post=134961"}],"version-history":[{"count":0,"href":"https:\/\/www.europesays.com\/de\/wp-json\/wp\/v2\/posts\/134961\/revisions"}],"wp:featuredmedia":[{"embeddable":true,"href":"https:\/\/www.europesays.com\/de\/wp-json\/wp\/v2\/media\/134962"}],"wp:attachment":[{"href":"https:\/\/www.europesays.com\/de\/wp-json\/wp\/v2\/media?parent=134961"}],"wp:term":[{"taxonomy":"category","embeddable":true,"href":"https:\/\/www.europesays.com\/de\/wp-json\/wp\/v2\/categories?post=134961"},{"taxonomy":"post_tag","embeddable":true,"href":"https:\/\/www.europesays.com\/de\/wp-json\/wp\/v2\/tags?post=134961"}],"curies":[{"name":"wp","href":"https:\/\/api.w.org\/{rel}","templated":true}]}}