{"id":135123,"date":"2025-05-24T05:11:09","date_gmt":"2025-05-24T05:11:09","guid":{"rendered":"https:\/\/www.europesays.com\/de\/135123\/"},"modified":"2025-05-24T05:11:09","modified_gmt":"2025-05-24T05:11:09","slug":"pol-bs-grossuebung-von-polizei-stadt-feuerwehr-und-rettungsdiensten-in","status":"publish","type":"post","link":"https:\/\/www.europesays.com\/de\/135123\/","title":{"rendered":"POL-BS: Gro\u00df\u00fcbung von Polizei, Stadt, Feuerwehr und Rettungsdiensten in &#8230;"},"content":{"rendered":"<p class=\"date\">24.05.2025 \u2013 06:26<\/p>\n<p class=\"customer\">\n                        <a class=\"story-customer\" title=\"weiter zum newsroom von Polizei Braunschweig\" href=\"https:\/\/www.presseportal.de\/blaulicht\/nr\/11554\" rel=\"nofollow noopener\" target=\"_blank\">Polizei Braunschweig<\/a>\n                    <\/p>\n<p><a data-category=\"citylink-story-view\" data-action=\"click\" data-label=\"Citylink in Meldungsansicht\" class=\"story-city event-trigger\" href=\"https:\/\/www.presseportal.de\/regional\/Braunschweig\" title=\"News aus Braunschweig \" rel=\"nofollow noopener\" target=\"_blank\">Braunschweig<\/a> (ots)<\/p>\n<p>Braunschweig, 24.05.2025 &#8211; Die Polizeidirektion Braunschweig f\u00fchrt am heutigen Samstag, 24. Mai 2025, gemeinsam mit der Stadt Braunschweig, der Feuerwehr und dem Rettungsdienst eine Einsatz\u00fcbung zur Bew\u00e4ltigung einer Gro\u00dflage durch. Ziel ist es, die Zusammenarbeit der verschiedenen Einsatzkr\u00e4fte unter realit\u00e4tsnahen Bedingungen weiter zu optimieren.<br \/>\nIm Rahmen der heutigen Einsatz\u00fcbung kommt es im Stadtgebiet Braunschweig voraussichtlich bis 18 Uhr zu Verkehrsbeeintr\u00e4chtigungen:<br \/>\nDie Ottmerstra\u00dfe ist komplett gesperrt. Die Kurt-Schumacher-Stra\u00dfe ist stadteinw\u00e4rts zwischen dem Berliner Platz und der Ottmerstra\u00dfe nur einspurig befahrbar.<\/p>\n<p>Verkehrsteilnehmende werden gebeten, den Bereich weitr\u00e4umig zu umfahren und entsprechende Verz\u00f6gerungen einzuplanen.<\/p>\n<p class=\"contact-headline\">R\u00fcckfragen bitte an:<\/p>\n<p class=\"contact-text\">Polizei Braunschweig<br \/>PD Braunschweig, \u00d6ffentlichkeitsarbeit<\/p>\n<p>Telefon: 0531\/476-1041<br \/>E-Mail: <a href=\"https:\/\/www.presseportal.de\/blaulicht\/pm\/11554\/mailto: pressestelle@pd-bs.polizei.niedersachsen.de\" class=\"uri-mailto\" rel=\"nofollow noopener\" target=\"_blank\"> pressestelle@pd-bs.polizei.niedersachsen.de<\/a><br \/><a target=\"_blank\" class=\"uri-ext outbound\" rel=\"noopener nofollow\" href=\"http:\/\/www.polizei-braunschweig.de\">http:\/\/www.polizei-braunschweig.de<\/a><\/p>\n<p class=\"originator\">Original-Content von: Polizei Braunschweig, \u00fcbermittelt durch news aktuell<\/p>\n","protected":false},"excerpt":{"rendered":"24.05.2025 \u2013 06:26 Polizei Braunschweig Braunschweig (ots) Braunschweig, 24.05.2025 &#8211; Die Polizeidirektion Braunschweig f\u00fchrt am heutigen Samstag, 24.&hellip;\n","protected":false},"author":2,"featured_media":108,"comment_status":"","ping_status":"","sticky":false,"template":"","format":"standard","meta":{"footnotes":""},"categories":[1850],"tags":[6429,3364,29,548,663,3934,30,13,177,14,15,5404,1411,121,178,180,179,181,12],"class_list":{"0":"post-135123","1":"post","2":"type-post","3":"status-publish","4":"format-standard","5":"has-post-thumbnail","7":"category-braunschweig","8":"tag-braunschweig","9":"tag-de","10":"tag-deutschland","11":"tag-eu","12":"tag-europa","13":"tag-europe","14":"tag-germany","15":"tag-headlines","16":"tag-kriminalitt","17":"tag-nachrichten","18":"tag-news","19":"tag-ni","20":"tag-niedersachsen","21":"tag-polizei","22":"tag-presse","23":"tag-pressemeldung","24":"tag-pressemitteilung","25":"tag-pressemitteilungen","26":"tag-schlagzeilen"},"share_on_mastodon":{"url":"https:\/\/pubeurope.com\/@de\/114561095004829097","error":""},"_links":{"self":[{"href":"https:\/\/www.europesays.com\/de\/wp-json\/wp\/v2\/posts\/135123","targetHints":{"allow":["GET"]}}],"collection":[{"href":"https:\/\/www.europesays.com\/de\/wp-json\/wp\/v2\/posts"}],"about":[{"href":"https:\/\/www.europesays.com\/de\/wp-json\/wp\/v2\/types\/post"}],"author":[{"embeddable":true,"href":"https:\/\/www.europesays.com\/de\/wp-json\/wp\/v2\/users\/2"}],"replies":[{"embeddable":true,"href":"https:\/\/www.europesays.com\/de\/wp-json\/wp\/v2\/comments?post=135123"}],"version-history":[{"count":0,"href":"https:\/\/www.europesays.com\/de\/wp-json\/wp\/v2\/posts\/135123\/revisions"}],"wp:featuredmedia":[{"embeddable":true,"href":"https:\/\/www.europesays.com\/de\/wp-json\/wp\/v2\/media\/108"}],"wp:attachment":[{"href":"https:\/\/www.europesays.com\/de\/wp-json\/wp\/v2\/media?parent=135123"}],"wp:term":[{"taxonomy":"category","embeddable":true,"href":"https:\/\/www.europesays.com\/de\/wp-json\/wp\/v2\/categories?post=135123"},{"taxonomy":"post_tag","embeddable":true,"href":"https:\/\/www.europesays.com\/de\/wp-json\/wp\/v2\/tags?post=135123"}],"curies":[{"name":"wp","href":"https:\/\/api.w.org\/{rel}","templated":true}]}}