{"id":135150,"date":"2025-05-24T05:27:09","date_gmt":"2025-05-24T05:27:09","guid":{"rendered":"https:\/\/www.europesays.com\/de\/135150\/"},"modified":"2025-05-24T05:27:09","modified_gmt":"2025-05-24T05:27:09","slug":"geplante-offensive-russlands-russland-plant-die-naechste-offensive","status":"publish","type":"post","link":"https:\/\/www.europesays.com\/de\/135150\/","title":{"rendered":"Geplante Offensive Russlands: Russland plant die n\u00e4chste Offensive"},"content":{"rendered":"<p class=\"paragraph article__item\"><a class=\"rtr-entity\" href=\"https:\/\/www.zeit.de\/thema\/russland\" rel=\"nofollow noopener\" target=\"_blank\">Russland<\/a> spielt bei den Verhandlungen \u00fcber eine Waffenruhe mit der Ukraine auf Zeit. Gespr\u00e4che in Istanbul sowie <a class=\"Hyperlink SCXW1966709 BCX2\" href=\"https:\/\/www.zeit.de\/politik\/ausland\/2025-05\/donald-trump-wladimir-putin-telefonat-ukraine-krieg-wolodymyr-selenskyj\/komplettansicht\" target=\"_blank\" rel=\"noreferrer noopener nofollow\">Telefonate<\/a> zwischen US-Pr\u00e4sident Donald Trump und Kremlchef Wladimir Putin endeten ohne Erfolg. Das Ultimatum der Ukraine und der USA zu einem <a class=\"Hyperlink SCXW1966709 BCX2\" href=\"https:\/\/www.zeit.de\/politik\/ausland\/2025-05\/usa-russland-telefonat-wladimir-putin-donald-trump-ukraine\" target=\"_blank\" rel=\"noreferrer noopener nofollow\">bedingungslosen Waffenstillstand<\/a> lehnt Putin weiterhin kategorisch ab. W\u00e4hrenddessen deutet vieles darauf hin, dass Russlands Armee eine milit\u00e4rische Gro\u00dfoffensive f\u00fcr den Sommer vorbereitet, um die Ukraine verst\u00e4rkt unter Druck zu setzen: Vor knapp einer Woche startete Russland mit 273 Drohnen den bisher <a class=\"Hyperlink SCXW1966709 BCX2\" href=\"https:\/\/www.zeit.de\/politik\/ausland\/2025-05\/russland-drohnenangriff-ukraine-kyjiw-krieg-drohnen\" target=\"_blank\" rel=\"noreferrer noopener nofollow\">gr\u00f6\u00dften Drohenangriff<\/a> seit Beginn des Krieges, t\u00e4glich verschieben sich <a class=\"Hyperlink SCXW1966709 BCX2\" href=\"https:\/\/www.zeit.de\/politik\/ausland\/karte-ukraine-krieg-russland-frontverlauf-truppenbewegungen\" target=\"_blank\" rel=\"noreferrer noopener nofollow\">Fronten<\/a> und Meldungen \u00fcber <a class=\"Hyperlink SCXW1966709 BCX2\" href=\"https:\/\/www.zeit.de\/politik\/ausland\/karte-ukraine-krieg-russland-frontverlauf-truppenbewegungen\" target=\"_blank\" rel=\"noreferrer noopener nofollow\">russische Angriffe<\/a> h\u00e4ufen sich. Welche strategischen Ziele Russland damit verfolgt, ob die\u00a0Ukraine dem Gro\u00dfangriff milit\u00e4risch gewachsen ist und wie viel Unterst\u00fctzung sie aus dem Ausland erwarten kann, wei\u00df <a class=\"Hyperlink SCXW1966709 BCX2\" href=\"https:\/\/www.zeit.de\/autoren\/K\/Maxim_Kireev\/index\" target=\"_blank\" rel=\"noreferrer noopener nofollow\">Maxim Kireev<\/a> aus dem Politikressort der ZEIT.\u00a0\n<\/p>\n<p class=\"paragraph article__item\">Die USA unter Donald Trump befinden sich auf einem R\u00fcckschritt, was Diversit\u00e4t und die Gleichstellung von Frauen angeht. Beispielsweise d\u00fcrfen US-Bundesbeh\u00f6rden k\u00fcnftig \u00fcber <a class=\"Hyperlink SCXW1966709 BCX2\" href=\"https:\/\/www.zeit.de\/2025\/21\/misogynie-politik-mannosphaere-usa-diversitaet\/komplettansicht\" target=\"_blank\" rel=\"noreferrer noopener nofollow\">200 Begriffe<\/a> nicht mehr in offiziellen Dokumenten verwenden. Dazu z\u00e4hlen etwa\u00a0&#8222;women&#8220;, &#8222;female&#8220; oder &#8222;feminism&#8220;. M\u00e4nnlichkeitsideale werden mit einer neuen H\u00e4rte propagiert. Jedoch sind sie von klassischen Rollenbildern abzugrenzen. Die aktuellen Entwicklungen sind eher dem Begriff <a class=\"Hyperlink SCXW1966709 BCX2\" href=\"https:\/\/www.zeit.de\/2025\/21\/misogynie-politik-mannosphaere-usa-diversitaet\/komplettansicht\" target=\"_blank\" rel=\"noreferrer noopener nofollow\">Mannosph\u00e4re<\/a> zuzuordnen. Was genau man unter dem Begriff versteht, wieso die Bewegung gerade bei jungen M\u00e4nnern so erfolgreich ist und welche Auswirkungen der Trend auf die politische und gesellschaftliche Lage in Deutschland hat, erkl\u00e4rt <a class=\"Hyperlink SCXW1966709 BCX2\" href=\"https:\/\/www.zeit.de\/autoren\/L\/Mariam_Lau\/index.xml\" target=\"_blank\" rel=\"noreferrer noopener nofollow\">Mariam Lau<\/a>, Redakteurin im Politikressort der ZEIT.\u00a0\n<\/p>\n<p class=\"paragraph article__item\">Und sonst so: <a class=\"Hyperlink SCXW1966709 BCX2\" href=\"https:\/\/www.sueddeutsche.de\/wissen\/katzen-garfield-biologie-fellfarbe-genetik-erbgut-li.3255282\" target=\"_blank\" rel=\"noreferrer noopener nofollow\">Warum rote Katzen besonders sind<\/a>\u00a0\u00a0\u00a0\n<\/p>\n<p class=\"paragraph article__item\">Moderation und Produktion: <a class=\"Hyperlink SCXW1966709 BCX2\" href=\"https:\/\/www.zeit.de\/autoren\/Z\/Erica_Zingher\/index\" target=\"_blank\" rel=\"noreferrer noopener nofollow\">Erica Zingher<\/a>\u00a0\n<\/p>\n<p class=\"paragraph article__item\">Redaktion: <a class=\"Hyperlink SCXW1966709 BCX2\" href=\"https:\/\/www.zeit.de\/autoren\/K\/Constanze_Kainz\/index\" target=\"_blank\" rel=\"noreferrer noopener nofollow\">Constanze Kainz<\/a>\u00a0\n<\/p>\n<p class=\"paragraph article__item\">Mitarbeit: <a class=\"Hyperlink SCXW1966709 BCX2\" href=\"https:\/\/www.zeit.de\/autoren\/P\/Mathias_Peer\/index\" target=\"_blank\" rel=\"noreferrer noopener nofollow\">Mathias Peer<\/a>,\u00a0Miriam Mair\u00a0\n<\/p>\n<p class=\"paragraph article__item\">Alle Folgen unseres Podcasts finden Sie <a class=\"Hyperlink SCXW1966709 BCX2\" href=\"https:\/\/www.zeit.de\/was-jetzt\" target=\"_blank\" rel=\"noreferrer noopener nofollow\">hier<\/a>. Fragen, Kritik, Anregungen? Sie erreichen uns unter <a class=\"Hyperlink SCXW1966709 BCX2\" href=\"https:\/\/www.zeit.de\/politik\/2025-05\/mailto:wasjetzt@zeit.de\" target=\"_blank\" rel=\"noreferrer noopener nofollow\">wasjetzt@zeit.de<\/a>.\u00a0\u00a0<\/p>\n","protected":false},"excerpt":{"rendered":"Russland spielt bei den Verhandlungen \u00fcber eine Waffenruhe mit der Ukraine auf Zeit. Gespr\u00e4che in Istanbul sowie Telefonate&hellip;\n","protected":false},"author":2,"featured_media":4586,"comment_status":"","ping_status":"","sticky":false,"template":"","format":"standard","meta":{"footnotes":""},"categories":[4013],"tags":[331,332,1478,49715,13,1435,451,14,15,16,4043,4044,850,307,12,306],"class_list":{"0":"post-135150","1":"post","2":"type-post","3":"status-publish","4":"format-standard","5":"has-post-thumbnail","7":"category-russland","8":"tag-aktuelle-nachrichten","9":"tag-aktuelle-news","10":"tag-drohne","11":"tag-geplante-offensive-russlands","12":"tag-headlines","13":"tag-krieg-in-der-ukraine","14":"tag-militaer","15":"tag-nachrichten","16":"tag-news","17":"tag-politik","18":"tag-russia","19":"tag-russian-federation","20":"tag-russische-foederation","21":"tag-russland","22":"tag-schlagzeilen","23":"tag-wladimir-putin"},"share_on_mastodon":{"url":"https:\/\/pubeurope.com\/@de\/114561158053174751","error":""},"_links":{"self":[{"href":"https:\/\/www.europesays.com\/de\/wp-json\/wp\/v2\/posts\/135150","targetHints":{"allow":["GET"]}}],"collection":[{"href":"https:\/\/www.europesays.com\/de\/wp-json\/wp\/v2\/posts"}],"about":[{"href":"https:\/\/www.europesays.com\/de\/wp-json\/wp\/v2\/types\/post"}],"author":[{"embeddable":true,"href":"https:\/\/www.europesays.com\/de\/wp-json\/wp\/v2\/users\/2"}],"replies":[{"embeddable":true,"href":"https:\/\/www.europesays.com\/de\/wp-json\/wp\/v2\/comments?post=135150"}],"version-history":[{"count":0,"href":"https:\/\/www.europesays.com\/de\/wp-json\/wp\/v2\/posts\/135150\/revisions"}],"wp:featuredmedia":[{"embeddable":true,"href":"https:\/\/www.europesays.com\/de\/wp-json\/wp\/v2\/media\/4586"}],"wp:attachment":[{"href":"https:\/\/www.europesays.com\/de\/wp-json\/wp\/v2\/media?parent=135150"}],"wp:term":[{"taxonomy":"category","embeddable":true,"href":"https:\/\/www.europesays.com\/de\/wp-json\/wp\/v2\/categories?post=135150"},{"taxonomy":"post_tag","embeddable":true,"href":"https:\/\/www.europesays.com\/de\/wp-json\/wp\/v2\/tags?post=135150"}],"curies":[{"name":"wp","href":"https:\/\/api.w.org\/{rel}","templated":true}]}}