{"id":135267,"date":"2025-05-24T06:33:20","date_gmt":"2025-05-24T06:33:20","guid":{"rendered":"https:\/\/www.europesays.com\/de\/135267\/"},"modified":"2025-05-24T06:33:20","modified_gmt":"2025-05-24T06:33:20","slug":"erste-baeume-am-bramhuegel-fertigstellung-im-sommer","status":"publish","type":"post","link":"https:\/\/www.europesays.com\/de\/135267\/","title":{"rendered":"Erste B\u00e4ume am Bramh\u00fcgel \u2013 Fertigstellung im Sommer"},"content":{"rendered":"<p>\tHerten: Erste B\u00e4ume am Bramh\u00fcgel \u2013 Fertigstellung im Sommer<\/p>\n<p><a class=\"skip-link screen-reader-text\" href=\"#content\">Zum Inhalt springen<\/a><br \/>\n<a class=\"skip-link screen-reader-text\" href=\"#site-navigation\">Zur Navigation springen<\/a><\/p>\n<p>\t\tDas neue Tor zur Innenstadt in Herten<br \/>\n\t\t\t\t\tErste B\u00e4ume am Bramh\u00fcgel \u2013 Fertigstellung im Sommer<\/p>\n<p>\t\t<img alt=\"\" src=\"https:\/\/www.europesays.com\/de\/wp-content\/uploads\/2025\/04\/630_0036_1294090_.jpg\"  class=\"avatar avatar-36 photo avatar-default\" height=\"36\" width=\"36\" loading=\"lazy\" decoding=\"async\"\/>\t\t<a class=\"article-author__name\" href=\"https:\/\/www.hertener-allgemeine.de\/author\/harald-landgraf\/\" rel=\"author noopener\" target=\"_blank\">Harald Landgraf<\/a><br \/>\n\t\tRedakteur<\/p>\n<p>\t23.05.2025 17:30 Uhr<\/p>\n<p>\t\tTeilen<\/p>\n<p>\n\tIn Merkliste \u00fcbernehmen\n<\/p>\n<p>    <a href=\"https:\/\/www.hertener-allgemeine.de\/wp-content\/uploads\/2025\/05\/23\/07\/630_0900_4734020_HAL_Bramhuegel_Mai_2025_Herten_5_-1648x824.jpg\" target=\"_blank\" rel=\"noopener\"><\/p>\n<p>            <img decoding=\"async\" fetchpriority=\"high\" src=\"https:\/\/www.europesays.com\/de\/wp-content\/uploads\/2025\/05\/630_0900_4734019_HAL_Bramhuegel_Mai_2025_Herten_5_-640x428.jpg\" width=\"640\" height=\"428\"  alt=\"Am Bramh\u00fcgel Herten ist der Weg bereits fertig gepflastert, man hat neu gepflanzte B\u00e4ume\"\/><\/p>\n<p>    <\/a><br \/>\n    Am Bramh\u00fcgel in Herten ist der Weg von der Kreuzung bis zur Unterf\u00fchrung bereits fertig gepflastert, neue B\u00e4ume wurden auch bereits gepflanzt. \u00a9 Harald Landgraf<\/p>\n<p class=\"article__teaser-text\">Vor einigen Monaten war die Baustelle noch deutlich gr\u00f6\u00dfer am Bramh\u00fcgel. Inzwischen ist der Weg von der Ampel bis zur Unterf\u00fchrung fertig gepflastert.<\/p>\n<p>2 Min Lesezeit<\/p>\n<p>\n\t<a href=\"https:\/\/www.hertener-allgemeine.de\" class=\"button button--brand button--link home-button\" target=\"_blank\" rel=\"noopener\">Zur Startseite<\/a>\n<\/p>\n<p class=\"boxed centered\">\n\t\tSie sind bereits registriert?<br \/><a href=\"https:\/\/www.hertener-allgemeine.de\/login\/?redirect_to=http:\/\/herten\/das-neue-tor-zur-innenstadt-herten-baeume-am-bramhuegel-fertigstellung-im-sommer-city-w1035643-8000984014\" target=\"_blank\" rel=\"noopener\">Hier einloggen<\/a>\n\t<\/p>\n","protected":false},"excerpt":{"rendered":"Herten: Erste B\u00e4ume am Bramh\u00fcgel \u2013 Fertigstellung im Sommer Zum Inhalt springen Zur Navigation springen Das neue Tor&hellip;\n","protected":false},"author":2,"featured_media":135268,"comment_status":"","ping_status":"","sticky":false,"template":"","format":"standard","meta":{"footnotes":""},"categories":[1848],"tags":[49742,3364,29,4289,548,663,3934,3658,30,13,14,15,1209,12],"class_list":{"0":"post-135267","1":"post","2":"type-post","3":"status-publish","4":"format-standard","5":"has-post-thumbnail","7":"category-gelsenkirchen","8":"tag-bramhuegel","9":"tag-de","10":"tag-deutschland","11":"tag-einkaufen","12":"tag-eu","13":"tag-europa","14":"tag-europe","15":"tag-gelsenkirchen","16":"tag-germany","17":"tag-headlines","18":"tag-nachrichten","19":"tag-news","20":"tag-nordrhein-westfalen","21":"tag-schlagzeilen"},"share_on_mastodon":{"url":"https:\/\/pubeurope.com\/@de\/114561417585420349","error":""},"_links":{"self":[{"href":"https:\/\/www.europesays.com\/de\/wp-json\/wp\/v2\/posts\/135267","targetHints":{"allow":["GET"]}}],"collection":[{"href":"https:\/\/www.europesays.com\/de\/wp-json\/wp\/v2\/posts"}],"about":[{"href":"https:\/\/www.europesays.com\/de\/wp-json\/wp\/v2\/types\/post"}],"author":[{"embeddable":true,"href":"https:\/\/www.europesays.com\/de\/wp-json\/wp\/v2\/users\/2"}],"replies":[{"embeddable":true,"href":"https:\/\/www.europesays.com\/de\/wp-json\/wp\/v2\/comments?post=135267"}],"version-history":[{"count":0,"href":"https:\/\/www.europesays.com\/de\/wp-json\/wp\/v2\/posts\/135267\/revisions"}],"wp:featuredmedia":[{"embeddable":true,"href":"https:\/\/www.europesays.com\/de\/wp-json\/wp\/v2\/media\/135268"}],"wp:attachment":[{"href":"https:\/\/www.europesays.com\/de\/wp-json\/wp\/v2\/media?parent=135267"}],"wp:term":[{"taxonomy":"category","embeddable":true,"href":"https:\/\/www.europesays.com\/de\/wp-json\/wp\/v2\/categories?post=135267"},{"taxonomy":"post_tag","embeddable":true,"href":"https:\/\/www.europesays.com\/de\/wp-json\/wp\/v2\/tags?post=135267"}],"curies":[{"name":"wp","href":"https:\/\/api.w.org\/{rel}","templated":true}]}}