{"id":135346,"date":"2025-05-24T07:20:09","date_gmt":"2025-05-24T07:20:09","guid":{"rendered":"https:\/\/www.europesays.com\/de\/135346\/"},"modified":"2025-05-24T07:20:09","modified_gmt":"2025-05-24T07:20:09","slug":"streit-in-frankfurt-eskaliert-mann-mit-stichverletzungen-im-krankenhaus","status":"publish","type":"post","link":"https:\/\/www.europesays.com\/de\/135346\/","title":{"rendered":"Streit in Frankfurt eskaliert: Mann mit Stichverletzungen im Krankenhaus"},"content":{"rendered":"<p>                <a class=\"fancybox\" data-fancybox=\"galerie\" data-caption=\"Streit in Frankfurt am Main eskaliert: Mann mit Stichverletzungen im Krankenhaus&#013;&#010;  - Fotos: 5VISION.NEWS\" rel=\"on_group noopener\" title=\"Streit in Frankfurt am Main eskaliert: Mann mit Stichverletzungen im Krankenhaus&#013;&#010;  - Fotos: 5VISION.NEWS\" href=\"https:\/\/oshessen-news.b-cdn.net\/images\/25\/05\/xl\/11776839-5vn-2025-0277-011-redacted-dot-app.jpg\" target=\"_blank\"><img decoding=\"async\" class=\"img-responsive\" style=\"width: 728px; margin-top: 0; border:0;\" src=\"https:\/\/www.europesays.com\/de\/wp-content\/uploads\/2025\/05\/11776839-5vn-2025-0277-011-redacted-dot-app.jpg\" title=\"Streit in Frankfurt am Main eskaliert: Mann mit Stichverletzungen im Krankenhaus&#13;&#10;\" onerror=\"imgError(this);\"\/><\/p>\n<p>Streit in Frankfurt am Main eskaliert: Mann mit Stichverletzungen im Krankenhaus&#13;<br \/>\n &#8211; Fotos: 5VISION.NEWS<\/p>\n<p>\n                    <strong>FRANKFURT AM MAIN<\/strong><br \/>\n                    Spurensicherung und Polizei vor Ort\n                <\/p>\n<p>24.05.25 &#8211; <strong>Ein Streit unter mehreren Personen hat am Freitagabend in der Engelthaler Stra\u00dfe in Frankfurt am Main gegen 22:00 Uhr zu einem Polizeieinsatz gef\u00fchrt. Auf telefonische Anfrage best\u00e4tigte die Pressestelle der Polizei, dass eine m\u00e4nnliche Person dabei Stichverletzungen erlitt und ins Krankenhaus gebracht werden musste. Die Art des Stichwerkzeugs ist bislang nicht bekannt. Die Verletzungen seien nach aktuellem Stand nicht lebensgef\u00e4hrlich.<\/strong><\/p>\n<p><a class=\"fancybox\" data-fancybox=\"galerie\" data-caption=\"\" rel=\"on_group noopener\" title=\"\" href=\"https:\/\/oshessen-news.b-cdn.net\/images\/25\/05\/xl\/11776839-5vn-2025-0277-009-redacted-dot-app.jpg\" target=\"_blank\"><img decoding=\"async\" class=\"img220 imgh159 imgbdr\" src=\"https:\/\/www.europesays.com\/de\/wp-content\/uploads\/2025\/05\/11776839-5vn-2025-0277-009-redacted-dot-app.jpg\"\/><\/a><\/p>\n<p>Der Tatort wurde weitr\u00e4umig abgesperrt, zahlreiche Einsatzfahrzeuge der Polizei waren vor Ort. Die Spurensicherung nahm ihre Arbeit auf. Die Ermittlungen zur Kl\u00e4rung des Tathergangs sowie zur Identit\u00e4t der beteiligten Personen dauern an. (pm\/5VISION.NEWS) +++<\/p>\n<p><\/p>\n","protected":false},"excerpt":{"rendered":"Streit in Frankfurt am Main eskaliert: Mann mit Stichverletzungen im Krankenhaus&#13; &#8211; Fotos: 5VISION.NEWS FRANKFURT AM MAIN Spurensicherung&hellip;\n","protected":false},"author":2,"featured_media":135347,"comment_status":"","ping_status":"","sticky":false,"template":"","format":"standard","meta":{"footnotes":""},"categories":[1829],"tags":[6193,6195,29,6197,2050,2051,6192,30,2052,1381,14,6196,15,6194],"class_list":{"0":"post-135346","1":"post","2":"type-post","3":"status-publish","4":"format-standard","5":"has-post-thumbnail","7":"category-frankfurt-am-main","8":"tag-alsfeld","9":"tag-bad-hersfeld","10":"tag-deutschland","11":"tag-flieden","12":"tag-frankfurt","13":"tag-frankfurt-am-main","14":"tag-fulda","15":"tag-germany","16":"tag-hessen","17":"tag-lauterbach","18":"tag-nachrichten","19":"tag-neuhof","20":"tag-news","21":"tag-osthessen"},"share_on_mastodon":{"url":"https:\/\/pubeurope.com\/@de\/114561602265529094","error":""},"_links":{"self":[{"href":"https:\/\/www.europesays.com\/de\/wp-json\/wp\/v2\/posts\/135346","targetHints":{"allow":["GET"]}}],"collection":[{"href":"https:\/\/www.europesays.com\/de\/wp-json\/wp\/v2\/posts"}],"about":[{"href":"https:\/\/www.europesays.com\/de\/wp-json\/wp\/v2\/types\/post"}],"author":[{"embeddable":true,"href":"https:\/\/www.europesays.com\/de\/wp-json\/wp\/v2\/users\/2"}],"replies":[{"embeddable":true,"href":"https:\/\/www.europesays.com\/de\/wp-json\/wp\/v2\/comments?post=135346"}],"version-history":[{"count":0,"href":"https:\/\/www.europesays.com\/de\/wp-json\/wp\/v2\/posts\/135346\/revisions"}],"wp:featuredmedia":[{"embeddable":true,"href":"https:\/\/www.europesays.com\/de\/wp-json\/wp\/v2\/media\/135347"}],"wp:attachment":[{"href":"https:\/\/www.europesays.com\/de\/wp-json\/wp\/v2\/media?parent=135346"}],"wp:term":[{"taxonomy":"category","embeddable":true,"href":"https:\/\/www.europesays.com\/de\/wp-json\/wp\/v2\/categories?post=135346"},{"taxonomy":"post_tag","embeddable":true,"href":"https:\/\/www.europesays.com\/de\/wp-json\/wp\/v2\/tags?post=135346"}],"curies":[{"name":"wp","href":"https:\/\/api.w.org\/{rel}","templated":true}]}}