{"id":135365,"date":"2025-05-24T07:30:09","date_gmt":"2025-05-24T07:30:09","guid":{"rendered":"https:\/\/www.europesays.com\/de\/135365\/"},"modified":"2025-05-24T07:30:09","modified_gmt":"2025-05-24T07:30:09","slug":"13-jaehriger-auf-der-flucht-was-ueber-den-jungen-messerangreifer-in-berlin-bekannt-ist","status":"publish","type":"post","link":"https:\/\/www.europesays.com\/de\/135365\/","title":{"rendered":"13-J\u00e4hriger auf der Flucht: Was \u00fcber den jungen Messerangreifer in Berlin bekannt ist"},"content":{"rendered":"<p>          23.05.2025 09:23 Uhr \u2013  02:10 min<\/p>\n<p>              13-J\u00e4hriger auf der Flucht<br \/>\n              Was \u00fcber den jungen Messerangreifer in Berlin bekannt ist<\/p>\n<p>\n              Hubschrauber und Sp\u00fcrhunde werden abgezogen, daf\u00fcr wird der Radius, in dem die Polizei nach dem 13-J\u00e4hrigen sucht, gr\u00f6\u00dfer. Der Junge hatte einen Mitsch\u00fcler mit einem Messer angegriffen und schwer verletzt. ntv-Reporter Ibrahim Kayed erkl\u00e4rt, was die Beh\u00f6rden bisher \u00fcber den T\u00e4ter wissen.<\/p>\n","protected":false},"excerpt":{"rendered":"23.05.2025 09:23 Uhr \u2013 02:10 min 13-J\u00e4hriger auf der Flucht Was \u00fcber den jungen Messerangreifer in Berlin bekannt&hellip;\n","protected":false},"author":2,"featured_media":135366,"comment_status":"","ping_status":"","sticky":false,"template":"","format":"standard","meta":{"footnotes":""},"categories":[1825],"tags":[296,29,30,1000,15330,966],"class_list":{"0":"post-135365","1":"post","2":"type-post","3":"status-publish","4":"format-standard","5":"has-post-thumbnail","7":"category-berlin","8":"tag-berlin","9":"tag-deutschland","10":"tag-germany","11":"tag-gewalt","12":"tag-messerangriffe","13":"tag-schule"},"share_on_mastodon":{"url":"https:\/\/pubeurope.com\/@de\/114561641539943116","error":""},"_links":{"self":[{"href":"https:\/\/www.europesays.com\/de\/wp-json\/wp\/v2\/posts\/135365","targetHints":{"allow":["GET"]}}],"collection":[{"href":"https:\/\/www.europesays.com\/de\/wp-json\/wp\/v2\/posts"}],"about":[{"href":"https:\/\/www.europesays.com\/de\/wp-json\/wp\/v2\/types\/post"}],"author":[{"embeddable":true,"href":"https:\/\/www.europesays.com\/de\/wp-json\/wp\/v2\/users\/2"}],"replies":[{"embeddable":true,"href":"https:\/\/www.europesays.com\/de\/wp-json\/wp\/v2\/comments?post=135365"}],"version-history":[{"count":0,"href":"https:\/\/www.europesays.com\/de\/wp-json\/wp\/v2\/posts\/135365\/revisions"}],"wp:featuredmedia":[{"embeddable":true,"href":"https:\/\/www.europesays.com\/de\/wp-json\/wp\/v2\/media\/135366"}],"wp:attachment":[{"href":"https:\/\/www.europesays.com\/de\/wp-json\/wp\/v2\/media?parent=135365"}],"wp:term":[{"taxonomy":"category","embeddable":true,"href":"https:\/\/www.europesays.com\/de\/wp-json\/wp\/v2\/categories?post=135365"},{"taxonomy":"post_tag","embeddable":true,"href":"https:\/\/www.europesays.com\/de\/wp-json\/wp\/v2\/tags?post=135365"}],"curies":[{"name":"wp","href":"https:\/\/api.w.org\/{rel}","templated":true}]}}