{"id":135390,"date":"2025-05-24T07:43:17","date_gmt":"2025-05-24T07:43:17","guid":{"rendered":"https:\/\/www.europesays.com\/de\/135390\/"},"modified":"2025-05-24T07:43:17","modified_gmt":"2025-05-24T07:43:17","slug":"feierliche-eroeffnung-des-ersten-openai-bueros-in-deutschland","status":"publish","type":"post","link":"https:\/\/www.europesays.com\/de\/135390\/","title":{"rendered":"Feierliche Er\u00f6ffnung des ersten OpenAI-B\u00fcros in Deutschland"},"content":{"rendered":"<ol class=\"id-DonaldBreadcrumb lp_west_breadcrumb id-DonaldBreadcrumb--default\" data-k5a-pos=\"west_breadcrumb\">\n<li class=\"id-Breadcrumb-item\"><a href=\"https:\/\/www.tz.de\/\" class=\"id-Breadcrumb-link\" data-id-ec=\"{\" shn=\"\" textlink=\"\" data-k5a-pos=\"1_tz\" rel=\"nofollow noopener\" target=\"_blank\">tz<\/a><\/li>\n<li class=\"id-Breadcrumb-item\"><a href=\"https:\/\/www.tz.de\/muenchen\/\" class=\"id-Breadcrumb-link\" data-id-ec=\"{\" shn=\"\" textlink=\"\" data-k5a-pos=\"2_muenchen\" rel=\"nofollow noopener\" target=\"_blank\">M\u00fcnchen<\/a><\/li>\n<li class=\"id-Breadcrumb-item\"><a href=\"https:\/\/www.tz.de\/muenchen\/stadt\/\" class=\"id-Breadcrumb-link\" data-id-ec=\"{\" shn=\"\" textlink=\"\" data-k5a-pos=\"3_stadt\" rel=\"nofollow noopener\" target=\"_blank\">Stadt<\/a><\/li>\n<\/ol>\n<p class=\"id-Story-timestamp id-Story-timestamp--default\">Stand: 24.05.2025, 07:03 Uhr<\/p>\n<p class=\"id-Story-authors id-Story-authors--default\">Von: <a class=\"id-Story-authors-link lp_west_author\" href=\"https:\/\/www.tz.de\/autor\/felix-herz-qexc92dmc.html\" title=\"Zur Autorenseite von Felix Herz\" data-id-ec=\"{\" shn=\"\" author-link=\"\" herz=\"\" data-k5a-pos=\"west_author\" rel=\"nofollow noopener\" target=\"_blank\">Felix Herz<\/a><\/p>\n<p class=\"id-Story-interactionBar id-Story-interactionBar--default\">DruckenTeilen<\/p>\n<p class=\"id-StoryElement-leadText\">Am Donnerstagabend wurde gefeiert: OpenAI er\u00f6ffnete sein erstes B\u00fcro Deutschlands in M\u00fcnchen. Entsprechend hoher Besuch gab sich an diesem Abend die Ehre.<\/p>\n<p><img decoding=\"async\" class=\"id-RatioPlaceholder-element wv_story_el_galleryImage\" src=\"https:\/\/www.europesays.com\/de\/wp-content\/uploads\/2025\/05\/1748072594_963_38332660-die-eroeffnungsfeier-zum-ersten-deutschland-buero-von-openai-fand-im-forum-der-zukunft-beim.jpeg\" loading=\"lazy\"   height=\"759\" width=\"1100\" alt=\"Die Er&#xF6;ffnungsfeier zum ersten Deutschland-B&#xFC;ro von OpenAI fand im Forum der Zukunft beim Deutschen Museum statt &#x2013; der Veranstaltungsort wurde entsprechend hergerichtet.\"\/>1 \/ 6Die Er\u00f6ffnungsfeier zum ersten Deutschland-B\u00fcro von OpenAI fand im Forum der Zukunft beim Deutschen Museum statt \u2013 der Veranstaltungsort wurde entsprechend hergerichtet. \u00a9\u00a0OpenAI \/ HILLWIRED<img decoding=\"async\" class=\"id-RatioPlaceholder-element wv_story_el_galleryImage\" src=\"https:\/\/www.europesays.com\/de\/wp-content\/uploads\/2025\/05\/38332730-ausgerechnet-fuer-muenchen-entschied-sich-openai-bei-der-frage-wo-das-erste-buero-in-deutsc.jpeg\" loading=\"lazy\"   height=\"735\" width=\"1100\" alt=\"Ausgerechnet f&#xFC;r M&#xFC;nchen entschied sich OpenAI bei der Frage, wo das erste B&#xFC;ro in Deutschland er&#xF6;ffnet werden soll. &#x201E;Wir sind das Silicon Valley Europas&#x201C;, frohlockte Markus S&#xF6;der.\"\/>2 \/ 6Ausgerechnet f\u00fcr M\u00fcnchen entschied sich OpenAI bei der Frage, wo das erste B\u00fcro in Deutschland er\u00f6ffnet werden soll. \u201eWir sind das Silicon Valley Europas\u201c, frohlockte Markus S\u00f6der. \u00a9\u00a0OpenAI \/ HILLWIRED<img decoding=\"async\" class=\"id-RatioPlaceholder-element wv_story_el_galleryImage\" src=\"https:\/\/www.europesays.com\/de\/wp-content\/uploads\/2025\/05\/38332769-hoher-besuch-bei-der-eroeffnungsfeier-neben-dem-bayerischen-ministerpraesidenten-der-eine-k.jpeg\" loading=\"lazy\"   height=\"825\" width=\"1100\" alt=\"Hoher Besuch bei der Er&#xF6;ffnungsfeier &#x2013; Neben dem bayerischen Ministerpr&#xE4;sidenten, der eine kurze Rede hielt, war auch Brad Lightcap vor Ort. Lightcap ist der COO, der &#x201E;Chief Operating Officer&#x201C; von OpenAI.\"\/>3 \/ 6Hoher Besuch bei der Er\u00f6ffnungsfeier \u2013 Neben dem bayerischen Ministerpr\u00e4sidenten, der eine kurze Rede hielt, war auch Brad Lightcap vor Ort. Lightcap ist der COO, der \u201eChief Operating Officer\u201c von OpenAI. \u00a9\u00a0OpenAI \/ HILLWIRED<img decoding=\"async\" class=\"id-RatioPlaceholder-element wv_story_el_galleryImage\" src=\"https:\/\/www.europesays.com\/de\/wp-content\/uploads\/2025\/05\/1748072596_339_38332599-markus-soeder-liess-es-sich-nicht-nehmen-bei-der-eroeffnung-des-ersten-openai-bueros-in-deu.jpeg\" loading=\"lazy\"   height=\"619\" width=\"1100\" alt=\"Markus S&#xF6;der lie&#xDF; es sich nicht nehmen, bei der Er&#xF6;ffnung des ersten OpenAI-B&#xFC;ros in Deutschland eine kurze, feierliche Rede zu halten.\"\/>4 \/ 6Markus S\u00f6der lie\u00df es sich nicht nehmen, bei der Er\u00f6ffnung des ersten OpenAI-B\u00fcros in Deutschland eine kurze, feierliche Rede zu halten. \u00a9\u00a0Felix Herz \/ OpenAI \/ HILLWIRED \/ Merkur-Collage<img decoding=\"async\" class=\"id-RatioPlaceholder-element wv_story_el_galleryImage\" src=\"https:\/\/www.europesays.com\/de\/wp-content\/uploads\/2025\/05\/38332836-im-rahmen-der-eroeffnungsfeier-gab-es-auch-ein-panel-moderiert-vom-muenchner-nick-turley-op.jpeg\" loading=\"lazy\"   height=\"825\" width=\"1100\" alt=\"Im Rahmen der Er&#xF6;ffnungsfeier gab es auch ein Panel, moderiert vom M&#xFC;nchner Nick Turley, OpenAIs Product Lead. Auf der B&#xFC;hne sa&#xDF;en, von links nach rechts: Dirk Didascalou, Head of Foundational Technologies, Siemens, Prof. Dr. Angela P. Schoellig, Professorin f&#xFC;r Robotik &amp; KI, TUM, Charlotte Rothert, CEO &amp; Mitgr&#xFC;nderin, doinstruct und Mario Clement, Autor, Regisseur &amp; KI-K&#xFC;nstler.\"\/>5 \/ 6Im Rahmen der Er\u00f6ffnungsfeier gab es auch ein Panel, moderiert vom M\u00fcnchner Nick Turley, OpenAIs Product Lead. Auf der B\u00fchne sa\u00dfen, von links nach rechts: Dirk Didascalou, Head of Foundational Technologies, Siemens, Prof. Dr. Angela P. Schoellig, Professorin f\u00fcr Robotik &amp; KI, TUM, Charlotte Rothert, CEO &amp; Mitgr\u00fcnderin, doinstruct und Mario Clement, Autor, Regisseur &amp; KI-K\u00fcnstler. \u00a9\u00a0Felix Herz<img decoding=\"async\" class=\"id-RatioPlaceholder-element wv_story_el_galleryImage\" src=\"https:\/\/www.europesays.com\/de\/wp-content\/uploads\/2025\/05\/38332676-im-streaming-dome-wurde-eine-aufwendige-video-installation-der-deutschen-kuenstler-mario-cl.jpeg\" loading=\"lazy\"   height=\"733\" width=\"1100\" alt=\"Im Streaming Dome wurde eine aufwendige Video-Installation der deutschen K&#xFC;nstler Mario Clement und Looping Lovers gezeigt. Das Besondere &#x2013; die gezeigten Filme wurden mit Sora, OpenAIs Video-KI, erstellt.\"\/>6 \/ 6Im Streaming Dome zeigte OpenAI zudem eine aufwendige Video-Installation der deutschen K\u00fcnstler Mario Clement und Looping Lovers. Das Besondere \u2013 die gezeigten Filme wurden mit Sora, OpenAIs Video-KI, erstellt. \u00a9\u00a0OpenAI \/ HILLWIRED<\/p>\n","protected":false},"excerpt":{"rendered":"tz M\u00fcnchen Stadt Stand: 24.05.2025, 07:03 Uhr Von: Felix Herz DruckenTeilen Am Donnerstagabend wurde gefeiert: OpenAI er\u00f6ffnete sein&hellip;\n","protected":false},"author":2,"featured_media":135391,"comment_status":"","ping_status":"","sticky":false,"template":"","format":"standard","meta":{"footnotes":""},"categories":[134],"tags":[175,170,169,29,30,171,174,173,172],"class_list":{"0":"post-135390","1":"post","2":"type-post","3":"status-publish","4":"format-standard","5":"has-post-thumbnail","7":"category-unternehmen-maerkte","8":"tag-business","9":"tag-companies","10":"tag-companies-markets","11":"tag-deutschland","12":"tag-germany","13":"tag-markets","14":"tag-maerkte","15":"tag-unternehmen","16":"tag-unternehmen-maerkte"},"share_on_mastodon":{"url":"https:\/\/pubeurope.com\/@de\/114561693131661807","error":""},"_links":{"self":[{"href":"https:\/\/www.europesays.com\/de\/wp-json\/wp\/v2\/posts\/135390","targetHints":{"allow":["GET"]}}],"collection":[{"href":"https:\/\/www.europesays.com\/de\/wp-json\/wp\/v2\/posts"}],"about":[{"href":"https:\/\/www.europesays.com\/de\/wp-json\/wp\/v2\/types\/post"}],"author":[{"embeddable":true,"href":"https:\/\/www.europesays.com\/de\/wp-json\/wp\/v2\/users\/2"}],"replies":[{"embeddable":true,"href":"https:\/\/www.europesays.com\/de\/wp-json\/wp\/v2\/comments?post=135390"}],"version-history":[{"count":0,"href":"https:\/\/www.europesays.com\/de\/wp-json\/wp\/v2\/posts\/135390\/revisions"}],"wp:featuredmedia":[{"embeddable":true,"href":"https:\/\/www.europesays.com\/de\/wp-json\/wp\/v2\/media\/135391"}],"wp:attachment":[{"href":"https:\/\/www.europesays.com\/de\/wp-json\/wp\/v2\/media?parent=135390"}],"wp:term":[{"taxonomy":"category","embeddable":true,"href":"https:\/\/www.europesays.com\/de\/wp-json\/wp\/v2\/categories?post=135390"},{"taxonomy":"post_tag","embeddable":true,"href":"https:\/\/www.europesays.com\/de\/wp-json\/wp\/v2\/tags?post=135390"}],"curies":[{"name":"wp","href":"https:\/\/api.w.org\/{rel}","templated":true}]}}