{"id":135431,"date":"2025-05-24T08:05:19","date_gmt":"2025-05-24T08:05:19","guid":{"rendered":"https:\/\/www.europesays.com\/de\/135431\/"},"modified":"2025-05-24T08:05:19","modified_gmt":"2025-05-24T08:05:19","slug":"er-schoss-um-sich-mann-47-von-polizei-niedergeschossen-regional","status":"publish","type":"post","link":"https:\/\/www.europesays.com\/de\/135431\/","title":{"rendered":"Er schoss um sich!: Mann (47) von Polizei niedergeschossen | Regional"},"content":{"rendered":"<p>Bochum \u2013 <b>Erst schoss er (47) mit einer Pistole um sich, jetzt liegt er selbst angeschossen im Krankenhaus: Schie\u00dferei auf einem Supermarktparkplatz in Bochum!<\/b><\/p>\n<p>Laut Polizei soll ein Mann am Freitag in der N\u00e4he eines Discounters im Stadtteil Gerthe mit einer Pistole herum geschossen haben. Zeugen riefen daraufhin gegen 18 Uhr die Polizei. Auf dem Supermarkt-Parkplatz umstellten die Beamten den Mann, doch anstatt sich zu ergeben, richtete er seine <a href=\"https:\/\/www.bild.de\/themen\/specials\/waffen\/news-fotos-videos-17014586.bild.html\" class=\"text-link\" target=\"_blank\" rel=\"noopener\">Waffe<\/a> auf die Polizisten: <\/p>\n<p>\u201eDaraufhin setzten die Beamten die Schusswaffe ein\u201c, hei\u00dft es in einer Pressemitteilung von Polizei und Staatsanwaltschaft Bochum (<a href=\"https:\/\/www.bild.de\/regional\/nordrhein-westfalen\/home-npIP0qL0giWP1ZFIOHn2\" class=\"text-link\" target=\"_blank\" rel=\"noopener\">NRW<\/a>).<\/p>\n<p>Lesen Sie auch<\/p>\n<p><b>Der Mann, ein rum\u00e4nischer Staatsb\u00fcrger, kam ins Krankenhaus. Die Kripo Essen hat aus Gr\u00fcnden der Neutralit\u00e4t die Ermittlungen \u00fcbernommen.<\/b><\/p>\n","protected":false},"excerpt":{"rendered":"Bochum \u2013 Erst schoss er (47) mit einer Pistole um sich, jetzt liegt er selbst angeschossen im Krankenhaus:&hellip;\n","protected":false},"author":2,"featured_media":135432,"comment_status":"","ping_status":"","sticky":false,"template":"","format":"standard","meta":{"footnotes":""},"categories":[1839],"tags":[7507,3364,29,30,1209,121,3856,5995,45],"class_list":{"0":"post-135431","1":"post","2":"type-post","3":"status-publish","4":"format-standard","5":"has-post-thumbnail","7":"category-bochum","8":"tag-bochum","9":"tag-de","10":"tag-deutschland","11":"tag-germany","12":"tag-nordrhein-westfalen","13":"tag-polizei","14":"tag-ruhrgebiet","15":"tag-schiesserei","16":"tag-texttospeech"},"share_on_mastodon":{"url":"https:\/\/pubeurope.com\/@de\/114561779344757595","error":""},"_links":{"self":[{"href":"https:\/\/www.europesays.com\/de\/wp-json\/wp\/v2\/posts\/135431","targetHints":{"allow":["GET"]}}],"collection":[{"href":"https:\/\/www.europesays.com\/de\/wp-json\/wp\/v2\/posts"}],"about":[{"href":"https:\/\/www.europesays.com\/de\/wp-json\/wp\/v2\/types\/post"}],"author":[{"embeddable":true,"href":"https:\/\/www.europesays.com\/de\/wp-json\/wp\/v2\/users\/2"}],"replies":[{"embeddable":true,"href":"https:\/\/www.europesays.com\/de\/wp-json\/wp\/v2\/comments?post=135431"}],"version-history":[{"count":0,"href":"https:\/\/www.europesays.com\/de\/wp-json\/wp\/v2\/posts\/135431\/revisions"}],"wp:featuredmedia":[{"embeddable":true,"href":"https:\/\/www.europesays.com\/de\/wp-json\/wp\/v2\/media\/135432"}],"wp:attachment":[{"href":"https:\/\/www.europesays.com\/de\/wp-json\/wp\/v2\/media?parent=135431"}],"wp:term":[{"taxonomy":"category","embeddable":true,"href":"https:\/\/www.europesays.com\/de\/wp-json\/wp\/v2\/categories?post=135431"},{"taxonomy":"post_tag","embeddable":true,"href":"https:\/\/www.europesays.com\/de\/wp-json\/wp\/v2\/tags?post=135431"}],"curies":[{"name":"wp","href":"https:\/\/api.w.org\/{rel}","templated":true}]}}