{"id":135497,"date":"2025-05-24T08:41:09","date_gmt":"2025-05-24T08:41:09","guid":{"rendered":"https:\/\/www.europesays.com\/de\/135497\/"},"modified":"2025-05-24T08:41:09","modified_gmt":"2025-05-24T08:41:09","slug":"miqua-feiert-richtfest-radio-koeln","status":"publish","type":"post","link":"https:\/\/www.europesays.com\/de\/135497\/","title":{"rendered":"MiQua feiert Richtfest &#8211; Radio K\u00f6ln"},"content":{"rendered":"<p class=\"small date article__date\">Ver\u00f6ffentlicht:\u00a0Samstag, 24.05.2025 10:09<\/p>\n<p>Noch gibt es in der Innenstadt eine gro\u00dfe Baustelle f\u00fcr das J\u00fcdische Museum MiQua. Am Freitag ging es aber einen gro\u00dfen Schritt in Richtung Fertigstellung. Das J\u00fcdische Museum  hat Richtfest gefeiert. Der Rohbau steht jetzt  nach fast zehn Jahren. <\/p>\n<p><img decoding=\"async\" alt=\"\" src=\"https:\/\/www.europesays.com\/de\/wp-content\/uploads\/2025\/05\/170217_pers_guelichplatz-m.-copyright-neu.jpg&#038;crop=0x40x640x400&#038;resize=640x400&#038;dt=201906130840510.jpeg\" data-size=\"640x400\"\/>\u00a9 Wandel Lorch Architekten<\/p>\n<p>Auf rund 6.000 Quadratmetern entsteht eines der gr\u00f6\u00dften j\u00fcdischen Museen Europas. Das Museum ist wie ein Eisberg angelegt: Ein Gro\u00dfteil der arch\u00e4ologischen Funde liegt unter der Erde.<\/p>\n<p>Das MiQua hat vor allem in dieser Zeit mit wachsendem Antisemitismus und antidemokratischen Str\u00f6mungen eine wichtige Funktion, sagt Museumsleiter Thomas Otten:<\/p>\n<blockquote><p>Das schlimmste ist Unkenntnis. Das einzige Mittel dagegen vorzugehen ist schon bei ganz jungen Menschen in den Schulen anzusetzen, damit die Ann\u00e4herungshindernisse beseitigt werden. Das ist unsere Hauptaufgabe.<\/p><\/blockquote>\n<p>Bei der Er\u00f6ffnung dabei waren NRW-Kultusministerin Brandes, Oberb\u00fcrgermeisterin Reker und der Architekt Wolfgang Lorch. Das Museum soll 2027 fertig sein. (AD)<\/p>\n","protected":false},"excerpt":{"rendered":"Ver\u00f6ffentlicht:\u00a0Samstag, 24.05.2025 10:09 Noch gibt es in der Innenstadt eine gro\u00dfe Baustelle f\u00fcr das J\u00fcdische Museum MiQua. Am&hellip;\n","protected":false},"author":2,"featured_media":135498,"comment_status":"","ping_status":"","sticky":false,"template":"","format":"standard","meta":{"footnotes":""},"categories":[1828],"tags":[2499,49814,29,30,1420,1209,20253],"class_list":{"0":"post-135497","1":"post","2":"type-post","3":"status-publish","4":"format-standard","5":"has-post-thumbnail","7":"category-koeln","8":"tag-kln","9":"tag-jdisches-museum","10":"tag-deutschland","11":"tag-germany","12":"tag-koeln","13":"tag-nordrhein-westfalen","14":"tag-richtfest"},"share_on_mastodon":{"url":"https:\/\/pubeurope.com\/@de\/114561920786670685","error":""},"_links":{"self":[{"href":"https:\/\/www.europesays.com\/de\/wp-json\/wp\/v2\/posts\/135497","targetHints":{"allow":["GET"]}}],"collection":[{"href":"https:\/\/www.europesays.com\/de\/wp-json\/wp\/v2\/posts"}],"about":[{"href":"https:\/\/www.europesays.com\/de\/wp-json\/wp\/v2\/types\/post"}],"author":[{"embeddable":true,"href":"https:\/\/www.europesays.com\/de\/wp-json\/wp\/v2\/users\/2"}],"replies":[{"embeddable":true,"href":"https:\/\/www.europesays.com\/de\/wp-json\/wp\/v2\/comments?post=135497"}],"version-history":[{"count":0,"href":"https:\/\/www.europesays.com\/de\/wp-json\/wp\/v2\/posts\/135497\/revisions"}],"wp:featuredmedia":[{"embeddable":true,"href":"https:\/\/www.europesays.com\/de\/wp-json\/wp\/v2\/media\/135498"}],"wp:attachment":[{"href":"https:\/\/www.europesays.com\/de\/wp-json\/wp\/v2\/media?parent=135497"}],"wp:term":[{"taxonomy":"category","embeddable":true,"href":"https:\/\/www.europesays.com\/de\/wp-json\/wp\/v2\/categories?post=135497"},{"taxonomy":"post_tag","embeddable":true,"href":"https:\/\/www.europesays.com\/de\/wp-json\/wp\/v2\/tags?post=135497"}],"curies":[{"name":"wp","href":"https:\/\/api.w.org\/{rel}","templated":true}]}}