{"id":135521,"date":"2025-05-24T08:53:10","date_gmt":"2025-05-24T08:53:10","guid":{"rendered":"https:\/\/www.europesays.com\/de\/135521\/"},"modified":"2025-05-24T08:53:10","modified_gmt":"2025-05-24T08:53:10","slug":"pietro-lombardi-ueberrascht-mit-platinblondem-haar-und-neuem-look","status":"publish","type":"post","link":"https:\/\/www.europesays.com\/de\/135521\/","title":{"rendered":"Pietro Lombardi \u00fcberrascht mit platinblondem Haar und neuem Look"},"content":{"rendered":"<p>\n                                                                                                                                                    24.05.2025\u00a010:00\u00a019.717\n                            <\/p>\n<p>            Pietro Lombardi legt Cappy ab und zeigt neue Frisur: Fans geschockt!<\/p>\n<p>Pietro Lombardi hat sich bei Friseur seines Vertrauens eine Typver\u00e4nderung geg\u00f6nnt &#8211; und die betrifft seine Haare. Der S\u00e4nger sieht nun komplett ver\u00e4ndert aus!<\/p>\n<p>K\u00f6ln &#8211; <b>Dieser Anblick \u00fcberrascht: <\/b><a href=\"https:\/\/www.tag24.de\/unterhaltung\/promis\/pietro-lombardi\" rel=\"nofollow noopener\" target=\"_blank\">Pietro Lombardi <\/a><b>(32) hat sich beim Friseur seines Vertrauens eine Typver\u00e4nderung geg\u00f6nnt &#8211; und die betrifft sein Haupthaar. So wie man ihn kennt, sieht der S\u00e4nger nicht mehr aus!<\/b><\/p>\n<p class=\"article__ai-summary__content__title\">\n                    Alles in K\u00fcrze\n                <\/p>\n<ul class=\"article__ai-summary__content__list\">\n<li>Pietro Lombardi zeigt neue Frisur ohne Cap.<\/li>\n<li>Der S\u00e4nger hat platinblonde Haare.<\/li>\n<li>Fans sind von der Typver\u00e4nderung geschockt.<\/li>\n<li>Lombardi pr\u00e4sentiert neuen Look auf TikTok.<\/li>\n<li>Die Verwandlung ist ein Schock f\u00fcr seine Fans.<\/li>\n<\/ul>\n<p class=\"article__ai-summary__content__footer\">KI-generierte Zusammenfassung des Artikels<\/p>\n<p>            <img loading=\"lazy\" decoding=\"async\" class=\"article__img\" alt=\"Ohne seine Cappy auf dem Kopf bekommt man Pietro Lombardi (32) nur \u00e4u\u00dferst selten zu Gesicht.\" width=\"951\" height=\"634\" src=\"https:\/\/www.europesays.com\/de\/wp-content\/uploads\/2025\/05\/0mi666ek8o3h7aus6lus8ck84kezjcpe.jpg\"  \/><\/p>\n<p>            Ohne seine Cappy auf dem Kopf bekommt man Pietro Lombardi (32) nur \u00e4u\u00dferst selten zu Gesicht.\u00a0\u00a0\u00a9\u00a0Bodo Schackow\/dpa-Zentralbild\/dpa<\/p>\n<p>Ohne Cap bekommt man den Entertainer eigentlich nie zu Gesicht. Die Kopfbedeckung ist l\u00e4ngst zu seinem Markenzeichen geworden. Jetzt zeigte sich der 32-J\u00e4hrige tats\u00e4chlich mal wieder oben ohne und offenbarte, was sich unter dem Stoff verbirgt.<\/p>\n<p>F\u00fcr ein neues <a href=\"https:\/\/www.tag24.de\/thema\/internet\/soziale-medien\/tiktok\" rel=\"nofollow noopener\" target=\"_blank\">TikTok<\/a> seines angestammten Scheren-Virtuosen zeigt sich Pietro ohne seinen steten Begleiter auf der Murmel. Der Grund: Er m\u00f6chte seinen neuen Look pr\u00e4sentieren. Und der haut die Fans einfach mal komplett aus den Socken.<\/p>\n<p>Der &#8222;Cinderella&#8220;-Interpret hat sich nicht blo\u00df einen neuen, stylischen Schnitt verpassen lassen, nein, er lie\u00df auch gleich noch die Haarfarbe \u00e4ndern. Aus dunkelblond wurde ein mutiges platinblond. F\u00fcr viele Fans ist er nun kaum wiederzuerkennen.<\/p>\n<p>                             <a data-aid=\"3384389\" data-atype=\"news\" data-aplacement=\"inread-article\" data-aplacementid=\"3388461\" href=\"https:\/\/www.tag24.de\/entertainment\/pietro-lombardi-verraet-intim-detail-so-lang-ist-sein-bestes-stueck-3384389\" rel=\"nofollow noopener\" target=\"_blank\"><img loading=\"lazy\" decoding=\"async\" width=\"85\" height=\"57\" alt=\"Pietro Lombardi verr\u00e4t Intim-Detail: So lang ist sein bestes St\u00fcck\" src=\"https:\/\/www.europesays.com\/de\/wp-content\/uploads\/2025\/05\/1748076790_547_09mc7sk0vvxk8y3zevsxkxscdlka668d.jpg\"\/><\/a><\/p>\n<p>            Pietro Lombardi<br \/>\n                            <a class=\"inread-article__headline\" data-aid=\"3384389\" data-atype=\"news\" data-aplacement=\"inread-article\" data-aplacementid=\"3388461\" href=\"https:\/\/www.tag24.de\/entertainment\/pietro-lombardi-verraet-intim-detail-so-lang-ist-sein-bestes-stueck-3384389\" rel=\"nofollow noopener\" target=\"_blank\">Pietro Lombardi verr\u00e4t Intim-Detail: So lang ist sein bestes St\u00fcck<\/a><\/p>\n<p><b>&#8222;Mein Bruder ohne K\u00e4ppi Modell&#8220;, schreibt der Lombi-Barbier unter sein Video, das den dreifachen Familienvater l\u00e4ssig im Friseurstuhl zeigt. Direkt auf den ersten Blick sieht man die haarige Ver\u00e4nderung.<\/b><\/p>\n<p>    Fans von Typver\u00e4nderung v\u00f6llig geflasht: &#8222;Ein ganz neuer Mann!&#8220;<\/p>\n<p>            <img decoding=\"async\" class=\"article__img\" alt=\"F\u00fcr eine Typver\u00e4nderung machte der Entertainer jetzt eine Ausnahme, Sein neuer Look: platinblond.\" width=\"951\" height=\"634\" loading=\"lazy\" src=\"https:\/\/www.europesays.com\/de\/wp-content\/uploads\/2025\/05\/hwok5wubjeoll1cer74grie178tdj7mx.jpg\"  \/><\/p>\n<p>            F\u00fcr eine Typver\u00e4nderung machte der Entertainer jetzt eine Ausnahme, Sein neuer Look: platinblond.\u00a0\u00a0\u00a9\u00a0Bildmontage: tiktok\/barbershopbysuher (Screenshots)<\/p>\n<p>Die Farbe leuchtet so krass, dass Betrachter meinen k\u00f6nnten, der Verlobte von <a href=\"https:\/\/www.tag24.de\/unterhaltung\/promis\/laura-maria-rypa\" rel=\"nofollow noopener\" target=\"_blank\">Laura Maria Rypa<\/a> (29) h\u00e4tte gleich seinen ganzen Schopf in Wasserstoffperoxid getr\u00e4nkt. In Rahmen des Clips wird die Verwandlung von Beginn an festgehalten.<\/p>\n<p>Erste Aufnahmen zeigen die typisch hellblaue Blondierung, weitere Schnipsel pr\u00e4sentieren den dreifachen Familienvater mit Alufolie um die gebleichten Str\u00e4hnen. Abschlie\u00dfend pr\u00e4sentiert Pietro dann noch eine Rundum-Ansicht seiner aufgepimpten Kurzhaarfrisur.<\/p>\n<p>F\u00fcr seine Fans ist das ver\u00e4nderte \u00e4u\u00dfere Erscheinungsbild ihres Idols erst einmal &#8222;ein Schock&#8220;, den es zu &#8222;verdauen&#8220; gilt. Allein die Tatsache, Pie ohne Cappy zu sehen, ist schon sensationell. Dazu jetzt noch platinblonde Haare &#8211; die Kr\u00f6nung.<\/p>\n<p>                             <a data-aid=\"3387195\" data-atype=\"news\" data-aplacement=\"inread-article\" data-aplacementid=\"3388461\" href=\"https:\/\/www.tag24.de\/unterhaltung\/promis\/pietro-lombardi\/pietro-lombardi-und-laura-maria-baby-news-oder-missverstaendnis-3387195\" rel=\"nofollow noopener\" target=\"_blank\"><img loading=\"lazy\" decoding=\"async\" width=\"85\" height=\"57\" alt=\"Pietro Lombardi teilt Foto mit schwangerer Laura: Wird der S\u00e4nger etwa zum vierten Mal Vater?\" src=\"https:\/\/www.europesays.com\/de\/wp-content\/uploads\/2025\/05\/r9v30v9o76qwwofkief6wpk2jjmd2cay.jpg\"\/><\/a><\/p>\n<p>            Pietro Lombardi<br \/>\n                            <a class=\"inread-article__headline\" data-aid=\"3387195\" data-atype=\"news\" data-aplacement=\"inread-article\" data-aplacementid=\"3388461\" href=\"https:\/\/www.tag24.de\/unterhaltung\/promis\/pietro-lombardi\/pietro-lombardi-und-laura-maria-baby-news-oder-missverstaendnis-3387195\" rel=\"nofollow noopener\" target=\"_blank\">Pietro Lombardi teilt Foto mit schwangerer Laura: Wird der S\u00e4nger etwa zum vierten Mal Vater?<\/a><\/p>\n<p><b>&#8222;Echt ein ganz anderer Mann&#8220;, lautet ein Fazit aus seiner Community. Und falls es ihm selbst doch nicht mehr gef\u00e4llt, kann er sich wie gewohnt seine Kopfbedeckung aufziehen und schon f\u00e4llt die Ver\u00e4nderung nicht mehr auf. Praktisch.<\/b><\/p>\n<p>Titelfoto: Bildmontage: tiktok\/barbershopbysuher (Screenshot), Bodo Schackow\/dpa-Zentralbild\/dpa<\/p>\n","protected":false},"excerpt":{"rendered":"24.05.2025\u00a010:00\u00a019.717 Pietro Lombardi legt Cappy ab und zeigt neue Frisur: Fans geschockt! Pietro Lombardi hat sich bei Friseur&hellip;\n","protected":false},"author":2,"featured_media":135522,"comment_status":"","ping_status":"","sticky":false,"template":"","format":"standard","meta":{"footnotes":""},"categories":[1776],"tags":[1801,29,214,30,1802,215],"class_list":{"0":"post-135521","1":"post","2":"type-post","3":"status-publish","4":"format-standard","5":"has-post-thumbnail","7":"category-prominente","8":"tag-celebrities","9":"tag-deutschland","10":"tag-entertainment","11":"tag-germany","12":"tag-prominente","13":"tag-unterhaltung"},"share_on_mastodon":{"url":"https:\/\/pubeurope.com\/@de\/114561968385305526","error":""},"_links":{"self":[{"href":"https:\/\/www.europesays.com\/de\/wp-json\/wp\/v2\/posts\/135521","targetHints":{"allow":["GET"]}}],"collection":[{"href":"https:\/\/www.europesays.com\/de\/wp-json\/wp\/v2\/posts"}],"about":[{"href":"https:\/\/www.europesays.com\/de\/wp-json\/wp\/v2\/types\/post"}],"author":[{"embeddable":true,"href":"https:\/\/www.europesays.com\/de\/wp-json\/wp\/v2\/users\/2"}],"replies":[{"embeddable":true,"href":"https:\/\/www.europesays.com\/de\/wp-json\/wp\/v2\/comments?post=135521"}],"version-history":[{"count":0,"href":"https:\/\/www.europesays.com\/de\/wp-json\/wp\/v2\/posts\/135521\/revisions"}],"wp:featuredmedia":[{"embeddable":true,"href":"https:\/\/www.europesays.com\/de\/wp-json\/wp\/v2\/media\/135522"}],"wp:attachment":[{"href":"https:\/\/www.europesays.com\/de\/wp-json\/wp\/v2\/media?parent=135521"}],"wp:term":[{"taxonomy":"category","embeddable":true,"href":"https:\/\/www.europesays.com\/de\/wp-json\/wp\/v2\/categories?post=135521"},{"taxonomy":"post_tag","embeddable":true,"href":"https:\/\/www.europesays.com\/de\/wp-json\/wp\/v2\/tags?post=135521"}],"curies":[{"name":"wp","href":"https:\/\/api.w.org\/{rel}","templated":true}]}}