{"id":135621,"date":"2025-05-24T09:46:08","date_gmt":"2025-05-24T09:46:08","guid":{"rendered":"https:\/\/www.europesays.com\/de\/135621\/"},"modified":"2025-05-24T09:46:08","modified_gmt":"2025-05-24T09:46:08","slug":"grossbrand-in-dresden-grosszschachwitz-geloescht-mdr-de","status":"publish","type":"post","link":"https:\/\/www.europesays.com\/de\/135621\/","title":{"rendered":"Gro\u00dfbrand in Dresden-Gro\u00dfzschachwitz gel\u00f6scht | MDR.DE"},"content":{"rendered":"<p>Recyclingfirma muss Brandreste als Sonderm\u00fcll entsorgen<\/p>\n<p class=\"text\">\nDer Brand habe unter gro\u00dfem Aufwand gel\u00f6scht werden m\u00fcssen, so Klahre. Den brennenden M\u00fcll &#8211; verschiedenste M\u00fcllsorten &#8211; brachten die Feuerwehrleute mit Hilfe des THW unter anderem mit Greifbaggern und Radladern aus der Recyclinghalle ins Freie. Erschwerend sei hinzugekommen, dass sich tragende Teile der Halle wegen der Hitze verformten und einsturzgef\u00e4hrdet waren. Feuerwehrleute konnten deswegen nicht innerhalb des Geb\u00e4udes arbeiten.\n<\/p>\n<p class=\"text\">\nDer M\u00fcllhaufen sei mit Wasser und Schaum gel\u00f6scht worden, erkl\u00e4rt Klahre. Die Brandreste seien Sonderm\u00fcll, der nun vom Recyclingunternehmen entsorgt werden m\u00fcssen. Die Firma habe die Brandwache \u00fcbernommen. Die Brandursache werde ermittelt.\n<\/p>\n<p>Bewohner mussten Fenster wegen Rauch geschlossen halten<\/p>\n<p class=\"text\">\nDas Feuer war am fr\u00fchen Freitagmorgen am &#8222;Am Lugaer Graben&#8220; ausgebrochen. Anwohner waren wegen des Rauchs gebeten worden, im Umkreis von einem Kilometer um die Einsatzstelle Fenster und T\u00fcren geschlossen zu halten. Die Warnung wurde am Freitag wieder aufgehoben.<\/p>\n","protected":false},"excerpt":{"rendered":"Recyclingfirma muss Brandreste als Sonderm\u00fcll entsorgen Der Brand habe unter gro\u00dfem Aufwand gel\u00f6scht werden m\u00fcssen, so Klahre. Den&hellip;\n","protected":false},"author":2,"featured_media":135622,"comment_status":"","ping_status":"","sticky":false,"template":"","format":"standard","meta":{"footnotes":""},"categories":[1835],"tags":[2919,3364,29,2386,987,985,30,49839,81,14,859,17764],"class_list":{"0":"post-135621","1":"post","2":"type-post","3":"status-publish","4":"format-standard","5":"has-post-thumbnail","7":"category-dresden","8":"tag-brand","9":"tag-de","10":"tag-deutschland","11":"tag-dresden","12":"tag-feuer","13":"tag-feuerwehr","14":"tag-germany","15":"tag-grosssschachwitz","16":"tag-mdr","17":"tag-nachrichten","18":"tag-sachsen","19":"tag-wertstoffhof"},"share_on_mastodon":{"url":"https:\/\/pubeurope.com\/@de\/114562176323186517","error":""},"_links":{"self":[{"href":"https:\/\/www.europesays.com\/de\/wp-json\/wp\/v2\/posts\/135621","targetHints":{"allow":["GET"]}}],"collection":[{"href":"https:\/\/www.europesays.com\/de\/wp-json\/wp\/v2\/posts"}],"about":[{"href":"https:\/\/www.europesays.com\/de\/wp-json\/wp\/v2\/types\/post"}],"author":[{"embeddable":true,"href":"https:\/\/www.europesays.com\/de\/wp-json\/wp\/v2\/users\/2"}],"replies":[{"embeddable":true,"href":"https:\/\/www.europesays.com\/de\/wp-json\/wp\/v2\/comments?post=135621"}],"version-history":[{"count":0,"href":"https:\/\/www.europesays.com\/de\/wp-json\/wp\/v2\/posts\/135621\/revisions"}],"wp:featuredmedia":[{"embeddable":true,"href":"https:\/\/www.europesays.com\/de\/wp-json\/wp\/v2\/media\/135622"}],"wp:attachment":[{"href":"https:\/\/www.europesays.com\/de\/wp-json\/wp\/v2\/media?parent=135621"}],"wp:term":[{"taxonomy":"category","embeddable":true,"href":"https:\/\/www.europesays.com\/de\/wp-json\/wp\/v2\/categories?post=135621"},{"taxonomy":"post_tag","embeddable":true,"href":"https:\/\/www.europesays.com\/de\/wp-json\/wp\/v2\/tags?post=135621"}],"curies":[{"name":"wp","href":"https:\/\/api.w.org\/{rel}","templated":true}]}}