{"id":135640,"date":"2025-05-24T09:56:12","date_gmt":"2025-05-24T09:56:12","guid":{"rendered":"https:\/\/www.europesays.com\/de\/135640\/"},"modified":"2025-05-24T09:56:12","modified_gmt":"2025-05-24T09:56:12","slug":"fest-bei-wind-und-regen-gestartet","status":"publish","type":"post","link":"https:\/\/www.europesays.com\/de\/135640\/","title":{"rendered":"Fest bei Wind und Regen gestartet"},"content":{"rendered":"<p class=\"text_ohne_einzug richtext text-em-55 !leading-serif mx-6 desktop:mx-0\">Das Wetter f\u00fcr die Japan-Fans \u2013 es war schon freundlicher in <a href=\"https:\/\/rp-online.de\/thema\/duesseldorf\/\" rel=\"nofollow noopener\" target=\"_blank\">D\u00fcsseldorf<\/a>. Wind und Regen begr\u00fc\u00dften sie am Samstagmorgen. Ansonsten will sich die Stadt wieder als perfekter Gastgeber f\u00fcr Hunderttausende Besucher zeigen. Der <a href=\"https:\/\/rp-online.de\/thema\/japan-tag\/\" rel=\"nofollow noopener\" target=\"_blank\">Japan-Tag<\/a>, das gr\u00f6\u00dfte Fest seiner Art in Europa, zog im Vorjahr 630.000 Menschen an. Nun ist es wieder so weit: Die ersten Fans sind schon in der Stadt. So bildeten sich bereits Schlangen etwa vor der Soboro Korean Bakery oder dem Manga-Mafia Store.<\/p>\n","protected":false},"excerpt":{"rendered":"Das Wetter f\u00fcr die Japan-Fans \u2013 es war schon freundlicher in D\u00fcsseldorf. Wind und Regen begr\u00fc\u00dften sie am&hellip;\n","protected":false},"author":2,"featured_media":135641,"comment_status":"","ping_status":"","sticky":false,"template":"","format":"standard","meta":{"footnotes":""},"categories":[1831],"tags":[5241,3364,29,3405,30,49240,372,1209,7789,1781,17461],"class_list":{"0":"post-135640","1":"post","2":"type-post","3":"status-publish","4":"format-standard","5":"has-post-thumbnail","7":"category-duesseldorf","8":"tag-blick","9":"tag-de","10":"tag-deutschland","11":"tag-duesseldorf","12":"tag-germany","13":"tag-hunderttausende","14":"tag-japan","15":"tag-nordrhein-westfalen","16":"tag-programm","17":"tag-tag","18":"tag-ueberblick"},"share_on_mastodon":{"url":"https:\/\/pubeurope.com\/@de\/114562215795470093","error":""},"_links":{"self":[{"href":"https:\/\/www.europesays.com\/de\/wp-json\/wp\/v2\/posts\/135640","targetHints":{"allow":["GET"]}}],"collection":[{"href":"https:\/\/www.europesays.com\/de\/wp-json\/wp\/v2\/posts"}],"about":[{"href":"https:\/\/www.europesays.com\/de\/wp-json\/wp\/v2\/types\/post"}],"author":[{"embeddable":true,"href":"https:\/\/www.europesays.com\/de\/wp-json\/wp\/v2\/users\/2"}],"replies":[{"embeddable":true,"href":"https:\/\/www.europesays.com\/de\/wp-json\/wp\/v2\/comments?post=135640"}],"version-history":[{"count":0,"href":"https:\/\/www.europesays.com\/de\/wp-json\/wp\/v2\/posts\/135640\/revisions"}],"wp:featuredmedia":[{"embeddable":true,"href":"https:\/\/www.europesays.com\/de\/wp-json\/wp\/v2\/media\/135641"}],"wp:attachment":[{"href":"https:\/\/www.europesays.com\/de\/wp-json\/wp\/v2\/media?parent=135640"}],"wp:term":[{"taxonomy":"category","embeddable":true,"href":"https:\/\/www.europesays.com\/de\/wp-json\/wp\/v2\/categories?post=135640"},{"taxonomy":"post_tag","embeddable":true,"href":"https:\/\/www.europesays.com\/de\/wp-json\/wp\/v2\/tags?post=135640"}],"curies":[{"name":"wp","href":"https:\/\/api.w.org\/{rel}","templated":true}]}}