{"id":13572,"date":"2025-04-07T17:17:08","date_gmt":"2025-04-07T17:17:08","guid":{"rendered":"https:\/\/www.europesays.com\/de\/13572\/"},"modified":"2025-04-07T17:17:08","modified_gmt":"2025-04-07T17:17:08","slug":"esslinger-entenrennen-2025-9000-gummitiere-schwimmen-um-die-wette-esslingen","status":"publish","type":"post","link":"https:\/\/www.europesays.com\/de\/13572\/","title":{"rendered":"Esslinger Entenrennen 2025: 9000 Gummitiere schwimmen um die Wette &#8211; Esslingen"},"content":{"rendered":"<p>\t\t\t\t\t\t\t\t\t\t\t\t\t\t\t\t\t\t\t\t\t\t\t\t\t\t\t\t\t\t\t\t\t\t\t\t   \t\t\t\t\t \t\t\t\t   \t      \t\t\t\t   <img decoding=\"async\" id=\"article-image\" fetchpriority=\"high\" alt=\"Esslinger Entenrennen 2025: 9000 Gummitiere schwimmen um die Wette\" onclick=\"var pA=document.createElement('a');pA.setAttribute('href','https:\/\/www.esslinger-zeitung.de\/gallery.esslinger-entenrennen-2025-9000-gummitiere-schwimmen-um-die-wette.fbe78908-d9b8-4245-8f01-51216cf1af09.html'),pA.click();\" title=\"Esslinger Entenrennen 2025: 9000 Gummitiere schwimmen um die Wette\" src=\"https:\/\/www.europesays.com\/de\/wp-content\/uploads\/2025\/04\/media.media.862f538d-e93d-4a60-a03c-a2ccea0ce466.original700.jpg\" data-linkto=\"https:\/\/www.esslinger-zeitung.de\/gallery.esslinger-entenrennen-2025-9000-gummitiere-schwimmen-um-die-wette.fbe78908-d9b8-4245-8f01-51216cf1af09.html\"\/>\t\t\t\t\t\t\t\t\t\t\t\t\t\t\t\t\t\t\t\t\t\t\t\t9000 Enten wurden zum Rennen im Wehrneckarkanal losgeschickt.\u00a0Foto: Andreas Rosar\t\t\t<\/p>\n<p>Das Esslinger Entenrennen hat auch an diesem Sonntag wieder Massen an den Wehrneckarkanal gezogen. Knapp 9000 Gummitiere schwammen vom Maillepark bis zur Agnesbr\u00fccke. Der Verein Round Table organisierte die Veranstaltung im Rahmen des Esslinger Fr\u00fchlings f\u00fcr den guten Zweck.<\/p>\n<p>Rund um den Wehrneckarkanal in <a href=\"https:\/\/www.esslinger-zeitung.de\/thema\/Esslingen\" title=\"Esslingen\" class=\"art_thema\" target=\"_blank\" rel=\"noopener\">Esslingen<\/a> war am Sonntagmittag kaum Durchkommen. Massen an Zuschauern standen an den Gel\u00e4ndern entlang des Kanals und am Ziel an der Agnesbr\u00fccke, um das Entenrennen zu verfolgen.<\/p>\n<p>9000 der gelben und teilweise roten Gummitierchen waren um 12 Uhr mit einem Lastwagen von der Vogelsangbr\u00fccke an der Maille aus ins Wasser gekippt worden. Etwa 40 Minuten sp\u00e4ter wurden \u2013 nach Eintreffen der Enten am Ziel an der Agnesbr\u00fccke \u2013 die ersten Gewinner verk\u00fcndet. <\/p>\n<p>Entenrennen f\u00fcr den guten Zweck <\/p>\n<p>Die Veranstaltung fand w\u00e4hrend des Esslinger Fr\u00fchlings statt. Am Samstag und Sonntag sind zahlreiche Besucherinnen und Besucher zum Shoppen in den ge\u00f6ffneten Gesch\u00e4ften, auf die Gartentage oder ins Heiges-Spieleparadies gestr\u00f6mt.<\/p>\n<p>Der Verein Round Table 161 Esslingen veranstaltete das Entenrennen zum 16. Mal f\u00fcr den guten Zweck. Mehr als 65 000 Euro kamen in diesem Jahr zusammen. Sie gehen unter anderem an das Kinderzentrum Agapedia und die Beratungsstelle Wildwasser.<\/p>\n<p>Die Enten waren mit Nummern versehen, denen Lose entsprachen. Die Gewinner konnten sich auf Preise wie E-Bikes, einen Diamanten oder einen Tanzkurs freuen.<\/p>\n","protected":false},"excerpt":{"rendered":"9000 Enten wurden zum Rennen im Wehrneckarkanal losgeschickt.\u00a0Foto: Andreas Rosar Das Esslinger Entenrennen hat auch an diesem Sonntag&hellip;\n","protected":false},"author":2,"featured_media":13573,"comment_status":"","ping_status":"","sticky":false,"template":"","format":"standard","meta":{"footnotes":""},"categories":[1830],"tags":[1634,3364,29,5323,3439,5322,30,5324,1441,5329,9598],"class_list":{"0":"post-13572","1":"post","2":"type-post","3":"status-publish","4":"format-standard","5":"has-post-thumbnail","7":"category-stuttgart","8":"tag-baden-wuerttemberg","9":"tag-de","10":"tag-deutschland","11":"tag-entenrennen","12":"tag-esslingen","13":"tag-esslinger-fruehling","14":"tag-germany","15":"tag-round-table","16":"tag-stuttgart","17":"tag-video","18":"tag-wehrneckarkanal"},"share_on_mastodon":{"url":"https:\/\/pubeurope.com\/@de\/114297821157095104","error":""},"_links":{"self":[{"href":"https:\/\/www.europesays.com\/de\/wp-json\/wp\/v2\/posts\/13572","targetHints":{"allow":["GET"]}}],"collection":[{"href":"https:\/\/www.europesays.com\/de\/wp-json\/wp\/v2\/posts"}],"about":[{"href":"https:\/\/www.europesays.com\/de\/wp-json\/wp\/v2\/types\/post"}],"author":[{"embeddable":true,"href":"https:\/\/www.europesays.com\/de\/wp-json\/wp\/v2\/users\/2"}],"replies":[{"embeddable":true,"href":"https:\/\/www.europesays.com\/de\/wp-json\/wp\/v2\/comments?post=13572"}],"version-history":[{"count":0,"href":"https:\/\/www.europesays.com\/de\/wp-json\/wp\/v2\/posts\/13572\/revisions"}],"wp:featuredmedia":[{"embeddable":true,"href":"https:\/\/www.europesays.com\/de\/wp-json\/wp\/v2\/media\/13573"}],"wp:attachment":[{"href":"https:\/\/www.europesays.com\/de\/wp-json\/wp\/v2\/media?parent=13572"}],"wp:term":[{"taxonomy":"category","embeddable":true,"href":"https:\/\/www.europesays.com\/de\/wp-json\/wp\/v2\/categories?post=13572"},{"taxonomy":"post_tag","embeddable":true,"href":"https:\/\/www.europesays.com\/de\/wp-json\/wp\/v2\/tags?post=13572"}],"curies":[{"name":"wp","href":"https:\/\/api.w.org\/{rel}","templated":true}]}}