{"id":135815,"date":"2025-05-24T11:35:12","date_gmt":"2025-05-24T11:35:12","guid":{"rendered":"https:\/\/www.europesays.com\/de\/135815\/"},"modified":"2025-05-24T11:35:12","modified_gmt":"2025-05-24T11:35:12","slug":"carsten-kluths-buch-zeitstroeme-ueber-fluesse-und-menschen","status":"publish","type":"post","link":"https:\/\/www.europesays.com\/de\/135815\/","title":{"rendered":"Carsten Kluths Buch \u201eZeitstr\u00f6me. \u00dcber Fl\u00fcsse und Menschen\u201c"},"content":{"rendered":"<p>            Nature Writing<\/p>\n<p>                    <img decoding=\"async\" loading=\"lazy\" class=\"internal-image\" title=\"Ein Luftbild der Stadt Henley-on-Thames umgeben von gr\u00fcnen Feldern und Wasser.\" alt=\"Ein Luftbild der Stadt Henley-on-Thames umgeben von gr\u00fcnen Feldern und Wasser.\" src=\"https:\/\/www.europesays.com\/de\/wp-content\/uploads\/2025\/05\/fluss-themse-100-1920x1080.jpg\" \/><\/p>\n<p>                Die Themse ist einer der Fl\u00fcsse, an denen Carsten Kluth im Rahmen seiner Recherche f\u00fcr sein neues Buch entlanggewandert ist \u00a9 IMAGO \/ Pond5 Images \/ xWirestockx<\/p>\n<p>Kupferberg, Shelly | 24. Mai 2025, 11:20 Uhr<\/p>\n<ul class=\"b-social-icons\">\n<li class=\"social-icons-item\">\n<p>                    Link kopieren\/teilen<\/p>\n<p class=\"snackbar-content\">Der Link wurde in die Zwischenablage kopiert.<\/p>\n<\/li>\n<li class=\"social-icons-item\"><a title=\"Email\" href=\"mailto:?subject=Was%20Menschen%20mit%20flie%C3%9Fenden%20Gew%C3%A4ssern%20gemein%20haben&amp;body=Nature%20Writing%0ANature%20WritingWas%20Menschen%20mit%20flie%C3%9Fenden%20Gew%C3%A4ssern%20gemein%20haben%0AWie%20der%20Mensch%20bestehen%20auch%20Fl%C3%BCsse%20gr%C3%B6%C3%9Ftenteils%20aus%20Wasser%20%E2%80%93%20und%20sind%20st%C3%A4ndig%20im%20Wandel.%20In%20%E2%80%9EZeitstr%C3%B6me.%20%C3%9Cber%20Fl%C3%BCsse%20und%20Menschen%E2%80%9C%20erkundet%20Autor%20Carsten%20Kluth%2C%20welche%20tiefen%20Fragen%20Fl%C3%BCsse%20%C3%BCber%20das%20Leben%20beantworten%20k%C3%B6nnen.%0Ahttps%3A%2F%2Fwww.deutschlandfunkkultur.de%2Fcarsten-kluth-zeitstroeme-ueber-fluesse-und-menschen-100.html\" target=\"_blank\" rel=\"noopener noreferrer\" class=\"b-btn-social is-email\" data-tracking=\"{&quot;chapter1&quot;:&quot;Email&quot;,&quot;chapter3&quot;:&quot;Social Media&quot;,&quot;name&quot;:&quot;Social Media&quot;,&quot;chapter2&quot;:&quot;https:\/\/www.deutschlandfunkkultur.de\/carsten-kluth-zeitstroeme-ueber-fluesse-und-menschen-100.html&quot;,&quot;level2&quot;:&quot;1&quot;}\">\n<p>                    Email<\/a><\/li>\n<\/ul>\n<p>              <a href=\"https:\/\/download.deutschlandfunk.de\/file\/dradio\/2025\/05\/24\/carsten_kluth_zeitstroeme_ueber_fluesse_und_menschen_drk_20250524_1120_11184d3a.mp3\" target=\"_blank\" rel=\"noopener noreferrer nofollow\" class=\"b-btn-text is-btn-secondary has-icon-download section-article-head-area-action-btn download-url-tracking\" title=\"Audio herunterladen\" data-tracking=\"{&quot;name&quot;:&quot;Download audio\/mpeg&quot;,&quot;chapter1&quot;:&quot;Was Menschen mit flie\u00dfenden Gew\u00e4ssern gemein haben&quot;,&quot;chapter2&quot;:&quot;https:\/\/www.deutschlandfunkkultur.de\/carsten-kluth-zeitstroeme-ueber-fluesse-und-menschen-100.html&quot;,&quot;chapter3&quot;:&quot;Nature Writing - Was Menschen mit flie\u00dfenden Gew\u00e4ssern gemein haben&quot;,&quot;level2&quot;:&quot;1&quot;,&quot;type&quot;:&quot;action&quot;}\">Audio herunterladen<\/a><\/p>\n<p>Wie der Mensch bestehen auch Fl\u00fcsse gr\u00f6\u00dftenteils aus Wasser \u2013 und sind st\u00e4ndig im Wandel. In \u201eZeitstr\u00f6me. \u00dcber Fl\u00fcsse und Menschen\u201c erkundet Autor Carsten Kluth, welche tiefen Fragen Fl\u00fcsse \u00fcber das Leben beantworten k\u00f6nnen.<\/p>\n","protected":false},"excerpt":{"rendered":"Nature Writing Die Themse ist einer der Fl\u00fcsse, an denen Carsten Kluth im Rahmen seiner Recherche f\u00fcr sein&hellip;\n","protected":false},"author":2,"featured_media":135816,"comment_status":"","ping_status":"","sticky":false,"template":"","format":"standard","meta":{"footnotes":""},"categories":[1774],"tags":[1784,1785,49874,29,214,49875,30,49873,215,49876],"class_list":{"0":"post-135815","1":"post","2":"type-post","3":"status-publish","4":"format-standard","5":"has-post-thumbnail","7":"category-buecher","8":"tag-books","9":"tag-buecher","10":"tag-carsten-kluth","11":"tag-deutschland","12":"tag-entertainment","13":"tag-fluesse","14":"tag-germany","15":"tag-nature-writing","16":"tag-unterhaltung","17":"tag-zeitstroeme-ueber-fluesse-und-menschen"},"share_on_mastodon":{"url":"https:\/\/pubeurope.com\/@de\/114562605147724090","error":""},"_links":{"self":[{"href":"https:\/\/www.europesays.com\/de\/wp-json\/wp\/v2\/posts\/135815","targetHints":{"allow":["GET"]}}],"collection":[{"href":"https:\/\/www.europesays.com\/de\/wp-json\/wp\/v2\/posts"}],"about":[{"href":"https:\/\/www.europesays.com\/de\/wp-json\/wp\/v2\/types\/post"}],"author":[{"embeddable":true,"href":"https:\/\/www.europesays.com\/de\/wp-json\/wp\/v2\/users\/2"}],"replies":[{"embeddable":true,"href":"https:\/\/www.europesays.com\/de\/wp-json\/wp\/v2\/comments?post=135815"}],"version-history":[{"count":0,"href":"https:\/\/www.europesays.com\/de\/wp-json\/wp\/v2\/posts\/135815\/revisions"}],"wp:featuredmedia":[{"embeddable":true,"href":"https:\/\/www.europesays.com\/de\/wp-json\/wp\/v2\/media\/135816"}],"wp:attachment":[{"href":"https:\/\/www.europesays.com\/de\/wp-json\/wp\/v2\/media?parent=135815"}],"wp:term":[{"taxonomy":"category","embeddable":true,"href":"https:\/\/www.europesays.com\/de\/wp-json\/wp\/v2\/categories?post=135815"},{"taxonomy":"post_tag","embeddable":true,"href":"https:\/\/www.europesays.com\/de\/wp-json\/wp\/v2\/tags?post=135815"}],"curies":[{"name":"wp","href":"https:\/\/api.w.org\/{rel}","templated":true}]}}