{"id":136072,"date":"2025-05-24T13:56:13","date_gmt":"2025-05-24T13:56:13","guid":{"rendered":"https:\/\/www.europesays.com\/de\/136072\/"},"modified":"2025-05-24T13:56:13","modified_gmt":"2025-05-24T13:56:13","slug":"japan-tag-2025-in-duesseldorf-bilder-infos-eindruecke","status":"publish","type":"post","link":"https:\/\/www.europesays.com\/de\/136072\/","title":{"rendered":"Japan-Tag 2025 in D\u00fcsseldorf: Bilder, Infos, Eindr\u00fccke"},"content":{"rendered":"<p class=\"text_ohne_einzug richtext text-em-55 !leading-serif mx-6 desktop:mx-0\">Das Wetter f\u00fcr die Japan-Fans \u2013 es war schon freundlicher in <a href=\"https:\/\/rp-online.de\/thema\/duesseldorf\/\" rel=\"nofollow noopener\" target=\"_blank\">D\u00fcsseldorf<\/a> als an diesem Samstag. Immer wieder gibt es Wind und Regen, davon lassen sich viele Tausende Besucher aber nicht abschrecken. An den St\u00e4nden auf der Rheinuferpromenade sind die Schlangen lang, die Menschen dr\u00e4ngeln sich, wo es m\u00f6glich ist, in die Zelte hinein \u2013 vielleicht auch, um dem Regen zu entgehen. Lena, Lisa, Fox, Sabrina und Tristan kommen schon seit mehr als zehn Jahren zum <a href=\"https:\/\/rp-online.de\/thema\/japan-tag\/\" rel=\"nofollow noopener\" target=\"_blank\">Japan-Tag<\/a>. \u201eGemessen am Wetter ist die Stimmung super\u201c, sagen sie.<\/p>\n","protected":false},"excerpt":{"rendered":"Das Wetter f\u00fcr die Japan-Fans \u2013 es war schon freundlicher in D\u00fcsseldorf als an diesem Samstag. Immer wieder&hellip;\n","protected":false},"author":2,"featured_media":136073,"comment_status":"","ping_status":"","sticky":false,"template":"","format":"standard","meta":{"footnotes":"","_share_on_mastodon":"0"},"categories":[1831],"tags":[5241,3364,29,3405,30,49240,372,1209,7789,1781,17461],"class_list":["post-136072","post","type-post","status-publish","format-standard","has-post-thumbnail","category-duesseldorf","tag-blick","tag-de","tag-deutschland","tag-duesseldorf","tag-germany","tag-hunderttausende","tag-japan","tag-nordrhein-westfalen","tag-programm","tag-tag","tag-ueberblick"],"share_on_mastodon":{"url":"https:\/\/pubeurope.com\/@de\/114563159545581961","error":""},"_links":{"self":[{"href":"https:\/\/www.europesays.com\/de\/wp-json\/wp\/v2\/posts\/136072","targetHints":{"allow":["GET"]}}],"collection":[{"href":"https:\/\/www.europesays.com\/de\/wp-json\/wp\/v2\/posts"}],"about":[{"href":"https:\/\/www.europesays.com\/de\/wp-json\/wp\/v2\/types\/post"}],"author":[{"embeddable":true,"href":"https:\/\/www.europesays.com\/de\/wp-json\/wp\/v2\/users\/2"}],"replies":[{"embeddable":true,"href":"https:\/\/www.europesays.com\/de\/wp-json\/wp\/v2\/comments?post=136072"}],"version-history":[{"count":0,"href":"https:\/\/www.europesays.com\/de\/wp-json\/wp\/v2\/posts\/136072\/revisions"}],"wp:featuredmedia":[{"embeddable":true,"href":"https:\/\/www.europesays.com\/de\/wp-json\/wp\/v2\/media\/136073"}],"wp:attachment":[{"href":"https:\/\/www.europesays.com\/de\/wp-json\/wp\/v2\/media?parent=136072"}],"wp:term":[{"taxonomy":"category","embeddable":true,"href":"https:\/\/www.europesays.com\/de\/wp-json\/wp\/v2\/categories?post=136072"},{"taxonomy":"post_tag","embeddable":true,"href":"https:\/\/www.europesays.com\/de\/wp-json\/wp\/v2\/tags?post=136072"}],"curies":[{"name":"wp","href":"https:\/\/api.w.org\/{rel}","templated":true}]}}