{"id":136330,"date":"2025-05-24T16:16:09","date_gmt":"2025-05-24T16:16:09","guid":{"rendered":"https:\/\/www.europesays.com\/de\/136330\/"},"modified":"2025-05-24T16:16:09","modified_gmt":"2025-05-24T16:16:09","slug":"bergung-von-containerschiff-in-norwegen-dauert-wohl-tage","status":"publish","type":"post","link":"https:\/\/www.europesays.com\/de\/136330\/","title":{"rendered":"Bergung von Containerschiff in Norwegen dauert wohl Tage"},"content":{"rendered":"<p class=\"metatextline\">Stand: 24.05.2025 17:23 Uhr<\/p>\n<p class=\"textabsatz columns twelve  m-ten  m-offset-one l-eight l-offset-two\">\n        <strong>In Norwegen war ein Frachtschiff nur wenige Meter von einem Wohnhaus entfernt auf Grund gelaufen &#8211; offenbar war ein Crewmitglied eingeschlafen. Die Bergung der &#8222;NCL Salten&#8220; k\u00f6nnte sich nun \u00fcber Tage ziehen.<\/strong>\n    <\/p>\n<p class=\"textabsatz m-ten m-offset-one l-eight l-offset-two columns twelve\">\nDie Bergung eines auf Grund gelaufenen Containerschiffs in Norwegen wird vermutlich mehrere Tage dauern. Am Sonntagmorgen soll zun\u00e4chst die Bergung der Schiffsladung beginnen, wie die Nachrichtenagentur NTB berichtete. Das Vorhaben d\u00fcrfte sich bis weit in die kommende Woche ziehen.<\/p>\n<p class=\"textabsatz m-ten m-offset-one l-eight l-offset-two columns twelve\">\nDie &#8222;NCL Salten&#8220; war am fr\u00fchen Donnerstagmorgen nicht wie geplant nach Steuerbord abgedreht. Stattdessen lief der Frachter im Trondheimfjord nahe Byneset nur wenige Meter neben einem Haus auf Grund. Letztlich ging der Unfall aber glimpflich aus: Verletzt wurde niemand. Auch das Haus kam mit Ausnahme einer gebrochenen W\u00e4rmepumpenleitung bisherigen Erkenntnissen zufolge glimpflich davon.\u00a0<\/p>\n<p class=\"absatzbild__info__text\">\n                        Die ersten Ma\u00dfnahmen zur Bergung des Containerschiffs sollen am Sonntag beginnen.\n                    <\/p>\n<p>    Besatzungsmitglied vermutlich eingeschlafen<\/p>\n<p class=\"textabsatz m-ten m-offset-one l-eight l-offset-two columns twelve\">\nDie Polizei geht mittlerweile davon aus, dass die verantwortliche Person auf der Schiffsbr\u00fccke eingenickt ist. Der Mann habe ebenso wie andere Besatzungsmitglieder ausgesagt, dass er eingeschlafen sei, berichtete NTB unter Berufung auf die Polizei. Es handelt sich bei ihm demnach um einen ausl\u00e4ndischen Staatsb\u00fcrger im Offiziersrang und im Alter zwischen 30 und 40 Jahren, nicht aber um den Kapit\u00e4n.<\/p>\n<p class=\"textabsatz m-ten m-offset-one l-eight l-offset-two columns twelve\">\nDie Reederei best\u00e4tigte, dass die Polizei eine verd\u00e4chtige Person identifiziert habe. Man arbeite eng mit den Beh\u00f6rden zusammen und f\u00fchre parallel interne Untersuchungen durch. Zu m\u00f6glichen Ursachen \u00e4u\u00dferte sich das Unternehmen nicht und verwies darauf, keine Spekulationen anstellen zu wollen.<\/p>\n","protected":false},"excerpt":{"rendered":"Stand: 24.05.2025 17:23 Uhr In Norwegen war ein Frachtschiff nur wenige Meter von einem Wohnhaus entfernt auf Grund&hellip;\n","protected":false},"author":2,"featured_media":136331,"comment_status":"","ping_status":"","sticky":false,"template":"","format":"standard","meta":{"footnotes":""},"categories":[5],"tags":[331,332,3364,29,30,13,14,15,913,12,1284],"class_list":{"0":"post-136330","1":"post","2":"type-post","3":"status-publish","4":"format-standard","5":"has-post-thumbnail","7":"category-nachrichten","8":"tag-aktuelle-nachrichten","9":"tag-aktuelle-news","10":"tag-de","11":"tag-deutschland","12":"tag-germany","13":"tag-headlines","14":"tag-nachrichten","15":"tag-news","16":"tag-norwegen","17":"tag-schlagzeilen","18":"tag-unfall"},"share_on_mastodon":{"url":"https:\/\/pubeurope.com\/@de\/114563710093387208","error":""},"_links":{"self":[{"href":"https:\/\/www.europesays.com\/de\/wp-json\/wp\/v2\/posts\/136330","targetHints":{"allow":["GET"]}}],"collection":[{"href":"https:\/\/www.europesays.com\/de\/wp-json\/wp\/v2\/posts"}],"about":[{"href":"https:\/\/www.europesays.com\/de\/wp-json\/wp\/v2\/types\/post"}],"author":[{"embeddable":true,"href":"https:\/\/www.europesays.com\/de\/wp-json\/wp\/v2\/users\/2"}],"replies":[{"embeddable":true,"href":"https:\/\/www.europesays.com\/de\/wp-json\/wp\/v2\/comments?post=136330"}],"version-history":[{"count":0,"href":"https:\/\/www.europesays.com\/de\/wp-json\/wp\/v2\/posts\/136330\/revisions"}],"wp:featuredmedia":[{"embeddable":true,"href":"https:\/\/www.europesays.com\/de\/wp-json\/wp\/v2\/media\/136331"}],"wp:attachment":[{"href":"https:\/\/www.europesays.com\/de\/wp-json\/wp\/v2\/media?parent=136330"}],"wp:term":[{"taxonomy":"category","embeddable":true,"href":"https:\/\/www.europesays.com\/de\/wp-json\/wp\/v2\/categories?post=136330"},{"taxonomy":"post_tag","embeddable":true,"href":"https:\/\/www.europesays.com\/de\/wp-json\/wp\/v2\/tags?post=136330"}],"curies":[{"name":"wp","href":"https:\/\/api.w.org\/{rel}","templated":true}]}}