{"id":136370,"date":"2025-05-24T16:37:11","date_gmt":"2025-05-24T16:37:11","guid":{"rendered":"https:\/\/www.europesays.com\/de\/136370\/"},"modified":"2025-05-24T16:37:11","modified_gmt":"2025-05-24T16:37:11","slug":"rheinufer-in-zeichen-von-mangas-und-animes","status":"publish","type":"post","link":"https:\/\/www.europesays.com\/de\/136370\/","title":{"rendered":"Rheinufer in Zeichen von Mangas und Animes"},"content":{"rendered":"<p>Mangafiguren erobern Rhein <\/p>\n<p>Trotz Regen: Gute Stimmung beim Japan-Tag in D\u00fcsseldorf<\/p>\n<p>24.05.2025 &#8211; 18:06 UhrLesedauer: 1 Min.<\/p>\n<p><a href=\"#focus-0\" class=\"transition-colors duration-200 focus-within:text-magenta block text-current relative\" data-sctrack=\"FocusGalleryImage.Reference\"><img fetchpriority=\"high\" data-testid=\"Opener.Image\" style=\"--lqipURL:url('https:\/\/images.t-online.de\/2025\/05\/7C6GBM3NHWJY\/0x75:800x450\/fit-in\/150x0\/filters:blur(25)\/fiona-l-und-fabian-sind-anlaesslich-des-22-japan-tages-als-citali-und-capitano-verkleidet-viele-besucher-tragen-bunte-kostueme-aus-animes-und-mangas.jpg')\"   loading=\"eager\" src=\"https:\/\/www.europesays.com\/de\/wp-content\/uploads\/2025\/05\/fiona-l-und-fabian-sind-anlaesslich-des-22-japan-tages-als-citali-und-capitano-verkleidet-viele-besu.jpeg\" alt=\"Fiona (l) und Fabian sind anl\u00e4sslich des 22. Japan-Tages als Citali und Capitano verkleidet: Viele Besucher tragen bunte Kost\u00fcme aus Animes und Mangas.\" title=\"Fiona (l) und Fabian sind anl\u00e4sslich des 22. Japan-Tages als Citali und Capitano verkleidet: Viele Besucher tragen bunte Kost\u00fcme aus Animes und Mangas.\" width=\"800\" height=\"450\" class=\"bg-[url:var(--lqipURL)] bg-cover bg-center flex w-full max-w-full h-full\" decoding=\"async\"\/><img style=\"--width:32;--height:32\" loading=\"lazy\" src=\"https:\/\/www.europesays.com\/de\/wp-content\/uploads\/2025\/05\/zoom-in.f7dae02f.svg.svg+xml\" alt=\"Vergr\u00f6\u00dfern des Bildes\" title=\"Vergr\u00f6\u00dfern des Bildes\" class=\"&#10;        block&#10;        h-[calc(var(--height)_\/_16_*_1rem)]&#10;        w-[calc(var(--width)_\/_16_*_1rem)]&#10;        max-w-none&#10;        absolute bottom-8 right-8 rounded-4 bg-snow p-8\" decoding=\"async\"\/><\/a><\/p>\n<p>Fiona (links) und Fabian sind anl\u00e4sslich des 22. Japan-Tages als Citali und Capitano verkleidet: Viele Besucher tragen bunte Kost\u00fcme aus Animes und Mangas. (Quelle: Sascha Thelen\/dpa)<\/p>\n<p class=\"font-bold text-18 leading-17\">Das Wetter k\u00f6nnte besser sein, doch die Japan-Fans in D\u00fcsseldorf st\u00f6rt das offenbar nicht. Der H\u00f6hepunkt des Japan-Tags steht noch bevor.<\/p>\n<p class=\"text-18 leading-17\">Der diesj\u00e4hrige Japan-Tag in <a class=\"transition-colors duration-200 cursor-pointer text-inherit no-underline text-salemsfur md:hover:text-magenta md:hover:border-magenta md:focus:text-magenta border-current border-b border-solid break-words\" href=\"https:\/\/www.t-online.de\/region\/duesseldorf\/\" data-sctrack=\"BodyAnchor\" target=\"_blank\" rel=\"noopener\">D\u00fcsseldorf<\/a> hat zahlreiche Menschen in fantasievollen Kost\u00fcmen angelockt. Laut Veranstalter seien zwar deutlich weniger als die 630.000 G\u00e4ste im vergangenen Jahr gekommen, doch die Stimmung sei trotz Regens gut. Ein H\u00f6hepunkt des Tages ist das gro\u00dfe Feuerwerk am Abend, bei dem noch einmal mit einem erh\u00f6hten Besucherandrang gerechnet wird.<\/p>\n<p class=\"text-18 leading-17\">Um 12 Uhr wurde das Fest auf dem Burgplatz mit einem traditionellen Sake-Fass-Anstich er\u00f6ffnet. Entlang der Rheinuferpromenade bieten rund 100 St\u00e4nde japanische Kultur von Ikebana-Blumenkunst bis zu Kimono-Anproben und Sprachkursen an.<\/p>\n<p class=\"text-18 leading-17\">Auf der Sportb\u00fchne am Landtag sind Kampfkunstdemonstrationen wie Samurai-Heerlager und Kyudo-Bogenschie\u00dfen zu sehen. Die Popkulturb\u00fchne am Johannes-Rau-Platz bietet Cosplay- und Karaoke-Wettbewerbe, w\u00e4hrend auf der Hauptb\u00fchne die japanische J-Rock-Band ReaL spielt.<\/p>\n<p class=\"text-18 leading-17\">Viele Besucher kommen verkleidet, inspiriert von Manga- oder Anime-Figuren. Die Polizei erinnert daran, dass Messer, Waffen sowie &#8222;Deko-, Kost\u00fcm- und Anscheinswaffen&#8220; verboten sind.<\/p>\n<p class=\"text-18 leading-17\">Das Highlight des Abends ist das etwa 25-min\u00fctige japanische Feuerwerk um 23 Uhr unter dem Motto &#8222;Japan erkunden \u2013 Ein Nachthimmel voller Magie&#8220;. Gro\u00dfe Feuerwerkskugeln sollen leuchtende Farben am Himmel zaubern \u2013 eine Besonderheit im Vergleich zu europ\u00e4ischen Shows. Drei Pyrotechniker aus Japan haben mit etwa 20 deutschen Kollegen zwei Tage lang das Feuerwerk vorbereitet.<\/p>\n","protected":false},"excerpt":{"rendered":"Mangafiguren erobern Rhein Trotz Regen: Gute Stimmung beim Japan-Tag in D\u00fcsseldorf 24.05.2025 &#8211; 18:06 UhrLesedauer: 1 Min. Fiona&hellip;\n","protected":false},"author":2,"featured_media":136371,"comment_status":"","ping_status":"","sticky":false,"template":"","format":"standard","meta":{"footnotes":""},"categories":[1831],"tags":[27921,3364,29,3405,30,372,33905,67,1209,5206],"class_list":{"0":"post-136370","1":"post","2":"type-post","3":"status-publish","4":"format-standard","5":"has-post-thumbnail","7":"category-duesseldorf","8":"tag-anime","9":"tag-de","10":"tag-deutschland","11":"tag-duesseldorf","12":"tag-germany","13":"tag-japan","14":"tag-japan-tag-in-duesseldorf","15":"tag-manga","16":"tag-nordrhein-westfalen","17":"tag-rhein"},"share_on_mastodon":{"url":"https:\/\/pubeurope.com\/@de\/114563792541217184","error":""},"_links":{"self":[{"href":"https:\/\/www.europesays.com\/de\/wp-json\/wp\/v2\/posts\/136370","targetHints":{"allow":["GET"]}}],"collection":[{"href":"https:\/\/www.europesays.com\/de\/wp-json\/wp\/v2\/posts"}],"about":[{"href":"https:\/\/www.europesays.com\/de\/wp-json\/wp\/v2\/types\/post"}],"author":[{"embeddable":true,"href":"https:\/\/www.europesays.com\/de\/wp-json\/wp\/v2\/users\/2"}],"replies":[{"embeddable":true,"href":"https:\/\/www.europesays.com\/de\/wp-json\/wp\/v2\/comments?post=136370"}],"version-history":[{"count":0,"href":"https:\/\/www.europesays.com\/de\/wp-json\/wp\/v2\/posts\/136370\/revisions"}],"wp:featuredmedia":[{"embeddable":true,"href":"https:\/\/www.europesays.com\/de\/wp-json\/wp\/v2\/media\/136371"}],"wp:attachment":[{"href":"https:\/\/www.europesays.com\/de\/wp-json\/wp\/v2\/media?parent=136370"}],"wp:term":[{"taxonomy":"category","embeddable":true,"href":"https:\/\/www.europesays.com\/de\/wp-json\/wp\/v2\/categories?post=136370"},{"taxonomy":"post_tag","embeddable":true,"href":"https:\/\/www.europesays.com\/de\/wp-json\/wp\/v2\/tags?post=136370"}],"curies":[{"name":"wp","href":"https:\/\/api.w.org\/{rel}","templated":true}]}}