{"id":136372,"date":"2025-05-24T16:38:09","date_gmt":"2025-05-24T16:38:09","guid":{"rendered":"https:\/\/www.europesays.com\/de\/136372\/"},"modified":"2025-05-24T16:38:09","modified_gmt":"2025-05-24T16:38:09","slug":"polizei-affaere-in-baden-wuerttemberg-neue-vorwuerfe-ex-inspekteur-renner-erneut-angeklagt","status":"publish","type":"post","link":"https:\/\/www.europesays.com\/de\/136372\/","title":{"rendered":"Polizei-Aff\u00e4re in Baden-W\u00fcrttemberg: Neue Vorw\u00fcrfe \u2013 Ex-Inspekteur Renner erneut angeklagt"},"content":{"rendered":"<p>Gegen den ehemaligen Inspekteur der <a href=\"https:\/\/www.stuttgarter-zeitung.de\/thema\/Polizei\" title=\"Polizei\" class=\"art_thema\" rel=\"nofollow noopener\" target=\"_blank\">Polizei<\/a> im Land liegt eine neue Anklage vor. Er muss sich wohl wegen Bestechlichkeit vor Gericht verantworten. Die Vorw\u00fcrfe basieren laut Informationen unserer Zeitung auf einem mitgeschnittenen Skype-Gespr\u00e4ch, das er mit einer Kollegin f\u00fchrte. Er soll der Frau Hilfe beim beruflichen Vorankommen in Aussicht gestellt haben, wenn sie sich mit ihm sexuell einlassen w\u00fcrde. <\/p>\n","protected":false},"excerpt":{"rendered":"Gegen den ehemaligen Inspekteur der Polizei im Land liegt eine neue Anklage vor. Er muss sich wohl wegen&hellip;\n","protected":false},"author":2,"featured_media":136373,"comment_status":"","ping_status":"","sticky":false,"template":"","format":"standard","meta":{"footnotes":"","_share_on_mastodon":"0"},"categories":[1830],"tags":[1634,11082,3364,29,30,39145,121,49439,1441],"class_list":["post-136372","post","type-post","status-publish","format-standard","has-post-thumbnail","category-stuttgart","tag-baden-wuerttemberg","tag-bestechlichkeit","tag-de","tag-deutschland","tag-germany","tag-inspekteur","tag-polizei","tag-renner","tag-stuttgart"],"share_on_mastodon":{"url":"https:\/\/pubeurope.com\/@de\/114563796396144257","error":""},"_links":{"self":[{"href":"https:\/\/www.europesays.com\/de\/wp-json\/wp\/v2\/posts\/136372","targetHints":{"allow":["GET"]}}],"collection":[{"href":"https:\/\/www.europesays.com\/de\/wp-json\/wp\/v2\/posts"}],"about":[{"href":"https:\/\/www.europesays.com\/de\/wp-json\/wp\/v2\/types\/post"}],"author":[{"embeddable":true,"href":"https:\/\/www.europesays.com\/de\/wp-json\/wp\/v2\/users\/2"}],"replies":[{"embeddable":true,"href":"https:\/\/www.europesays.com\/de\/wp-json\/wp\/v2\/comments?post=136372"}],"version-history":[{"count":0,"href":"https:\/\/www.europesays.com\/de\/wp-json\/wp\/v2\/posts\/136372\/revisions"}],"wp:featuredmedia":[{"embeddable":true,"href":"https:\/\/www.europesays.com\/de\/wp-json\/wp\/v2\/media\/136373"}],"wp:attachment":[{"href":"https:\/\/www.europesays.com\/de\/wp-json\/wp\/v2\/media?parent=136372"}],"wp:term":[{"taxonomy":"category","embeddable":true,"href":"https:\/\/www.europesays.com\/de\/wp-json\/wp\/v2\/categories?post=136372"},{"taxonomy":"post_tag","embeddable":true,"href":"https:\/\/www.europesays.com\/de\/wp-json\/wp\/v2\/tags?post=136372"}],"curies":[{"name":"wp","href":"https:\/\/api.w.org\/{rel}","templated":true}]}}