{"id":136518,"date":"2025-05-24T17:58:14","date_gmt":"2025-05-24T17:58:14","guid":{"rendered":"https:\/\/www.europesays.com\/de\/136518\/"},"modified":"2025-05-24T17:58:14","modified_gmt":"2025-05-24T17:58:14","slug":"feuerwehreinsatz-in-der-stadtmitte-rauchsaeule-ueber-kornwestheim-feuer-bricht-in-tiefgarage-aus","status":"publish","type":"post","link":"https:\/\/www.europesays.com\/de\/136518\/","title":{"rendered":"Feuerwehreinsatz in der Stadtmitte: Rauchs\u00e4ule \u00fcber Kornwestheim: Feuer bricht in Tiefgarage aus"},"content":{"rendered":"<p>\t\t\t\t\t\t\t\t\t\t\t\t\t\t\t\t\t\t\t\t\t\t\t\t\t\t\t\t      \t\t            \t\t             \t\t\t\t   \t\t\t\t\t   <img decoding=\"async\" id=\"article-image\" fetchpriority=\"high\" alt=\"Feuerwehreinsatz in der Stadtmitte: Rauchs\u00e4ule \u00fcber Kornwestheim: Feuer bricht in Tiefgarage aus\" title=\"Feuerwehreinsatz in der Stadtmitte: Rauchs\u00e4ule \u00fcber Kornwestheim: Feuer bricht in Tiefgarage aus\" src=\"https:\/\/www.europesays.com\/de\/wp-content\/uploads\/2025\/05\/media.media.40f849ac-1186-4e39-8af8-aabe514478d6.16x9_700.jpg\" data-linkto=\"https:\/\/www.stuttgarter-nachrichten.de\/javascript:void(0);\"\/>\t\t\t\t\t\t\t\t\t\t\t\t\t\t\t\t\t\t\t\t\t\t\t\tAufregung in der Kornwestheimer Stadtmitte: In einer Tiefgarage hat es gebrannt.\u00a0Foto: KS-Images.de \/ Karsten Schmalz\t\t\t<\/p>\n<p>In einer Tiefgarage am Bahnhofsplatz in Kornwestheim (Kreis Ludwigsburg) brennt ein Auto. Die Feuerwehr muss ausr\u00fccken. Der Einsatzort wird weitr\u00e4umig abgesperrt.<\/p>\n<p>Ein Feuer in einer \u00f6ffentlichen <a href=\"https:\/\/www.stuttgarter-nachrichten.de\/thema\/Tiefgarage\" title=\"Tiefgarage\" class=\"art_thema\" target=\"_blank\" rel=\"noopener\">Tiefgarage<\/a> in der Stadtmitte von <a href=\"https:\/\/www.stuttgarter-nachrichten.de\/thema\/Kornwestheim\" title=\"Kornwestheim\" class=\"art_thema\" target=\"_blank\" rel=\"noopener\">Kornwestheim<\/a> (Kreis Ludwigsburg) hat am Samstagnachmittag einen Einsatz von <a href=\"https:\/\/www.stuttgarter-nachrichten.de\/thema\/Polizei\" title=\"Polizei\" class=\"art_thema\" target=\"_blank\" rel=\"noopener\">Polizei<\/a> und <a href=\"https:\/\/www.stuttgarter-nachrichten.de\/thema\/Feuerwehr\" title=\"Feuerwehr\" class=\"art_thema\" target=\"_blank\" rel=\"noopener\">Feuerwehr<\/a> ausgel\u00f6st. Aus noch unbekannten Gr\u00fcnden war ein dort geparktes Auto in <a href=\"https:\/\/www.stuttgarter-nachrichten.de\/thema\/Brand\" title=\"Brand\" class=\"art_thema\" target=\"_blank\" rel=\"noopener\">Brand<\/a> geraten.<\/p>\n<p>Das Feuer brach in einer Tiefgarage am Bahnhofsplatz aus, die vorwiegend von Kunden des dortigen Edeka-Marktes genutzt wird. Wie die Polizei mitteilt, ging der Notruf gegen 15.50 Uhr ein. <\/p>\n<p>Dichte Rauchs\u00e4ule \u00fcber Kornwestheim zu sehen <\/p>\n<p>Weil sich zu diesem Zeitpunkt mehrere weitere Fahrzeuge in der Garage befanden, war ein rasches Eingreifen notwendig. Eine dichte Rauchs\u00e4ule war nach Aussage von Zeugen weithin sichtbar. Neben Einsatzkr\u00e4ften der Feuerwehr Kornwestheim wurden auch L\u00f6schgruppen umliegender Kommunen wie Ludwigsburg und Remseck angefordert, um das Feuer schnell unter Kontrolle zu bringen und ein \u00dcbergreifen der Flammen zu verhindern.<\/p>\n<p>  <img decoding=\"async\" loading=\"lazy\" src=\"https:\/\/www.europesays.com\/de\/wp-content\/uploads\/2025\/05\/media.media.9e965ef0-a7f0-4699-8178-e3ebea4e08b8.original1024.media.jpeg\"\/>     Die Einsatzkr\u00e4fte r\u00fccken mit einigen Fahrzeugen an.    Foto: KS-Images.de \/ Karsten Schmalz    <\/p>\n<p>Durch die Lage sei eine gr\u00f6\u00dfere Gef\u00e4hrdung entstanden, sagte ein Sprecher der Polizei. Der Brandort wurde weitr\u00e4umig abgesperrt. Das Feuer ist inzwischen gel\u00f6scht. <\/p>\n<p>Polizei ermittelt zur Brandursache  <\/p>\n<p>Verletzte gebe es gl\u00fccklicherweise nicht zu beklagen, sagte der Sprecher. Zu m\u00f6glichen Sch\u00e4den konnte die Polizei zun\u00e4chst noch keine Angaben machen. <\/p>\n<p>Noch unklar ist, was das Feuer ausgel\u00f6st hat. Die Polizei hat die Ermittlungen bez\u00fcglich der Brandursache aufgenommen. Derzeit sei die Brandstelle aber noch nicht betretbar, hei\u00dft es seitens der Polizei. <\/p>\n","protected":false},"excerpt":{"rendered":"Aufregung in der Kornwestheimer Stadtmitte: In einer Tiefgarage hat es gebrannt.\u00a0Foto: KS-Images.de \/ Karsten Schmalz In einer Tiefgarage&hellip;\n","protected":false},"author":2,"featured_media":136519,"comment_status":"","ping_status":"","sticky":false,"template":"","format":"standard","meta":{"footnotes":""},"categories":[1830],"tags":[1634,42991,2919,3364,29,985,30,16872,121,3440,1441,6594],"class_list":{"0":"post-136518","1":"post","2":"type-post","3":"status-publish","4":"format-standard","5":"has-post-thumbnail","7":"category-stuttgart","8":"tag-baden-wuerttemberg","9":"tag-bahnhofsplatz","10":"tag-brand","11":"tag-de","12":"tag-deutschland","13":"tag-feuerwehr","14":"tag-germany","15":"tag-kornwestheim","16":"tag-polizei","17":"tag-polizeibericht-region-stuttgart","18":"tag-stuttgart","19":"tag-tiefgarage"},"share_on_mastodon":{"url":"https:\/\/pubeurope.com\/@de\/114564111027182512","error":""},"_links":{"self":[{"href":"https:\/\/www.europesays.com\/de\/wp-json\/wp\/v2\/posts\/136518","targetHints":{"allow":["GET"]}}],"collection":[{"href":"https:\/\/www.europesays.com\/de\/wp-json\/wp\/v2\/posts"}],"about":[{"href":"https:\/\/www.europesays.com\/de\/wp-json\/wp\/v2\/types\/post"}],"author":[{"embeddable":true,"href":"https:\/\/www.europesays.com\/de\/wp-json\/wp\/v2\/users\/2"}],"replies":[{"embeddable":true,"href":"https:\/\/www.europesays.com\/de\/wp-json\/wp\/v2\/comments?post=136518"}],"version-history":[{"count":0,"href":"https:\/\/www.europesays.com\/de\/wp-json\/wp\/v2\/posts\/136518\/revisions"}],"wp:featuredmedia":[{"embeddable":true,"href":"https:\/\/www.europesays.com\/de\/wp-json\/wp\/v2\/media\/136519"}],"wp:attachment":[{"href":"https:\/\/www.europesays.com\/de\/wp-json\/wp\/v2\/media?parent=136518"}],"wp:term":[{"taxonomy":"category","embeddable":true,"href":"https:\/\/www.europesays.com\/de\/wp-json\/wp\/v2\/categories?post=136518"},{"taxonomy":"post_tag","embeddable":true,"href":"https:\/\/www.europesays.com\/de\/wp-json\/wp\/v2\/tags?post=136518"}],"curies":[{"name":"wp","href":"https:\/\/api.w.org\/{rel}","templated":true}]}}