{"id":136634,"date":"2025-05-24T18:59:17","date_gmt":"2025-05-24T18:59:17","guid":{"rendered":"https:\/\/www.europesays.com\/de\/136634\/"},"modified":"2025-05-24T18:59:17","modified_gmt":"2025-05-24T18:59:17","slug":"sechsjaehriger-mietenstopp-jetzt-mieterverein-koeln-und-dgb-koeln-bonn-fordern-klare-massnahmen-gegen-explodierende-mieten","status":"publish","type":"post","link":"https:\/\/www.europesays.com\/de\/136634\/","title":{"rendered":"Sechsj\u00e4hriger Mietenstopp jetzt: Mieterverein K\u00f6ln und DGB K\u00f6ln-Bonn fordern klare Ma\u00dfnahmen gegen explodierende Mieten"},"content":{"rendered":"<p>(K\u00f6ln, 24. Mai 2025) Anl\u00e4sslich des bundesweiten Aktionstags zur Kampagne <strong>Mietenstopp<\/strong> gehen heute in zahlreichen St\u00e4dten Menschen auf die Stra\u00dfe. Auch in K\u00f6ln fordern u.a. der <strong>Mieterverein K\u00f6ln<\/strong> und der <strong>DGB K\u00f6ln-Bonn<\/strong> einen sofortigen sechsj\u00e4hrigen Stopp der Mietensteigerungen sowie langfristige strukturelle Ma\u00dfnahmen zur Entlastung des Wohnungsmarkts.<\/p>\n<p>In K\u00f6ln sind die Angebotsmieten in den vergangenen Jahren drastisch gestiegen: Zwischen 2016 und 2025 kletterten sie laut Empirica-Datenbank um <strong>50 Prozent<\/strong> \u2013 von durchschnittlich <strong>10 Euro auf 15 Euro pro Quadratmeter<\/strong>. Diese Entwicklung setzt Mieter*innen unter enormen Druck.<\/p>\n<p>\u201eDie Mietpreise steigen in einem Tempo, das viele Menschen nicht mehr mitgehen k\u00f6nnen. W\u00e4hrend die Einkommen stagnieren, treiben Inflation und hohe Energiekosten die Belastung zus\u00e4tzlich nach oben. Wir brauchen einen <strong>sofortigen Mietenstopp<\/strong>, um sozialen Abstieg und Verdr\u00e4ngung zu stoppen\u201c, sagt <strong>Franz-Xaver Corneth<\/strong>, Vorstandsvorsitzender des Mietervereins K\u00f6ln.<\/p>\n<p>Auch der DGB K\u00f6ln-Bonn schl\u00e4gt Alarm: Der Zugang zu bezahlbarem Wohnraum ist l\u00e4ngst zur sozialen Frage geworden.<\/p>\n<p>\u201eWohnen ist ein Grundrecht \u2013 keine Ware. Wenn immer mehr Einkommen f\u00fcr Miete draufgeht, bleibt kein Spielraum f\u00fcr Teilhabe, Bildung oder Altersvorsorge. Die Politik muss jetzt handeln und das Gemeinwohl wieder ins Zentrum der Wohnungspolitik stellen\u201c, betont <strong>Witich Ro\u00dfmann<\/strong>, Vorsitzender des DGB K\u00f6ln-Bonn.<\/p>\n<p>Das B\u00fcndnis aus Mieterverein, Gewerkschaften und B\u00fcrgerinitiativen fordert:<\/p>\n<ul>\n<li><strong>Einen sechsj\u00e4hrigen bundesweiten Mietenstopp<\/strong>, der Mieter*innen sofort entlastet<\/li>\n<li><strong>Eine wirksame Mietpreisbremse mit echter Kontrolle und Sanktionen<\/strong><\/li>\n<li><strong>Mehr sozialen und \u00f6ffentlichen Wohnungsbau<\/strong><\/li>\n<li><strong>Die konsequente Einf\u00fchrung einer neuen Gemeinn\u00fctzigkeit im Wohnungswesen<\/strong><\/li>\n<li><strong>Einen besseren Schutz vor Verdr\u00e4ngung<\/strong><\/li>\n<li><strong>Klare kommunale Verpflichtungen<\/strong>, beim Neubau das Gemeinwohl \u00fcber Renditeinteressen zu stellen<\/li>\n<\/ul>\n<p>\u201eWir brauchen nicht nur kurzfristige Korrekturen, sondern eine echte Kehrtwende in der Wohnungspolitik. Ohne langfristige Strategien wird sich die Lage weiter zuspitzen\u201c, so Corneth.<\/p>\n<p>\u201eDie St\u00e4dte d\u00fcrfen nicht tatenlos zusehen. Die Kommunen m\u00fcssen in die Pflicht genommen werden, sozialen Wohnraum zu schaffen \u2013 und zwar dauerhaft. Wohnen darf kein Luxus sein\u201c, erg\u00e4nzt Ro\u00dfmann.<\/p>\n<p>Am 27. Mai 2025 findet in K\u00f6ln um 14.30 Uhr auf dem Theo-Burauen-Platz eine Aktion im Rahmen des bundesweiten Mietenstopp-Aktionstag statt, an dem sich DGB und Mieterverein beteiligen.<\/p>\n<p>\u00a0<\/p>\n<p><strong>Kontakt f\u00fcr Presseanfragen<\/strong><\/p>\n<p>Mieterverein K\u00f6ln e.V. <br \/>M\u00fchlenbach 49, 50676 K\u00f6ln<br \/>Hans J\u00f6rg Depel, Tel. 0221\/2023730<br \/>E-Mail: <a href=\"https:\/\/koeln-bonn.dgb.de\/presse\/++co++0b5e7df0-37b3-11f0-a6fd-3d0636939882\/mailto:presse@mieterverein-koeln.de\" rel=\"nofollow noopener\" target=\"_blank\">presse@mieterverein-koeln.de<\/a> <\/p>\n<p>DGB K\u00f6ln-Bonn <br \/>Hans-B\u00f6ckler-Platz 1, 50672 K\u00f6ln <br \/>Judith G\u00f6vert, Tel.: 0171\/8658353<br \/>E-Mail: <a href=\"https:\/\/koeln-bonn.dgb.de\/presse\/++co++0b5e7df0-37b3-11f0-a6fd-3d0636939882\/mailto:judith.goevert@dgb.de\" rel=\"nofollow noopener\" target=\"_blank\">judith.goevert@dgb.de<\/a><\/p>\n","protected":false},"excerpt":{"rendered":"(K\u00f6ln, 24. Mai 2025) Anl\u00e4sslich des bundesweiten Aktionstags zur Kampagne Mietenstopp gehen heute in zahlreichen St\u00e4dten Menschen auf&hellip;\n","protected":false},"author":2,"featured_media":136635,"comment_status":"","ping_status":"","sticky":false,"template":"","format":"standard","meta":{"footnotes":""},"categories":[1842],"tags":[1741,3364,2554,29,619,30,2526,1420,1209,43323,2559,50014],"class_list":{"0":"post-136634","1":"post","2":"type-post","3":"status-publish","4":"format-standard","5":"has-post-thumbnail","7":"category-bonn","8":"tag-bonn","9":"tag-de","10":"tag-deutscher-gewerkschaftsbund","11":"tag-deutschland","12":"tag-dgb","13":"tag-germany","14":"tag-gewerkschaften","15":"tag-koeln","16":"tag-nordrhein-westfalen","17":"tag-politik-gesellschaft","18":"tag-strukturpolitik","19":"tag-zumutbarkeit"},"share_on_mastodon":{"url":"https:\/\/pubeurope.com\/@de\/114564351023374832","error":""},"_links":{"self":[{"href":"https:\/\/www.europesays.com\/de\/wp-json\/wp\/v2\/posts\/136634","targetHints":{"allow":["GET"]}}],"collection":[{"href":"https:\/\/www.europesays.com\/de\/wp-json\/wp\/v2\/posts"}],"about":[{"href":"https:\/\/www.europesays.com\/de\/wp-json\/wp\/v2\/types\/post"}],"author":[{"embeddable":true,"href":"https:\/\/www.europesays.com\/de\/wp-json\/wp\/v2\/users\/2"}],"replies":[{"embeddable":true,"href":"https:\/\/www.europesays.com\/de\/wp-json\/wp\/v2\/comments?post=136634"}],"version-history":[{"count":0,"href":"https:\/\/www.europesays.com\/de\/wp-json\/wp\/v2\/posts\/136634\/revisions"}],"wp:featuredmedia":[{"embeddable":true,"href":"https:\/\/www.europesays.com\/de\/wp-json\/wp\/v2\/media\/136635"}],"wp:attachment":[{"href":"https:\/\/www.europesays.com\/de\/wp-json\/wp\/v2\/media?parent=136634"}],"wp:term":[{"taxonomy":"category","embeddable":true,"href":"https:\/\/www.europesays.com\/de\/wp-json\/wp\/v2\/categories?post=136634"},{"taxonomy":"post_tag","embeddable":true,"href":"https:\/\/www.europesays.com\/de\/wp-json\/wp\/v2\/tags?post=136634"}],"curies":[{"name":"wp","href":"https:\/\/api.w.org\/{rel}","templated":true}]}}