{"id":136976,"date":"2025-05-24T22:09:09","date_gmt":"2025-05-24T22:09:09","guid":{"rendered":"https:\/\/www.europesays.com\/de\/136976\/"},"modified":"2025-05-24T22:09:09","modified_gmt":"2025-05-24T22:09:09","slug":"bundessichtungsturnier-in-muenchen-mit-judoka-tim-nebenfuehr","status":"publish","type":"post","link":"https:\/\/www.europesays.com\/de\/136976\/","title":{"rendered":"Bundessichtungsturnier in M\u00fcnchen mit Judoka Tim Nebenf\u00fchr"},"content":{"rendered":"<p>                <a class=\"fancybox\" data-fancybox=\"galerie\" data-caption=\"Am Wochenende fand das Bundessichtungsturnier der U21 in M\u00fcnchen statt. Unter den Augen des Bundestrainers k\u00e4mpften die Athleten um die begehrten Medaillenpl\u00e4tze. Mit dabei war der Judoka Tim Nebenf\u00fchr vom JC Petersberg.  - Foto: JC Petersberg\" rel=\"on_group noopener\" title=\"Am Wochenende fand das Bundessichtungsturnier der U21 in M\u00fcnchen statt. Unter den Augen des Bundestrainers k\u00e4mpften die Athleten um die begehrten Medaillenpl\u00e4tze. Mit dabei war der Judoka Tim Nebenf\u00fchr vom JC Petersberg.  - Foto: JC Petersberg\" href=\"https:\/\/oshessen-news.b-cdn.net\/images\/25\/05\/xl\/11776789-foto-16x9.jpg\" target=\"_blank\"><img decoding=\"async\" class=\"img-responsive\" style=\"width: 728px; margin-top: 0; border:0;\" src=\"https:\/\/www.europesays.com\/de\/wp-content\/uploads\/2025\/05\/11776789-foto-16x9.jpg\" title=\"Am Wochenende fand das Bundessichtungsturnier der U21 in M\u00fcnchen statt. Unter den Augen des Bundestrainers k\u00e4mpften die Athleten um die begehrten Medaillenpl\u00e4tze. Mit dabei war der Judoka Tim Nebenf\u00fchr vom JC Petersberg.\" onerror=\"imgError(this);\"\/><\/p>\n<p>Am Wochenende fand das Bundessichtungsturnier der U21 in M\u00fcnchen statt. Unter den Augen des Bundestrainers k\u00e4mpften die Athleten um die begehrten Medaillenpl\u00e4tze. Mit dabei war der Judoka Tim Nebenf\u00fchr vom JC Petersberg. &#8211; Foto: JC Petersberg<\/p>\n<p>\n                    <strong>M\u00dcNCHEN\/PETERSBERG<\/strong><br \/>\n                    Vom JC Petersberg\n                <\/p>\n<p>25.05.25 &#8211; <strong>Am Wochenende fand das Bundessichtungsturnier der U21 in M\u00fcnchen statt. Unter den Augen des Bundestrainers k\u00e4mpften die Athleten um die begehrten Medaillenpl\u00e4tze. Mit dabei war der Judoka Tim Nebenf\u00fchr vom JC Petersberg.<\/strong><\/p>\n<p>Bereits im Februar gewann Nebenf\u00fchr das Sichtungsturnier in Berlin, damals jedoch noch bis 55 Kilogramm. Nun musste der junge Petersberger in seiner neuen Gewichtsklasse bis 60 kg antreten. Trotz erheblichem Untergewicht konnte Nebenf\u00fchr in seinen sieben K\u00e4mpfen voll \u00fcberzeugen.<\/p>\n<p>Nach vier Vorrundensiegen, unter anderem gegen einen starken Australier, erreichte der Petersberger das Viertelfinale. Dort traf er auf den Aiblinger Maxim Weisser. Nebenf\u00fchr beherrschte diesen Kampf von Beginn an und ging verdient als Sieger hervor. Das Halbfinale war geschafft. Dort wartete der zweimalige Deutsche Vizemeister Joris Schleer vom Freiburger Judo Club. In einem engen Kampf siegte Tim nach Ablauf der Kampfzeit mit einer mittleren Wertung. Im Finale stand er dann Savelij Gorbatchev vom Potsdamer Judointernat gegen\u00fcber. Gorbatchev wechselte \u00fcberraschend von der 66 Kilogramm-Klasse auf die 60 und konnte in seinen sechs Begegnungen ebenfalls voll \u00fcberzeugen. Der Finalkampf verlief anfangs ausgeglichen, bis Nebenf\u00fchr durch eine Unachtsamkeit in einen Haltegriff geriet. Dort konnte er sich nicht mehr befreien.<\/p>\n<p>Die Silbermedaille auf diesem hochklassigen Turnier war f\u00fcr den jungen Petersberger ein toller Erfolg. In den n\u00e4chsten Monaten gilt es, durch gezieltes Krafttraining Gewicht aufzubauen. In dem anschlie\u00dfendem Trainingscamp konnte Tim ebenfalls voll \u00fcberzeugen und sich das Lob des Bundestrainers sichern. (ms\/pm) +++<\/p>\n<p><\/p>\n","protected":false},"excerpt":{"rendered":"Am Wochenende fand das Bundessichtungsturnier der U21 in M\u00fcnchen statt. Unter den Augen des Bundestrainers k\u00e4mpften die Athleten&hellip;\n","protected":false},"author":2,"featured_media":136977,"comment_status":"","ping_status":"","sticky":false,"template":"","format":"standard","meta":{"footnotes":""},"categories":[1827],"tags":[6193,6195,772,29,6197,6192,30,2052,1381,1268,14,6196,15,6194],"class_list":{"0":"post-136976","1":"post","2":"type-post","3":"status-publish","4":"format-standard","5":"has-post-thumbnail","7":"category-muenchen","8":"tag-alsfeld","9":"tag-bad-hersfeld","10":"tag-bayern","11":"tag-deutschland","12":"tag-flieden","13":"tag-fulda","14":"tag-germany","15":"tag-hessen","16":"tag-lauterbach","17":"tag-muenchen","18":"tag-nachrichten","19":"tag-neuhof","20":"tag-news","21":"tag-osthessen"},"share_on_mastodon":{"url":"https:\/\/pubeurope.com\/@de\/114565097992210571","error":""},"_links":{"self":[{"href":"https:\/\/www.europesays.com\/de\/wp-json\/wp\/v2\/posts\/136976","targetHints":{"allow":["GET"]}}],"collection":[{"href":"https:\/\/www.europesays.com\/de\/wp-json\/wp\/v2\/posts"}],"about":[{"href":"https:\/\/www.europesays.com\/de\/wp-json\/wp\/v2\/types\/post"}],"author":[{"embeddable":true,"href":"https:\/\/www.europesays.com\/de\/wp-json\/wp\/v2\/users\/2"}],"replies":[{"embeddable":true,"href":"https:\/\/www.europesays.com\/de\/wp-json\/wp\/v2\/comments?post=136976"}],"version-history":[{"count":0,"href":"https:\/\/www.europesays.com\/de\/wp-json\/wp\/v2\/posts\/136976\/revisions"}],"wp:featuredmedia":[{"embeddable":true,"href":"https:\/\/www.europesays.com\/de\/wp-json\/wp\/v2\/media\/136977"}],"wp:attachment":[{"href":"https:\/\/www.europesays.com\/de\/wp-json\/wp\/v2\/media?parent=136976"}],"wp:term":[{"taxonomy":"category","embeddable":true,"href":"https:\/\/www.europesays.com\/de\/wp-json\/wp\/v2\/categories?post=136976"},{"taxonomy":"post_tag","embeddable":true,"href":"https:\/\/www.europesays.com\/de\/wp-json\/wp\/v2\/tags?post=136976"}],"curies":[{"name":"wp","href":"https:\/\/api.w.org\/{rel}","templated":true}]}}