{"id":13714,"date":"2025-04-07T18:32:14","date_gmt":"2025-04-07T18:32:14","guid":{"rendered":"https:\/\/www.europesays.com\/de\/13714\/"},"modified":"2025-04-07T18:32:14","modified_gmt":"2025-04-07T18:32:14","slug":"berlin-muss-attraktiv-bleiben-fuer-die-besten-koepfe-aus-wirtschaft-wissenschaft-und-kultur","status":"publish","type":"post","link":"https:\/\/www.europesays.com\/de\/13714\/","title":{"rendered":"\u201eBerlin muss attraktiv bleiben f\u00fcr die besten K\u00f6pfe aus Wirtschaft, Wissenschaft und Kultur\u201c"},"content":{"rendered":"<p class=\"tspCAmw tspCAmx\">Berlin hat im vergangenen November ein beeindruckendes Fest der Freiheit gefeiert. In Zeiten, in denen liberale Demokratien allenthalben bedroht scheinen und in vielen L\u00e4ndern autorit\u00e4re Regierungen auf dem Vormarsch sind, folgten Dissidenten und Freiheitsk\u00e4mpfer aus aller Welt der Einladung unserer Stadt zu den <a href=\"https:\/\/www.tagesspiegel.de\/berlin\/35-jahre-mauerfall-das-sind-die-highlights-der-grossen-feier-in-berlin-12647771.html\" class=\"link link--internal\" data-gtm-class=\"article-text-link\" data-gtm-val=\"internal\" rel=\"nofollow noopener\" target=\"_blank\">Feierlichkeiten zum 35. Jahrestag des Mauerfalls<\/a>.<\/p>\n<p class=\"tspCAmw\">Ob <a href=\"https:\/\/www.tagesspiegel.de\/internationales\/belarussische-oppositionsfuhrerin-swetlana-tichanowskaja-wenn-ihr-jetzt-nicht-aufpasst-kann-es-morgen-zu-spat-sein-9717443.html\" class=\"link link--internal\" data-gtm-class=\"article-text-link\" data-gtm-val=\"internal\" rel=\"nofollow noopener\" target=\"_blank\">Swetlana Tichanowskaja<\/a>, die belarussische Oppositionelle, die iranische Frauenrechtlerin <a href=\"https:\/\/www.tagesspiegel.de\/internationales\/was-wird-aus-dem-aufstand-im-iran-das-regime-ist-schwer-erschuttert-9912032.html\" class=\"link link--internal\" data-gtm-class=\"article-text-link\" data-gtm-val=\"internal\" rel=\"nofollow noopener\" target=\"_blank\">Masih Alinejad<\/a> oder der im Exil lebende venezolanische Regimekritiker <a href=\"https:\/\/www.tagesspiegel.de\/politik\/warum-maduros-gegenspieler-in-berlin-fur-venezuela-kampft-5097241.html\" class=\"link link--internal\" data-gtm-class=\"article-text-link\" data-gtm-val=\"internal\" rel=\"nofollow noopener\" target=\"_blank\">Leopoldo Lopez<\/a>: alle machten in ihren Reden deutlich, wie sehr die deutsche Hauptstadt f\u00fcr sie ein Symbol der Freiheit ist.<\/p>\n<p><img decoding=\"async\" src=\"https:\/\/www.europesays.com\/de\/wp-content\/uploads\/2025\/04\/berlins-wirtschaftssenator-stephan-schwarz01.jpeg\"   alt=\"\" width=\"767\" height=\"767\" loading=\"lazy\" class=\"tspBSk7\"\/><\/p>\n<p class=\"tspCTov\"><strong>Stephan  Schwarz<\/strong> (SPD, zuvor parteilos) war von Dezember 2021 bis April 2023 Berliner Senator f\u00fcr Wirtschaft, Energie und Betriebe.<\/p>\n<p class=\"tspCAmw\">Diese Sicht auf unsere Stadt scheint von au\u00dfen viel selbstverst\u00e4ndlicher als f\u00fcr uns Berliner. Denn international steht Berlin nach den Katastrophen der ersten H\u00e4lfte des 20. Jahrhunderts heute f\u00fcr Freiheitswillen und den Kampf f\u00fcr Demokratie. Ernst Reuters ber\u00fchmte Rede vor dem Reichstag, der <a href=\"https:\/\/www.tagesspiegel.de\/berlin\/17-juni-1953-es-ist-bedauerlich-dass-die-bedeutung-dieses-tages-kaum-noch-beachtet-wird-11838848.html\" class=\"link link--internal\" data-gtm-class=\"article-text-link\" data-gtm-val=\"internal\" rel=\"nofollow noopener\" target=\"_blank\">Arbeiteraufstand am 17. Juni 1953<\/a> in Ost-Berlin, <a href=\"https:\/\/www.tagesspiegel.de\/internationales\/ich-bin-ein-berliner-wie-vier-worte-vergessen-erneuert-und-verewigt-wurden-10022560.html\" class=\"link link--internal\" data-gtm-class=\"article-text-link\" data-gtm-val=\"internal\" rel=\"nofollow noopener\" target=\"_blank\">John F. Kennedys Worte vor dem Sch\u00f6neberger Rathaus<\/a>, schlie\u00dflich 1989 der Fall der Mauer und das Ende der kommunistischen Diktatur waren weltgeschichtliche Wegmarken im Kampf f\u00fcr Freiheit und Demokratie. <\/p>\n<p><a href=\"https:\/\/abo.tagesspiegel.de\/tagesspiegel-app?icid=single-topic_13281043___\" data-gtm-class=\"article-mzt-link\" class=\"tspCGnc\" rel=\"nofollow noopener\" target=\"_blank\">Die Tagesspiegel-App Aktuelle Nachrichten, Hintergr\u00fcnde und Analysen direkt auf Ihr Smartphone. Dazu die digitale Zeitung. Hier gratis herunterladen.  <\/a><\/p>\n<p class=\"tspCAmw\">Berlin konnte in den achtzig Jahren nach dem Ende des Krieges und der Befreiung von der Nazidiktatur f\u00fcr sich <a href=\"https:\/\/www.tagesspiegel.de\/berlin\/berliner_kultur\/das-west-berlin-der-achtziger-stadt-der-freiraume-9079048.html\" class=\"link link--internal\" data-gtm-class=\"article-text-link\" data-gtm-val=\"internal\" rel=\"nofollow noopener\" target=\"_blank\">den Markenkern der Freiheit<\/a> in Anspruch nehmen. Eine heutige Vision der Stadt muss \u2013 um belastbar zu sein \u2013 unweigerlich in ihrer Geschichte wurzeln. Und Freiheit ist genau diese historische Identit\u00e4t Berlins.<\/p>\n<p class=\"tspAAfh\">Empfohlener redaktioneller Inhalt<\/p>\n<p> An dieser Stelle finden Sie einen von unseren Redakteuren ausgew\u00e4hlten, externen Inhalt, der den Artikel f\u00fcr Sie mit zus\u00e4tzlichen Informationen anreichert. Sie k\u00f6nnen sich hier den externen Inhalt mit einem Klick anzeigen lassen oder wieder ausblenden. <\/p>\n<p> Externen Inhalt anzeigen <\/p>\n<p class=\"tspAAfn\"> Ich bin damit einverstanden, dass mir der externe Inhalt angezeigt wird. Damit k\u00f6nnen personenbezogene Daten an Drittplattformen \u00fcbermittelt werden.  Mehr Informationen dazu erhalten Sie in den Datenschutz-Einstellungen. Diese finden Sie ganz unten auf unserer Seite im Footer, sodass Sie Ihre Einstellungen jederzeit verwalten oder widerrufen k\u00f6nnen. <\/p>\n<p> Selbstbewusste Hauptstadt <\/p>\n<p class=\"tspCAmw\">Die Freiheit in Europa ist heute in Bedr\u00e4ngnis: Von Westen her schickt sich eine <a href=\"https:\/\/www.tagesspiegel.de\/kultur\/literatur\/die-welt-ist-nicht-genug-douglas-rushkoffs-erschreckende-erkenntnisse-uber-tech-milliardare-13207717.html\" class=\"link link--internal\" data-gtm-class=\"article-text-link\" data-gtm-val=\"internal\" rel=\"nofollow noopener\" target=\"_blank\">Clique von Tech-Oligarchen<\/a> mit imperialen Fantasien und ungeheurer wirtschaftlicher Macht an, unsere liberalen Demokratien zu destabilisieren. Im Osten f\u00fchrt Putin einen brutalen Krieg direkt gegen unsere Freiheit. Und im Innern unserer Gesellschaften erodiert der demokratische Konsens.<\/p>\n<p class=\"tspCAmw\">Das erfordert selbstbewusste Antworten in Europa. Berlin als politisches Zentrum der gr\u00f6\u00dften Demokratie Europas und als \u201eStadt der Freiheit\u201c muss hier eine besondere Rolle einnehmen: als selbstbewusste Hauptstadt eines verantwortungsbereiten Landes in einem freien und demokratischen Europa.<\/p>\n<p> Fluchtpunkt f\u00fcr Talente <\/p>\n<p class=\"tspCAmw\">Unsere Werte werden wir nur dann verteidigen k\u00f6nnen, wenn wir auch wirtschaftlich stark sind. Wenn es Berlin gelingt, den Markenkern der Freiheit weiter zu st\u00e4rken, wird das ein wesentlicher Faktor f\u00fcr seine internationale Anziehungskraft sein und damit auch zu einer kraftvollen wirtschaftlichen Entwicklung beitragen.<\/p>\n<p class=\"tspCAmw\">Denn immer mehr wird das Gewinnen von Talenten zur Schl\u00fcsselfrage im internationalen Wettbewerb.\u00a0Als \u201eStadt der Freiheit\u201c ist Berlin von jeher Fluchtpunkt politisch Verfolgter. Fr\u00fcher waren es Dissidenten aus den Staaten hinter dem Eisernen Vorhang, heute aus L\u00e4ndern wie China, Iran oder Syrien. Der \u00dcberfall Russlands auf die Ukraine hat der <a href=\"https:\/\/www.tagesspiegel.de\/berlin\/berliner-wirtschaft\/berliner-start-ups-schauen-auf-2025-trumps-politik-konnte-der-grunderszene-neuen-ruckenwind-geben-12813566.html\" class=\"link link--internal\" data-gtm-class=\"article-text-link\" data-gtm-val=\"internal\" rel=\"nofollow noopener\" target=\"_blank\">Startup-Metropole Berlin<\/a> nicht nur hervorragende ukrainische IT -Entwickler gebracht, sondern infolge der enormen Repression auch zahllose russische und belarussische.<\/p>\n<p class=\"tspCAmw\">Angesichts der Ver\u00e4nderung des politischen Klimas in vielen Teilen der Welt ist eine Stadt, die f\u00fcr Freiheit steht, nicht nur f\u00fcr politisch direkt Verfolgte attraktiv. Wird das neue <a href=\"https:\/\/www.tagesspiegel.de\/gesellschaft\/queerspiegel\/feldzug-des-us-prasidenten-gegen-diversitat-diese-massnahmen-hat-trump-seit-seinem-amtsantritt-gegen-queere-menschen-ergriffen-13154503.html\" class=\"link link--internal\" data-gtm-class=\"article-text-link\" data-gtm-val=\"internal\" rel=\"nofollow noopener\" target=\"_blank\">anti-liberale und anti-woke Klima in den USA<\/a> nicht auch dort das eine oder andere Talent \u00fcberlegen lassen, das Land zu verlassen? Was ist mit Argentinien, wo der <a href=\"https:\/\/www.tagesspiegel.de\/internationales\/ein-jahr-kettensagen-politik-mileis-starken-und-seine-schwachen--ein-uberblick-12849233.html\" class=\"link link--internal\" data-gtm-class=\"article-text-link\" data-gtm-val=\"internal\" rel=\"nofollow noopener\" target=\"_blank\">exzentrische Pr\u00e4sident gerade einen regelrechten Kulturkampf gegen die Universit\u00e4ten<\/a> f\u00fchrt?\u00a0Oder Italien, Ungarn und so weiter. Die Liste der L\u00e4nder populistischer und demokratiefeindlicher Regierungen wird immer l\u00e4nger.<\/p>\n<p> Serie \u201eBerlin 2030\u201c <\/p>\n<p class=\"tspCAmw\">In unserer Serie \u201eBerlin 2030\u201c wollen wir <strong>konstruktive L\u00f6sungen f\u00fcr die Herausforderungen der Hauptstadt<\/strong> finden und dabei helfen, positiv in die Zukunft zu schauen. Daf\u00fcr sprechen wir mit Vordenkerinnen und Vision\u00e4ren, mit Wirtschaftsvertretern, mit Kulturschaffenden, mit Stadtplanern, mit Wissenschaftlerinnen und Politikern.<\/p>\n<p class=\"tspCAmw\">In <strong>Gastbeitr\u00e4gen<\/strong> fragen wir sie nach ihrer Vision f\u00fcr Berlin. Wie soll Berlin im Jahr 2030 aussehen? Welche Ideen haben sie f\u00fcr die Zukunft unserer Stadt? Und welche Weichen m\u00fcssen daf\u00fcr jetzt gestellt werden?<\/p>\n<p class=\"tspCAmw\">Die Beitr\u00e4ge der Serie stammen unter anderem von Kai Wegner, Renate K\u00fcnast, Sigrid Nikutta, Ulrike Demmer, Tim Raue, Mo Asumang und Christian Schertz. Alle bisher erschienen Beitr\u00e4ge <a href=\"https:\/\/www.tagesspiegel.de\/berlin\/themen\/berlin-2030\" target=\"_blank\" rel=\"noopener nofollow\" class=\"link link--external\" data-gtm-class=\"article-text-link\" data-gtm-val=\"external\" aria-describedby=\"message-target-blank\">finden Sie hier<\/a>.<\/p>\n<p class=\"tspCAmw\">Am 28. April ab 19.30 Uhr stellen wir die Vorschl\u00e4ge aus der Serie in einer Veranstaltung mit Podiumsdiskussion im Deutschen Theater vor. Tickets gibt es unter <a href=\"https:\/\/veranstaltungen.tagesspiegel.de\/event\/f0ed0b7d-74f0-4290-9b47-03f8f7285937\/summary\" target=\"_blank\" rel=\"noopener nofollow\" class=\"link link--external\" data-gtm-class=\"article-text-link\" data-gtm-val=\"external\" aria-describedby=\"message-target-blank\">veranstaltungen.tagesspiegel.de<\/a>.<\/p>\n<p class=\"tspCAmw\">Sie haben auch eine Idee? Schicken Sie uns Ihre Vorschl\u00e4ge an: checkpoint@tagesspiegel.de.<\/p>\n<p> Die besten K\u00f6pfe aus Wirtschaft, Wissenschaft und Kultur <\/p>\n<p class=\"tspCAmw\">Berlins wirtschaftliche Zukunft liegt in wissensbasierten Branchen, deren Wettbewerbsf\u00e4higkeit ma\u00dfgeblich von der Rekrutierung von Talenten abh\u00e4ngt. Im Bereich der Gesundheitswirtschaft und Biotechnologie ist in der Hauptstadtregion mittlerweile ein riesiges regionales Cluster mit \u00fcber 400.000 \u00fcberwiegend hoch qualifizierten Besch\u00e4ftigten entstanden.<\/p>\n<p class=\"tspCAmw\"><a href=\"https:\/\/www.tagesspiegel.de\/berlin\/berliner-forschungszentrum-von-bayer-und-charite-warum-den-kanzler-nun-gen-und-zelltherapie-interessiert-11857538.html\" class=\"link link--internal\" data-gtm-class=\"article-text-link\" data-gtm-val=\"internal\" rel=\"nofollow noopener\" target=\"_blank\">Bayer und die Charit\u00e9 planen ein Gen- und Zelltherapiezentrum<\/a> als Inkubator f\u00fcr Wissenschaftler und Entrepreneure aus der ganzen Welt. Diese Technologie revolutioniert gerade die Behandlungsm\u00f6glichkeiten bisher als unheilbar geltender Krankheiten. Auch die Berliner Digitalwirtschaft mit ihren dynamischen Start-ups ist den Kinderschuhen entwachsen und gilt mittlerweile als eines der f\u00fchrenden \u00d6kosysteme in Europa. Als Fintech-Hauptstadt hat Berlin Frankfurt l\u00e4ngst \u00fcberholt. Die Berliner Industrie \u2013 zu besichtigen zum Beispiel in Adlershof \u2013 ist digital und auf ihrem Transformationspfad weiter fortgeschritten als die klassischen Industrieregionen im S\u00fcden und Westen Deutschlands. Dasselbe gilt \u00fcbrigens auch f\u00fcr die hier angesiedelten Hightech-Handwerksbetriebe.<\/p>\n<p class=\"tspCAmw\">Um all das weiterzuentwickeln, muss Berlin attraktiv bleiben f\u00fcr die besten K\u00f6pfe nicht nur aus der Wirtschaft, sondern gleicherma\u00dfen aus Wissenschaft und Kultur. Gerade das Zusammenspiel dieser drei Sph\u00e4ren schafft idealerweise ein kreatives und innovatives Reizklima, aus dem immer wieder Neues entstehen kann.<\/p>\n<p> Fundament statt Slogans <\/p>\n<p class=\"tspCAmw\">Um diese klugen K\u00f6pfe zu erreichen, wird es allerdings nicht gen\u00fcgen, den Geist der Freiheit mit allerlei Slogans zu beschw\u00f6ren, so wie es die Stadtvermarkter in den vergangenen Jahren mit ihren durchaus ansprechenden Kampagnen immer wieder getan haben. Auch das Fundament muss stimmen. In diesem Zusammenhang <a href=\"https:\/\/www.tagesspiegel.de\/berlin\/halbzeit-fur-schwarz-rot-in-berlin-es-braucht-eine-neue-vision-fur-die-stadt-12994975.html\" class=\"link link--internal\" data-gtm-class=\"article-text-link\" data-gtm-val=\"internal\" rel=\"nofollow noopener\" target=\"_blank\">\u201efunktionierende Basics\u201c<\/a> anzuf\u00fchren, wie Kai Wegner es getan hat, ist vollkommen richtig. Allerdings nicht als Vision an sich, sondern als notwendige Bedingung f\u00fcr eine solche. Auch hier muss der Benchmark international sein.<\/p>\n<p class=\"tspCAmw\">Funktionieren hei\u00dft: Eine digitale Infrastruktur f\u00fcr B\u00fcrger, Unternehmen und Beh\u00f6rden, die den Wettbewerb mit den fortschrittlichsten Regionen der Welt aufnehmen kann. Ausreichendes Wohnungsangebot f\u00fcr internationale Talente und solche, die es noch werden (Studenten und Azubis). Exzellente Kinderbetreuungsangebote und leistungsf\u00e4hige Schulen. Nur um hier einige der grundlegenden Themen zu nennen; sie sind ja alle hinl\u00e4nglich bekannt.<\/p>\n<p class=\"tspCAmw\">\u00dcber die \u201eBasics\u201c hinaus muss Berlin aber auch bereit sein, seine spezifischen Zukunftsfelder zu st\u00e4rken und in diese entsprechend zu investieren. Dass Berlin von allen Bundesl\u00e4ndern die h\u00f6chsten Pro-Kopf-Ausgaben im Kulturbereich hat, ist wesentlich f\u00fcr die Standortattraktivit\u00e4t und muss auch in Zukunft Anspruch bleiben. Eine schlecht vorbereitete und deshalb <a href=\"https:\/\/www.tagesspiegel.de\/berlin\/das-chaos-geht-weiter-berliner-kulturverwaltung-spart-bei-anderen-einrichtungen-als-geplant-13040344.html\" class=\"link link--internal\" data-gtm-class=\"article-text-link\" data-gtm-val=\"internal\" rel=\"nofollow noopener\" target=\"_blank\">verungl\u00fcckte Kommunikation \u00fcber den Kulturetat<\/a> war kontraproduktiv f\u00fcr Berlins Image und darf sich nicht wiederholen.<\/p>\n<p class=\"tspCAmw\">Dasselbe gilt f\u00fcr Wissenschaft und Forschung. Die starke Berliner <a href=\"https:\/\/www.tagesspiegel.de\/wissen\/wegen-millionenkurzung-in-der-wissenschaft-wirtschaftsverbande-warnen-vor-schaden-fur-berlin-12863275.html\" class=\"link link--internal\" data-gtm-class=\"article-text-link\" data-gtm-val=\"internal\" rel=\"nofollow noopener\" target=\"_blank\">universit\u00e4re und au\u00dferuniversit\u00e4re Wissenschaftslandschaft<\/a> zieht nicht nur Studierende und Wissenschaftler aus der ganzen Welt an, sondern insbesondere auch Unternehmen und Fachkr\u00e4fte in wissensbasierten Zukunftsbranchen.<\/p>\n<p> Gro\u00dfes ist m\u00f6glich <\/p>\n<p class=\"tspCAmw\">Verbunden mit dem Lebensgef\u00fchl einer Stadt, die stolz und selbstbewusst f\u00fcr Freiheit, Demokratie und Toleranz steht und deshalb Talente aus aller Welt anzieht, werden hier in Berlin viele Dinge m\u00f6glich sein. Gerade in Zeiten gewaltiger technologischer Umbr\u00fcche, zum Beispiel in der Quantentechnologie, der K\u00fcnstlicher Intelligenz, der Gen- und Zelltherapie werden wir mit europ\u00e4ischen Partnern Antworten gegen\u00fcber den hegemonialen technologischen Ambitionen Chinas und der USA finden m\u00fcssen. <\/p>\n<p class=\"tspCAmw\">Einige werden sagen: Wir werden den Wettlauf nicht mehr gewinnen k\u00f6nnen. Aber wer h\u00e4tte vor dem Auftauchen von ChatGPT geglaubt, dass Google als Suchmaschine \u2013 schon wegen seiner schieren Gr\u00f6\u00dfe und Marktmacht \u2013 jemals herausgefordert werden k\u00f6nnte? Und dass wiederum <a href=\"https:\/\/www.tagesspiegel.de\/wissen\/deepseek-statt-chatgpt-was-nutzer-jetzt-wissen-sollten-13125862.html\" class=\"link link--internal\" data-gtm-class=\"article-text-link\" data-gtm-val=\"internal\" rel=\"nofollow noopener\" target=\"_blank\">ChatGPT mit deepseek<\/a> nunmehr Konkurrenz von einem chinesischen Start-up bekommen w\u00fcrde?<\/p>\n<p> Mehr Visionen f\u00fcr Berlin 2030 <a href=\"https:\/\/www.tagesspiegel.de\/berlin\/yehuda-teichtals-vision-fur-berlin-2030-jedes-lacheln-jede-gute-tat-jede-ausgestreckte-hand-zahlt-13396279.html?icid=topic-list_13281043___\" data-gtm-class=\"article-mzt-link\" class=\"tspCGnc\" rel=\"nofollow noopener\" target=\"_blank\">Yehuda Teichtals Vision f\u00fcr Berlin 2030 \u201eJedes L\u00e4cheln, jede gute Tat, jede ausgestreckte Hand z\u00e4hlt\u201c <\/a><a href=\"https:\/\/www.tagesspiegel.de\/berlin\/ulli-zelles-vision-fur-berlin-2030-aus-finanznot-wird-das-rbb-fernsehzentrum-zum-hotel-umgebaut-13405576.html?icid=topic-list_13281043___\" data-gtm-class=\"article-mzt-link\" class=\"tspCGnc\" rel=\"nofollow noopener\" target=\"_blank\">Ulli Zelles Vision f\u00fcr Berlin 2030 Aus Finanznot wird das rbb-Fernsehzentrum zum Hotel umgebaut <\/a><a href=\"https:\/\/www.tagesspiegel.de\/berlin\/berliner-wirtschaft\/ute-weilands-vision-fur-berlin-2030-europas-gesundheitsstandort-nummer-eins-13386229.html?icid=topic-list_13281043___\" data-gtm-class=\"article-mzt-link\" class=\"tspCGnc\" rel=\"nofollow noopener\" target=\"_blank\">Ute Weilands Vision f\u00fcr Berlin 2030 Der Weg zu Europas Gesundheitsstandort Nummer eins <\/a><\/p>\n<p class=\"tspCAmw\">Wenn es gelingt, die richtigen Talente zusammenzubringen, dann sind auch bahnbrechende disruptive Innovationen m\u00f6glich. Warum also nicht eine demokratische Alternative zu Musks Plattform X aus Berlins digitalem \u00d6kosystem? Oder ein AI-Tool, das leistungsstark ist, aber demokratisch und ethisch reguliert? Digitale Plattformen aus der deutschen Hauptstadt, die den Nutzern ihre Daten nicht stehlen, sondern ihnen ihre volle digitale Souver\u00e4nit\u00e4t zur\u00fcckgeben? Warum nicht eine an der Charit\u00e9 entwickelte Therapie gegen Alzheimer und Parkinson, die gro\u00dfen Gei\u00dfeln einer alternden Gesellschaft? Ich bin mir sicher: In einer freien Stadt mit den besten K\u00f6pfen aus der ganzen Welt wird Gro\u00dfes m\u00f6glich sein.<\/p>\n","protected":false},"excerpt":{"rendered":"Berlin hat im vergangenen November ein beeindruckendes Fest der Freiheit gefeiert. In Zeiten, in denen liberale Demokratien allenthalben&hellip;\n","protected":false},"author":2,"featured_media":13715,"comment_status":"","ping_status":"","sticky":false,"template":"","format":"standard","meta":{"footnotes":"","_share_on_mastodon":"0"},"categories":[1825],"tags":[6605,296,2275,7408,675,29,9663,30,141,9664,55,1889],"class_list":["post-13714","post","type-post","status-publish","format-standard","has-post-thumbnail","category-berlin","tag-bayer","tag-berlin","tag-berlin2030","tag-charite","tag-chatgpt","tag-deutschland","tag-digital-infrastructure","tag-germany","tag-gesundheit","tag-stephan-schwarz","tag-wirtschaft","tag-zukunft"],"share_on_mastodon":{"url":"https:\/\/pubeurope.com\/@de\/114298116069417575","error":""},"_links":{"self":[{"href":"https:\/\/www.europesays.com\/de\/wp-json\/wp\/v2\/posts\/13714","targetHints":{"allow":["GET"]}}],"collection":[{"href":"https:\/\/www.europesays.com\/de\/wp-json\/wp\/v2\/posts"}],"about":[{"href":"https:\/\/www.europesays.com\/de\/wp-json\/wp\/v2\/types\/post"}],"author":[{"embeddable":true,"href":"https:\/\/www.europesays.com\/de\/wp-json\/wp\/v2\/users\/2"}],"replies":[{"embeddable":true,"href":"https:\/\/www.europesays.com\/de\/wp-json\/wp\/v2\/comments?post=13714"}],"version-history":[{"count":0,"href":"https:\/\/www.europesays.com\/de\/wp-json\/wp\/v2\/posts\/13714\/revisions"}],"wp:featuredmedia":[{"embeddable":true,"href":"https:\/\/www.europesays.com\/de\/wp-json\/wp\/v2\/media\/13715"}],"wp:attachment":[{"href":"https:\/\/www.europesays.com\/de\/wp-json\/wp\/v2\/media?parent=13714"}],"wp:term":[{"taxonomy":"category","embeddable":true,"href":"https:\/\/www.europesays.com\/de\/wp-json\/wp\/v2\/categories?post=13714"},{"taxonomy":"post_tag","embeddable":true,"href":"https:\/\/www.europesays.com\/de\/wp-json\/wp\/v2\/tags?post=13714"}],"curies":[{"name":"wp","href":"https:\/\/api.w.org\/{rel}","templated":true}]}}