{"id":137551,"date":"2025-05-25T03:36:13","date_gmt":"2025-05-25T03:36:13","guid":{"rendered":"https:\/\/www.europesays.com\/de\/137551\/"},"modified":"2025-05-25T03:36:13","modified_gmt":"2025-05-25T03:36:13","slug":"berliner-polizei-ermittelt-wegen-anti-zionistischem-drohplakat","status":"publish","type":"post","link":"https:\/\/www.europesays.com\/de\/137551\/","title":{"rendered":"Berliner Polizei ermittelt wegen anti-zionistischem Drohplakat"},"content":{"rendered":"<p class=\"metatextline\">Stand: 24.05.2025 17:48 Uhr<\/p>\n<p class=\"textabsatz columns twelve  m-ten  m-offset-one l-eight l-offset-two\">\n        <strong>Wenige Tage nach dem Attentat auf zwei Mitarbeiter der israelischen Botschaft in Washington sind Plakate des dabei get\u00f6teten Deutsch-Israelis in Berlin aufgetaucht &#8211; zusammen mit Hamas-Symbolik. Nun ermittelt die Polizei.<\/strong>\n    <\/p>\n<p class=\"textabsatz m-ten m-offset-one l-eight l-offset-two columns twelve\">\nDie Berliner Polizei ermittelt wegen mehrerer Plakate mit einem Foto des am Mittwoch in Washington D.C. get\u00f6teten Deutsch-Israelis Yaron Lischinsky. Eines der Plakate, die zuvor auch in sozialen Medien zu sehen waren, konnte am Freitag in Berlin sichergestellt worden, wie die Polizei mitteilte.<\/p>\n<p class=\"textabsatz m-ten m-offset-one l-eight l-offset-two columns twelve\">\nEs zeigt unter der \u00dcberschrift &#8222;Make Zionists afraid&#8220; (&#8222;Lass Zionisten Angst empfinden&#8220;) ein rotes Dreieck der Terrororganisation Hamas, dessen Spitze auf der Stirn von Lischinsky endet. Darunter stehen die Lebensdaten des get\u00f6teten Mitarbeiters der israelischen Botschaft in den USA. Vor dem Todesjahr 2025 steht anstatt des \u00fcblichen Kreuzes ein zweites rotes Dreieck.<\/p>\n<p class=\"textabsatz m-ten m-offset-one l-eight l-offset-two columns twelve\">\nDer Staatsschutz des Landeskriminalamts ermittle nun gegen Unbekannt &#8222;wegen des Verdachts der Billigung von Straftaten und des Verwendens von Kennzeichen verfassungswidriger und terroristischer Organisationen&#8220;, so die Polizei.<\/p>\n<p>    Sicherheitsvorkehrungen versch\u00e4rft<\/p>\n<p class=\"textabsatz m-ten m-offset-one l-eight l-offset-two columns twelve\">\nDas Attentat auf den 30-j\u00e4hrigen Lischinsky und die US-B\u00fcrgerin Sarah Lynn Milgrim vor dem J\u00fcdischen Museum in Washington hatte international f\u00fcr Entsetzen gesorgt. Nach Angaben des israelischen Botschafters waren Lischinsky und Lynn Milgrim, die ebenfalls in der Vertretung arbeitete, ein Paar. Israel versch\u00e4rfte nach dem Angriff seine Sicherheitsma\u00dfnahmen vor diplomatischen Vertretungen weltweit.<\/p>\n<p class=\"textabsatz m-ten m-offset-one l-eight l-offset-two columns twelve\">\nDer mutma\u00dfliche T\u00e4ter wurde inzwischen <a href=\"https:\/\/www.tagesschau.de\/ausland\/schuesse-israelische-botschaft-washington-anklage-100.html\" title=\"Mutma\u00dflicher T\u00e4ter nach Attacke in Washington wegen Mordes angeklagt\" target=\"_blank\" rel=\"noopener\">wegen Mordes angeklagt<\/a>. Die Beh\u00f6rden untersuchen die Tat zudem als Hassverbrechen und m\u00f6glichen Terrorakt. Der mutma\u00dfliche Angreifer sagte den Ermittlern zufolge, er habe &#8222;es f\u00fcr Pal\u00e4stina getan&#8220;, um auf die Lage im Gazastreifen aufmerksam zu machen. Sowohl US-Pr\u00e4sident Donald Trump als auch Au\u00dfenminister Marco Rubio sprachen von einem antisemitischen Hintergrund.<\/p>\n","protected":false},"excerpt":{"rendered":"Stand: 24.05.2025 17:48 Uhr Wenige Tage nach dem Attentat auf zwei Mitarbeiter der israelischen Botschaft in Washington sind&hellip;\n","protected":false},"author":2,"featured_media":137552,"comment_status":"","ping_status":"","sticky":false,"template":"","format":"standard","meta":{"footnotes":""},"categories":[1825],"tags":[296,29,30,48302,320],"class_list":{"0":"post-137551","1":"post","2":"type-post","3":"status-publish","4":"format-standard","5":"has-post-thumbnail","7":"category-berlin","8":"tag-berlin","9":"tag-deutschland","10":"tag-germany","11":"tag-israelische-botschaft","12":"tag-washington"},"share_on_mastodon":{"url":"","error":""},"_links":{"self":[{"href":"https:\/\/www.europesays.com\/de\/wp-json\/wp\/v2\/posts\/137551","targetHints":{"allow":["GET"]}}],"collection":[{"href":"https:\/\/www.europesays.com\/de\/wp-json\/wp\/v2\/posts"}],"about":[{"href":"https:\/\/www.europesays.com\/de\/wp-json\/wp\/v2\/types\/post"}],"author":[{"embeddable":true,"href":"https:\/\/www.europesays.com\/de\/wp-json\/wp\/v2\/users\/2"}],"replies":[{"embeddable":true,"href":"https:\/\/www.europesays.com\/de\/wp-json\/wp\/v2\/comments?post=137551"}],"version-history":[{"count":0,"href":"https:\/\/www.europesays.com\/de\/wp-json\/wp\/v2\/posts\/137551\/revisions"}],"wp:featuredmedia":[{"embeddable":true,"href":"https:\/\/www.europesays.com\/de\/wp-json\/wp\/v2\/media\/137552"}],"wp:attachment":[{"href":"https:\/\/www.europesays.com\/de\/wp-json\/wp\/v2\/media?parent=137551"}],"wp:term":[{"taxonomy":"category","embeddable":true,"href":"https:\/\/www.europesays.com\/de\/wp-json\/wp\/v2\/categories?post=137551"},{"taxonomy":"post_tag","embeddable":true,"href":"https:\/\/www.europesays.com\/de\/wp-json\/wp\/v2\/tags?post=137551"}],"curies":[{"name":"wp","href":"https:\/\/api.w.org\/{rel}","templated":true}]}}