{"id":137587,"date":"2025-05-25T03:58:08","date_gmt":"2025-05-25T03:58:08","guid":{"rendered":"https:\/\/www.europesays.com\/de\/137587\/"},"modified":"2025-05-25T03:58:08","modified_gmt":"2025-05-25T03:58:08","slug":"konzertsommer-2025-in-moenchengladbach-chef-vom-hockeypark-ueber-ticketpreise-und-em","status":"publish","type":"post","link":"https:\/\/www.europesays.com\/de\/137587\/","title":{"rendered":"Konzertsommer 2025 in M\u00f6nchengladbach &#8211; Chef vom Hockeypark \u00fcber Ticketpreise und EM"},"content":{"rendered":"<p class=\"text-50 desktop:text-70 park-container-small px-6 mb-10 desktop:mb-14\">Interview | M\u00f6nchengladbach \u00b7 <strong data-cy=\"intro\">Die anstehende Konzertsaison ist mit 15\u2005Terminen die bisher gr\u00f6\u00dfte in M\u00f6nchengladbach. Trotzdem endet sie fr\u00fcher als anderenorts. Sparkassenpark-Chef Hilgers spricht im Interview \u00fcber seine Erwartungen, \u00fcber steigende Ticketpreise, die Hockey-EM, neue Veranstaltungsorte und seinen Wunsch, das Hockeystadion zu kaufen.<\/strong><\/p>\n","protected":false},"excerpt":{"rendered":"Interview | M\u00f6nchengladbach \u00b7 Die anstehende Konzertsaison ist mit 15\u2005Terminen die bisher gr\u00f6\u00dfte in M\u00f6nchengladbach. Trotzdem endet sie&hellip;\n","protected":false},"author":2,"featured_media":137588,"comment_status":"","ping_status":"","sticky":false,"template":"","format":"standard","meta":{"footnotes":"","_share_on_mastodon":"0"},"categories":[1849],"tags":[6329,3364,29,548,663,3934,30,13,1310,2315,3709,3910,50212,4819,50209,4455,14,15,1209,50211,50213,12,28907,50210],"class_list":["post-137587","post","type-post","status-publish","format-standard","has-post-thumbnail","category-moenchengladbach","tag-band","tag-de","tag-deutschland","tag-eu","tag-europa","tag-europe","tag-germany","tag-headlines","tag-konzert","tag-konzerte","tag-konzertsaison","tag-kuenstler","tag-kuenstlerauswahl","tag-kuenstlerin","tag-michael-hilgers","tag-moenchengladbach","tag-nachrichten","tag-news","tag-nordrhein-westfalen","tag-ole","tag-punkbands","tag-schlagzeilen","tag-shows","tag-sparkassenpark"],"share_on_mastodon":{"url":"https:\/\/pubeurope.com\/@de\/114566470323875623","error":""},"_links":{"self":[{"href":"https:\/\/www.europesays.com\/de\/wp-json\/wp\/v2\/posts\/137587","targetHints":{"allow":["GET"]}}],"collection":[{"href":"https:\/\/www.europesays.com\/de\/wp-json\/wp\/v2\/posts"}],"about":[{"href":"https:\/\/www.europesays.com\/de\/wp-json\/wp\/v2\/types\/post"}],"author":[{"embeddable":true,"href":"https:\/\/www.europesays.com\/de\/wp-json\/wp\/v2\/users\/2"}],"replies":[{"embeddable":true,"href":"https:\/\/www.europesays.com\/de\/wp-json\/wp\/v2\/comments?post=137587"}],"version-history":[{"count":0,"href":"https:\/\/www.europesays.com\/de\/wp-json\/wp\/v2\/posts\/137587\/revisions"}],"wp:featuredmedia":[{"embeddable":true,"href":"https:\/\/www.europesays.com\/de\/wp-json\/wp\/v2\/media\/137588"}],"wp:attachment":[{"href":"https:\/\/www.europesays.com\/de\/wp-json\/wp\/v2\/media?parent=137587"}],"wp:term":[{"taxonomy":"category","embeddable":true,"href":"https:\/\/www.europesays.com\/de\/wp-json\/wp\/v2\/categories?post=137587"},{"taxonomy":"post_tag","embeddable":true,"href":"https:\/\/www.europesays.com\/de\/wp-json\/wp\/v2\/tags?post=137587"}],"curies":[{"name":"wp","href":"https:\/\/api.w.org\/{rel}","templated":true}]}}