{"id":138112,"date":"2025-05-25T08:53:10","date_gmt":"2025-05-25T08:53:10","guid":{"rendered":"https:\/\/www.europesays.com\/de\/138112\/"},"modified":"2025-05-25T08:53:10","modified_gmt":"2025-05-25T08:53:10","slug":"frau-faehrt-kind-an-und-erleidet-selbst-oberschenkelbruch","status":"publish","type":"post","link":"https:\/\/www.europesays.com\/de\/138112\/","title":{"rendered":"Frau f\u00e4hrt Kind an \u2013 und erleidet selbst Oberschenkelbruch"},"content":{"rendered":"<p>Unfall in Hamburg <\/p>\n<p>Frau f\u00e4hrt Kind an \u2013 und erleidet selbst Oberschenkelbruch<\/p>\n<p>Aktualisiert am 25.05.2025 &#8211; 10:36 UhrLesedauer: 1 Min.<\/p>\n<p><a href=\"#focus-0\" class=\"transition-colors duration-200 focus-within:text-magenta block text-current relative\" data-sctrack=\"FocusGalleryImage.Reference\"><img fetchpriority=\"high\" data-testid=\"Opener.Image\" style=\"--lqipURL:url('https:\/\/images.t-online.de\/2025\/05\/VMVOfBQMMAQ0\/0x64:2048x1152\/fit-in\/150x0\/filters:blur(25)\/die-frau-kam-mit-einem-oberschenkelbruch-in-ein-krankenhaus-symbolbild.jpg')\"   loading=\"eager\" src=\"https:\/\/www.europesays.com\/de\/wp-content\/uploads\/2025\/05\/die-frau-kam-mit-einem-oberschenkelbruch-in-ein-krankenhaus-symbolbild.jpg\" alt=\"Krankenwagen\" title=\"Krankenwagen\" width=\"2048\" height=\"1152\" class=\"bg-[url:var(--lqipURL)] bg-cover bg-center flex w-full max-w-full h-full\" decoding=\"async\"\/><img style=\"--width:32;--height:32\" loading=\"lazy\" src=\"https:\/\/www.europesays.com\/de\/wp-content\/uploads\/2025\/04\/1743617728_477_zoom-in.f7dae02f.svg.svg+xml\" alt=\"Vergr\u00f6\u00dfern des Bildes\" title=\"Vergr\u00f6\u00dfern des Bildes\" class=\"&#10;        block&#10;        h-[calc(var(--height)_\/_16_*_1rem)]&#10;        w-[calc(var(--width)_\/_16_*_1rem)]&#10;        max-w-none&#10;        absolute bottom-8 right-8 rounded-4 bg-snow p-8\" decoding=\"async\"\/><\/a><\/p>\n<p>Die Frau kam mit einem Oberschenkelbruch in ein Krankenhaus. (Symbolbild) (Quelle: Hendrik Schmidt\/dpa-Zentralbild\/dpa\/dpa-bilder)<\/p>\n<p class=\"font-bold text-18 leading-17\">In Hamburg-Billstedt f\u00e4hrt eine Frau ein Kind an. Sie springt aus ihrem Auto. Doch die Handbremse des Wagens ist nicht angezogen.<\/p>\n<p class=\"text-18 leading-17\">In Hamburg-Billstedt hat eine 42-j\u00e4hrige Frau ein dreij\u00e4hriges Kind angefahren und ist dann selbst von ihrem Auto verletzt worden. Die Frau musste daraufhin laut Polizei mit einem gebrochenen Oberschenkel in ein Krankenhaus. Der Dreij\u00e4hrige blieb demnach unverletzt.<\/p>\n<p class=\"text-18 leading-17\">Der Unfall ereignete sich laut Polizei als die 42-J\u00e4hrige mit ihrem Auto aus einer Tiefgarage herausfuhr und dabei den Dreij\u00e4hrigen \u00fcbersah, der mit seinem Laufrad auf dem Radweg unterwegs war. Das Auto der Frau touchierte den Jungen und kam dann zum Stehen. Die 42-J\u00e4hrige sei danach aus dem Auto gestiegen, um zu sehen, ob alles in Ordnung sei.<\/p>\n<p class=\"text-18 leading-17\">Laut Polizei muss sie jedoch vergessen haben, die Handbremse anzuziehen. Denn als sie in der ge\u00f6ffneten Autot\u00fcr stand, rollte ihr Auto pl\u00f6tzlich wieder r\u00fcckw\u00e4rts in die Tiefgarage und zog die Frau mit sich. Die 42-J\u00e4hrige wurde zwischen der Wand der Tiefgarage und ihrer Autot\u00fcr eingequetscht und zog sich einen schweren Oberschenkelbruch zu.<\/p>\n","protected":false},"excerpt":{"rendered":"Unfall in Hamburg Frau f\u00e4hrt Kind an \u2013 und erleidet selbst Oberschenkelbruch Aktualisiert am 25.05.2025 &#8211; 10:36 UhrLesedauer:&hellip;\n","protected":false},"author":2,"featured_media":138113,"comment_status":"","ping_status":"","sticky":false,"template":"","format":"standard","meta":{"footnotes":""},"categories":[1826],"tags":[513,29,30,692,17114,1460,50377,121,1284],"class_list":{"0":"post-138112","1":"post","2":"type-post","3":"status-publish","4":"format-standard","5":"has-post-thumbnail","7":"category-hamburg","8":"tag-auto","9":"tag-deutschland","10":"tag-germany","11":"tag-hamburg","12":"tag-hamburg-billstedt","13":"tag-kind","14":"tag-oberschenkelbruch","15":"tag-polizei","16":"tag-unfall"},"share_on_mastodon":{"url":"https:\/\/pubeurope.com\/@de\/114567630339029655","error":""},"_links":{"self":[{"href":"https:\/\/www.europesays.com\/de\/wp-json\/wp\/v2\/posts\/138112","targetHints":{"allow":["GET"]}}],"collection":[{"href":"https:\/\/www.europesays.com\/de\/wp-json\/wp\/v2\/posts"}],"about":[{"href":"https:\/\/www.europesays.com\/de\/wp-json\/wp\/v2\/types\/post"}],"author":[{"embeddable":true,"href":"https:\/\/www.europesays.com\/de\/wp-json\/wp\/v2\/users\/2"}],"replies":[{"embeddable":true,"href":"https:\/\/www.europesays.com\/de\/wp-json\/wp\/v2\/comments?post=138112"}],"version-history":[{"count":0,"href":"https:\/\/www.europesays.com\/de\/wp-json\/wp\/v2\/posts\/138112\/revisions"}],"wp:featuredmedia":[{"embeddable":true,"href":"https:\/\/www.europesays.com\/de\/wp-json\/wp\/v2\/media\/138113"}],"wp:attachment":[{"href":"https:\/\/www.europesays.com\/de\/wp-json\/wp\/v2\/media?parent=138112"}],"wp:term":[{"taxonomy":"category","embeddable":true,"href":"https:\/\/www.europesays.com\/de\/wp-json\/wp\/v2\/categories?post=138112"},{"taxonomy":"post_tag","embeddable":true,"href":"https:\/\/www.europesays.com\/de\/wp-json\/wp\/v2\/tags?post=138112"}],"curies":[{"name":"wp","href":"https:\/\/api.w.org\/{rel}","templated":true}]}}