{"id":138132,"date":"2025-05-25T09:03:12","date_gmt":"2025-05-25T09:03:12","guid":{"rendered":"https:\/\/www.europesays.com\/de\/138132\/"},"modified":"2025-05-25T09:03:12","modified_gmt":"2025-05-25T09:03:12","slug":"das-sind-die-gaeste-am-sonntag-3","status":"publish","type":"post","link":"https:\/\/www.europesays.com\/de\/138132\/","title":{"rendered":"Das sind die G\u00e4ste am Sonntag"},"content":{"rendered":"<p>Talkshow im Ersten <\/p>\n<p>&#8222;Caren Miosga&#8220; heute: Das sind die G\u00e4ste am Sonntag<\/p>\n<p>25.05.2025 &#8211; 10:05 UhrLesedauer: 2 Min.<\/p>\n<p><a href=\"#focus-0\" class=\"transition-colors duration-200 focus-within:text-magenta block text-current relative\" data-sctrack=\"FocusGalleryImage.Reference\"><img fetchpriority=\"high\" data-testid=\"Opener.Image\" style=\"--lqipURL:url('https:\/\/images.t-online.de\/2025\/03\/UfBcahJcDIca\/245x74:2540x1429\/fit-in\/150x0\/filters:blur(25)\/moderatorin-caren-miosga-fuehrt-durch-ihren-talk.jpg')\"   loading=\"eager\" src=\"https:\/\/www.europesays.com\/de\/wp-content\/uploads\/2025\/05\/moderatorin-caren-miosga-fuehrt-durch-ihren-talk.jpg\" alt=\"Caren Miosga: Seit 2024 moderiert sie die Talkshow im Ersten.\" title=\"Caren Miosga: Seit 2024 moderiert sie die Talkshow im Ersten.\" width=\"2540\" height=\"1429\" class=\"bg-[url:var(--lqipURL)] bg-cover bg-center flex w-full max-w-full h-full\" decoding=\"async\"\/><img style=\"--width:32;--height:32\" loading=\"lazy\" src=\"https:\/\/www.europesays.com\/de\/wp-content\/uploads\/2025\/05\/zoom-in.f7dae02f.svg.svg+xml\" alt=\"Vergr\u00f6\u00dfern des Bildes\" title=\"Vergr\u00f6\u00dfern des Bildes\" class=\"&#10;        block&#10;        h-[calc(var(--height)_\/_16_*_1rem)]&#10;        w-[calc(var(--width)_\/_16_*_1rem)]&#10;        max-w-none&#10;        absolute bottom-8 right-8 rounded-4 bg-snow p-8\" decoding=\"async\"\/><\/a><\/p>\n<p>Caren Miosga: Seit 2024 moderiert sie die Talkshow im Ersten. (Quelle: NDR\/Philipp Rathmer)<\/p>\n<p class=\"font-bold text-18 leading-17\">W\u00f6chentlich spricht Caren Miosga \u00fcber Politik, Wirtschaft und Gesellschaft in ihrer Talkshow. Wer nimmt heute in der Sendung Platz?<\/p>\n<p class=\"text-18 leading-17\">Einst war sie Nachrichtensprecherin bei den &#8222;Tagesthemen&#8220;, heute hat sie ihre eigene Sendung: Moderatorin <a class=\"transition-colors duration-200 cursor-pointer text-inherit no-underline text-salemsfur md:hover:text-magenta md:hover:border-magenta md:focus:text-magenta border-current border-b border-solid break-words\" href=\"https:\/\/www.t-online.de\/themen\/caren-miosga\/\" data-sctrack=\"BodyAnchor\" target=\"_blank\" rel=\"noopener\">Caren Miosga<\/a> f\u00fchrt seit Januar 2024 durch ihre eigene <a class=\"transition-colors duration-200 cursor-pointer text-inherit no-underline text-salemsfur md:hover:text-magenta md:hover:border-magenta md:focus:text-magenta border-current border-b border-solid break-words\" href=\"https:\/\/www.t-online.de\/themen\/talkshow\/\" data-sctrack=\"BodyAnchor\" target=\"_blank\" rel=\"noopener\">Talkshow<\/a>, in der sie die politischen Themen der Woche bespricht. Zusammen mit Vertretern aus Politik, Wirtschaft, Kultur und Gesellschaft diskutiert die Journalistin immer sonntags relevante Fragen, die Relevanz und Brisanz besitzen. Ehrlich, mutig und mit Standpunkten, die Gespr\u00e4chsstoff liefern: Zum Wochenausklang wird Klartext gesprochen.<\/p>\n<p class=\"text-18 leading-17\">Die Zuschauer erwartet eine spannende Runde. In der Sendung <strong class=\"font-bold\">am Sonntag, dem 25. Mai 2025,<\/strong> begr\u00fc\u00dft Caren Miosga ab 21.45 Uhr in der <a class=\"transition-colors duration-200 cursor-pointer text-inherit no-underline text-salemsfur md:hover:text-magenta md:hover:border-magenta md:focus:text-magenta border-current border-b border-solid break-words\" href=\"https:\/\/www.t-online.de\/themen\/ard\/\" data-sctrack=\"BodyAnchor\" target=\"_blank\" rel=\"noopener\">ARD<\/a> folgende G\u00e4ste:<\/p>\n<p class=\"text-18 leading-17\">Laut der Senderseite geht es in dieser Ausgabe um die Frage &#8222;M\u00fcssen wir f\u00fcr unseren Wohlstand mehr arbeiten, Herr Linnemann?&#8220; In der Beschreibung hei\u00dft es weiter: &#8222;Deutschlands Wirtschaft kommt nicht in Schwung und bleibt als Standort weiterhin unattraktiv, weshalb die &#8222;Wirtschaftsweisen&#8220; in dieser Woche erneut tiefgreifende Reformen angemahnt haben. Bundeskanzler <a class=\"transition-colors duration-200 cursor-pointer text-inherit no-underline text-salemsfur md:hover:text-magenta md:hover:border-magenta md:focus:text-magenta border-current border-b border-solid break-words\" href=\"https:\/\/www.t-online.de\/themen\/friedrich-merz\/\" data-sctrack=\"BodyAnchor\" target=\"_blank\" rel=\"noopener\">Friedrich Merz<\/a> und CDU-Generalsekret\u00e4r Carsten Linnemann fordern deshalb eine h\u00f6here Leistungsbereitschaft in der Gesellschaft. Sind die Deutschen zu bequem? Welche Rahmenbedingungen bietet der Staat seinen B\u00fcrgern f\u00fcr die geforderte Mehrarbeit? Welche neuen Anreize will die schwarz-rote Regierung setzen, um Arbeit wieder attraktiver und produktiver zu machen? Und wie lange werden wir mit Blick auf den demografischen Wandel in Zukunft arbeiten m\u00fcssen?&#8220;<\/p>\n<p class=\"text-18 leading-17\">Sendung verpasst? In der ARD-Mediathek sind die Ausgaben von &#8222;Caren Miosga&#8220; sowie vergangene Talks nach Wunsch abrufbar. Die Episode steht kurz nach der regul\u00e4ren Ausstrahlung zum Stream zur Verf\u00fcgung.<\/p>\n<p class=\"text-18 leading-17\">Vor &#8222;Caren Miosga&#8220; moderierte Miosga gemeinsam mit <a class=\"transition-colors duration-200 cursor-pointer text-inherit no-underline text-salemsfur md:hover:text-magenta md:hover:border-magenta md:focus:text-magenta border-current border-b border-solid break-words\" href=\"https:\/\/www.t-online.de\/themen\/ingo-zamperoni\/\" data-sctrack=\"BodyAnchor\" target=\"_blank\" rel=\"noopener\">Ingo Zamperoni<\/a> die &#8222;Tagesthemen&#8220; in der ARD. In ihrer Karriere-Laufbahn erhielt sie bereits Preise, wie die Goldene Kamera in der Kategorie &#8222;Beste Information&#8220; oder den Grimme-Preis, der zu den angesehensten Medienpreisen z\u00e4hlt.<\/p>\n","protected":false},"excerpt":{"rendered":"Talkshow im Ersten &#8222;Caren Miosga&#8220; heute: Das sind die G\u00e4ste am Sonntag 25.05.2025 &#8211; 10:05 UhrLesedauer: 2 Min.&hellip;\n","protected":false},"author":2,"featured_media":83047,"comment_status":"","ping_status":"","sticky":false,"template":"","format":"standard","meta":{"footnotes":""},"categories":[1773],"tags":[9010,2971,223,7534,31,1212,29,214,30,18048,744,745,471,1780,34862,3638,215],"class_list":{"0":"post-138132","1":"post","2":"type-post","3":"status-publish","4":"format-standard","5":"has-post-thumbnail","7":"category-serien","8":"tag-caren-miosga","9":"tag-2971","10":"tag-ard","11":"tag-carsten-linnemann","12":"tag-cdu","13":"tag-cdu-csu","14":"tag-deutschland","15":"tag-entertainment","16":"tag-germany","17":"tag-ifw","18":"tag-ig-metall","19":"tag-metall","20":"tag-serien","21":"tag-series","22":"tag-tagesthemen","23":"tag-talkshow","24":"tag-unterhaltung"},"share_on_mastodon":{"url":"https:\/\/pubeurope.com\/@de\/114567669851797976","error":""},"_links":{"self":[{"href":"https:\/\/www.europesays.com\/de\/wp-json\/wp\/v2\/posts\/138132","targetHints":{"allow":["GET"]}}],"collection":[{"href":"https:\/\/www.europesays.com\/de\/wp-json\/wp\/v2\/posts"}],"about":[{"href":"https:\/\/www.europesays.com\/de\/wp-json\/wp\/v2\/types\/post"}],"author":[{"embeddable":true,"href":"https:\/\/www.europesays.com\/de\/wp-json\/wp\/v2\/users\/2"}],"replies":[{"embeddable":true,"href":"https:\/\/www.europesays.com\/de\/wp-json\/wp\/v2\/comments?post=138132"}],"version-history":[{"count":0,"href":"https:\/\/www.europesays.com\/de\/wp-json\/wp\/v2\/posts\/138132\/revisions"}],"wp:featuredmedia":[{"embeddable":true,"href":"https:\/\/www.europesays.com\/de\/wp-json\/wp\/v2\/media\/83047"}],"wp:attachment":[{"href":"https:\/\/www.europesays.com\/de\/wp-json\/wp\/v2\/media?parent=138132"}],"wp:term":[{"taxonomy":"category","embeddable":true,"href":"https:\/\/www.europesays.com\/de\/wp-json\/wp\/v2\/categories?post=138132"},{"taxonomy":"post_tag","embeddable":true,"href":"https:\/\/www.europesays.com\/de\/wp-json\/wp\/v2\/tags?post=138132"}],"curies":[{"name":"wp","href":"https:\/\/api.w.org\/{rel}","templated":true}]}}