{"id":138354,"date":"2025-05-25T11:03:08","date_gmt":"2025-05-25T11:03:08","guid":{"rendered":"https:\/\/www.europesays.com\/de\/138354\/"},"modified":"2025-05-25T11:03:08","modified_gmt":"2025-05-25T11:03:08","slug":"deutschland-gibt-blockade-gegen-atomkraft-auf-weg-frei-fuer-einigung-in-der-eu","status":"publish","type":"post","link":"https:\/\/www.europesays.com\/de\/138354\/","title":{"rendered":"Deutschland gibt Blockade gegen Atomkraft auf \u2013 Weg frei f\u00fcr Einigung in der EU"},"content":{"rendered":"<p>Frankreich und Deutschland n\u00e4hern sich energiepolitisch an. Zum ersten Mal zeigt sich Berlin offen f\u00fcr eine Gleichstellung von Atomkraft und erneuerbaren Energien in der EU-Gesetzgebung. Damit f\u00e4llt eine Blockade, die \u00fcber Jahre zentrale Entscheidungen im europ\u00e4ischen Energierecht gebremst hat. Die politische Neuorientierung erfolgt unter Kanzler Friedrich Merz, der im Februar die Regierung \u00fcbernahm. Jahrzehntelange Differenzen zwischen Paris und Berlin scheinen damit \u00fcberwunden (<a href=\"https:\/\/www.ft.com\/content\/e99efa2b-338a-4065-89c6-0683d5759ed7\" rel=\"nofollow noopener\" target=\"_blank\">ft: 19.05.25<\/a>).<\/p>\n<p><\/p>\n<p>Blockade zwischen Berlin und Paris endet<\/p>\n<p>Frankreich und Deutschland galten lange als Gegner in der Atomfrage. Nun signalisiert Berlin laut Regierungsvertretern beider L\u00e4nder, keine Einw\u00e4nde mehr gegen eine Anerkennung der Kernkraft als klimafreundlich zu erheben. \u201eDie Deutschen zeigen sich sehr pragmatisch\u201c, so ein ranghoher franz\u00f6sischer Diplomat. Alle noch vorhandenen Vorbehalte in der EU-Gesetzgebung sollen entfallen. Ein deutscher Regierungsvertreter sprach von einem \u201etiefgreifenden politischen Kurswechsel\u201c.<\/p>\n<p><img fetchpriority=\"high\" decoding=\"async\" width=\"1024\" height=\"682\" data-pagespeed-lazy-src=\"https:\/\/blackout-news.de\/wp-content\/uploads\/2024\/11\/xKernkraftwerk-Pixabay-4021418_1280-1024x682.jpg.pagespeed.ic.7xuQF_JZiB.jpg\" alt=\"Deutschland beendet seine Blockade gegen Atomkraft und ebnet den Weg f\u00fcr eine gemeinsame EU-Energiepolitik mit Frankreich\" class=\"wp-image-36781\" data-pagespeed-lazy-  src=\"\/pagespeed_static\/1.JiBnMqyl6S.gif\" onload=\"pagespeed.lazyLoadImages.loadIfVisibleAndMaybeBeacon(this);\" onerror=\"this.onerror=null;pagespeed.lazyLoadImages.loadIfVisibleAndMaybeBeacon(this);\"\/>Deutschland beendet seine Blockade gegen Atomkraft und ebnet den Weg f\u00fcr eine gemeinsame EU-Energiepolitik mit Frankreich<\/p>\n<p>Gleichzeitig m\u00f6chte Merz mit Paris auch \u00fcber eine nukleare Abschreckung gegen\u00fcber Russland sprechen. In Berlin wachse die Bereitschaft, \u00fcber eine gemeinsame Verteidigungslinie nachzudenken. \u201eBesser sp\u00e4t als nie\u201c, hie\u00df es dazu aus deutschen Regierungskreisen.<\/p>\n<p>Europa braucht neue Energie-Allianzen<\/p>\n<p>Der energiepolitische Schulterschluss hat strategische Bedeutung. \u201eDas ist eine willkommene Ann\u00e4herung, die Energiefragen in der EU erleichtert\u201c, urteilte Guntram Wolff vom Thinktank Bruegel. Auch wirtschaftliche Experten wie Lars-Hendrik R\u00f6ller sehen neue Chancen f\u00fcr europ\u00e4ische Entscheidungen. \u201eWenn Deutschland und Frankreich sich einig sind, kommt Europa voran\u201c, so R\u00f6ller, einst Wirtschaftsberater von Angela Merkel.<\/p>\n<p>Kanzler Merz will verlorenes Vertrauen wiederherstellen. Unter Olaf Scholz gerieten viele bilaterale Projekte ins Stocken. Besonders die Atompolitik hatte Berlin isoliert. Merz kritisiert den deutschen Atomausstieg von 2011, den er als \u201eVers\u00e4umnis bei bezahlbarem Strom\u201c einstuft. Auch das Abschalten der letzten drei Reaktoren unter Scholz habe dem Industriestandort geschadet.<\/p>\n<p>Zukunftstechnologien statt R\u00fcckkehr zur Vergangenheit<\/p>\n<p>Trotz des Kurswechsels plant Merz keine R\u00fcckkehr zu klassischen Kernkraftwerken. Stattdessen f\u00f6rdert seine Regierung Zukunftstechnologien wie modulare Reaktoren und Kernfusion. Letztere erzeugt keinen langlebigen Atomm\u00fcll und k\u00f6nnte k\u00fcnftig eine Schl\u00fcsselrolle spielen. Das neue energiepolitische B\u00fcndnis mit Paris unterst\u00fctzt diese Vision.<\/p>\n<p>Seit dem Anstieg der Gaspreise infolge des russischen Angriffskriegs w\u00e4chst die Zustimmung zur Kernenergie in Europa deutlich. Die Niederlande und Belgien kehren zur\u00fcck zur Atomkraft, w\u00e4hrend \u00d6sterreich als letzter verbliebener Gegner auf Konfrontationskurs bleibt. Zw\u00f6lf EU-Staaten fordern in einem Brief an die EU-Kommission eine Gleichbehandlung von Atom- und \u00d6kostrom. Die Botschaft an Investoren: Atomkraft bleibt unverzichtbar.<\/p>\n<p><\/p>\n<p>Deutschland beendet seine energiepolitische Blockadehaltung<\/p>\n<p>Ein zentrales Ergebnis betrifft die Wasserstoffstrategie. Berlin akzeptiert nun, dass Wasserstoff aus Atomstrom gleichwertig mit gr\u00fcnem Wasserstoff aus Wind- oder Solaranlagen behandelt wird. Pr\u00e4sident Macron betonte bei Merz\u2019 Besuch am 7. Mai in Paris: \u201eZur Wahrung unserer Energiesouver\u00e4nit\u00e4t fordern wir ein Ende der Diskriminierung CO\u2082-armer Energieformen \u2013 ob nuklear oder erneuerbar.\u201c<\/p>\n<p>Deutschland deckte zuletzt mehr als 60 Prozent seines Stromverbrauchs mit erneuerbarer Energie. Frankreich hingegen erzeugt rund 70 Prozent seines Stroms mit Kernkraft. Die fr\u00fchere deutsche Blockade beruhte auch auf der Sorge, dass Frankreichs Industrie durch niedrige Strompreise im Vorteil sei. Ideologische Motive \u2013 etwa durch den Einfluss der Gr\u00fcnen in der Ampel-Koalition \u2013 verst\u00e4rkten die Ablehnung zus\u00e4tzlich.<\/p>\n<p>Mit der neuen Linie endet ein energiepolitischer Dauerkonflikt, der Europa lange ausgebremst hat. Merz setzt auf Kooperation und Innovation statt auf ideologische Blockade.<\/p>\n<p>Lesen Sie auch:<\/p>\n","protected":false},"excerpt":{"rendered":"Frankreich und Deutschland n\u00e4hern sich energiepolitisch an. Zum ersten Mal zeigt sich Berlin offen f\u00fcr eine Gleichstellung von&hellip;\n","protected":false},"author":2,"featured_media":138355,"comment_status":"","ping_status":"","sticky":false,"template":"","format":"standard","meta":{"footnotes":""},"categories":[2],"tags":[331,3924,332,3922,25908,3364,29,30,13,14,3923,15,3921,12],"class_list":{"0":"post-138354","1":"post","2":"type-post","3":"status-publish","4":"format-standard","5":"has-post-thumbnail","7":"category-deutschland","8":"tag-aktuelle-nachrichten","9":"tag-aktuelle-nachrichten-aus-deutschland","10":"tag-aktuelle-news","11":"tag-aktuelle-news-aus-deutschland","12":"tag-blockade","13":"tag-de","14":"tag-deutschland","15":"tag-germany","16":"tag-headlines","17":"tag-nachrichten","18":"tag-nachrichten-aus-deutschland","19":"tag-news","20":"tag-news-aus-deutschland","21":"tag-schlagzeilen"},"share_on_mastodon":{"url":"https:\/\/pubeurope.com\/@de\/114568141454581600","error":""},"_links":{"self":[{"href":"https:\/\/www.europesays.com\/de\/wp-json\/wp\/v2\/posts\/138354","targetHints":{"allow":["GET"]}}],"collection":[{"href":"https:\/\/www.europesays.com\/de\/wp-json\/wp\/v2\/posts"}],"about":[{"href":"https:\/\/www.europesays.com\/de\/wp-json\/wp\/v2\/types\/post"}],"author":[{"embeddable":true,"href":"https:\/\/www.europesays.com\/de\/wp-json\/wp\/v2\/users\/2"}],"replies":[{"embeddable":true,"href":"https:\/\/www.europesays.com\/de\/wp-json\/wp\/v2\/comments?post=138354"}],"version-history":[{"count":0,"href":"https:\/\/www.europesays.com\/de\/wp-json\/wp\/v2\/posts\/138354\/revisions"}],"wp:featuredmedia":[{"embeddable":true,"href":"https:\/\/www.europesays.com\/de\/wp-json\/wp\/v2\/media\/138355"}],"wp:attachment":[{"href":"https:\/\/www.europesays.com\/de\/wp-json\/wp\/v2\/media?parent=138354"}],"wp:term":[{"taxonomy":"category","embeddable":true,"href":"https:\/\/www.europesays.com\/de\/wp-json\/wp\/v2\/categories?post=138354"},{"taxonomy":"post_tag","embeddable":true,"href":"https:\/\/www.europesays.com\/de\/wp-json\/wp\/v2\/tags?post=138354"}],"curies":[{"name":"wp","href":"https:\/\/api.w.org\/{rel}","templated":true}]}}