{"id":138838,"date":"2025-05-25T15:27:17","date_gmt":"2025-05-25T15:27:17","guid":{"rendered":"https:\/\/www.europesays.com\/de\/138838\/"},"modified":"2025-05-25T15:27:17","modified_gmt":"2025-05-25T15:27:17","slug":"kinder-entdecken-die-weite-welt-des-sports","status":"publish","type":"post","link":"https:\/\/www.europesays.com\/de\/138838\/","title":{"rendered":"Kinder entdecken die weite Welt des Sports"},"content":{"rendered":"<p class=\"text_ohne_einzug richtext text-em-55 !leading-serif mx-6 desktop:mx-0\">Auf den Wiesen des Arena-Sportparks stemmten sich die Zelte der verschiedenen Sportanbieter gegen den Wind. Den Kindern machte jedoch weder das noch der Regen etwas aus. Sie rannten von einem Sportangebot zum n\u00e4chsten. \u201eBei gutem Wetter kommen circa 10.000 Menschen, die Eltern der Kinder miteingerechnet. Heute sind es aufgrund des schlechten Wetters etwas weniger\u201c, erz\u00e4hlt Dennis Pelster, Sportamt D\u00fcsseldorf. Auch ein paar Veranstalter h\u00e4tten mit Blick auf die Wetterlage noch abgesagt, dennoch g\u00e4be es noch \u00fcber vierzig verschiedene St\u00e4nde an diesem Tag.<\/p>\n","protected":false},"excerpt":{"rendered":"Auf den Wiesen des Arena-Sportparks stemmten sich die Zelte der verschiedenen Sportanbieter gegen den Wind. Den Kindern machte&hellip;\n","protected":false},"author":2,"featured_media":138839,"comment_status":"","ping_status":"","sticky":false,"template":"","format":"standard","meta":{"footnotes":""},"categories":[1831],"tags":[6567,36062,50544,6232,33514,2493,50536,3364,50537,29,3405,347,30,4062,50542,50540,50538,1209,50534,50545,265,50541,50539,50533,50535,19651,32086,9589,50546,50543],"class_list":{"0":"post-138838","1":"post","2":"type-post","3":"status-publish","4":"format-standard","5":"has-post-thumbnail","7":"category-duesseldorf","8":"tag-anbieter","9":"tag-arena","10":"tag-aufstaenden","11":"tag-ball","12":"tag-baseball","13":"tag-basketball","14":"tag-capoeira","15":"tag-de","16":"tag-dennis","17":"tag-deutschland","18":"tag-duesseldorf","19":"tag-fussball","20":"tag-germany","21":"tag-halle","22":"tag-kampftanz","23":"tag-kampftanzsport","24":"tag-leichtathletikhalle","25":"tag-nordrhein-westfalen","26":"tag-pelster","27":"tag-radball","28":"tag-sport","29":"tag-sportaktion","30":"tag-sportanbieter","31":"tag-sportart","32":"tag-sportparks","33":"tag-sportvereine","34":"tag-sportvereinen","35":"tag-staende","36":"tag-tanzsport","37":"tag-wassersportarten"},"share_on_mastodon":{"url":"https:\/\/pubeurope.com\/@de\/114569179621851770","error":""},"_links":{"self":[{"href":"https:\/\/www.europesays.com\/de\/wp-json\/wp\/v2\/posts\/138838","targetHints":{"allow":["GET"]}}],"collection":[{"href":"https:\/\/www.europesays.com\/de\/wp-json\/wp\/v2\/posts"}],"about":[{"href":"https:\/\/www.europesays.com\/de\/wp-json\/wp\/v2\/types\/post"}],"author":[{"embeddable":true,"href":"https:\/\/www.europesays.com\/de\/wp-json\/wp\/v2\/users\/2"}],"replies":[{"embeddable":true,"href":"https:\/\/www.europesays.com\/de\/wp-json\/wp\/v2\/comments?post=138838"}],"version-history":[{"count":0,"href":"https:\/\/www.europesays.com\/de\/wp-json\/wp\/v2\/posts\/138838\/revisions"}],"wp:featuredmedia":[{"embeddable":true,"href":"https:\/\/www.europesays.com\/de\/wp-json\/wp\/v2\/media\/138839"}],"wp:attachment":[{"href":"https:\/\/www.europesays.com\/de\/wp-json\/wp\/v2\/media?parent=138838"}],"wp:term":[{"taxonomy":"category","embeddable":true,"href":"https:\/\/www.europesays.com\/de\/wp-json\/wp\/v2\/categories?post=138838"},{"taxonomy":"post_tag","embeddable":true,"href":"https:\/\/www.europesays.com\/de\/wp-json\/wp\/v2\/tags?post=138838"}],"curies":[{"name":"wp","href":"https:\/\/api.w.org\/{rel}","templated":true}]}}