{"id":138856,"date":"2025-05-25T15:37:09","date_gmt":"2025-05-25T15:37:09","guid":{"rendered":"https:\/\/www.europesays.com\/de\/138856\/"},"modified":"2025-05-25T15:37:09","modified_gmt":"2025-05-25T15:37:09","slug":"messerangriff-in-hamburg-messerangriff-in-hamburg-mutmassliche-taeterin-in-psychiatrie","status":"publish","type":"post","link":"https:\/\/www.europesays.com\/de\/138856\/","title":{"rendered":"Messerangriff in Hamburg \u2013 Messerangriff in Hamburg: Mutma\u00dfliche T\u00e4terin in Psychiatrie"},"content":{"rendered":"<p>\t\t\t\t\t\t<img decoding=\"async\" id=\"img306242\" src=\"https:\/\/www.europesays.com\/de\/wp-content\/uploads\/2025\/05\/306242.jpeg\" alt=\"Die Polizei ist im Einsatz am Tatort.\"\/><\/p>\n<p>Die Polizei ist im Einsatz am Tatort.<\/p>\n<p>Foto: News5 \/ Ren\u00e9 Schr\u00f6der\/NEWS5\/dpa<\/p>\n<p>Nach dem Messerangriff am Hamburger Hauptbahnhof mit 18 Verletzten hat ein Haftrichter die Unterbringung der Verd\u00e4chtigen in einer psychiatrischen Klinik angeordnet. Die 39-J\u00e4hrige war am Freitagabend festgenommen worden, nachdem sie am Bahnsteig wahllos um sich gestochen haben soll. Der Unterbringungsbefehl laute auf versuchten Totschlag in Tateinheit mit gef\u00e4hrlicher K\u00f6rperverletzung in 15 F\u00e4llen, teilte die Polizei mit.<\/p>\n<p>\u00bbDer Unterbringungsbefehl bezieht sich auf die Personen, die unmittelbar mit dem Messer verletzt wurden und dadurch Schnitt- oder Stichverletzungen unterschiedlicher Schwere erlitten haben\u00ab, erkl\u00e4rte die Polizei in ihrer Mitteilung. Insgesamt seien 18 Menschen in Krankenh\u00e4user gebracht worden. Die \u00fcbrigen erlitten demnach Verletzungen, \u00bbbeispielsweise durch einen Sturz oder Schock\u00ab.<\/p>\n<p>nd.Kompakt \u2013 unser t\u00e4glicher Newsletter<\/p>\n<p><img decoding=\"async\" src=\"https:\/\/www.europesays.com\/de\/wp-content\/uploads\/2025\/05\/306243.jpeg\" alt=\"\" title=\"\" width=\"170\"\/><\/p>\n<p>Unser t\u00e4glicher Newsletter <strong>nd.Kompakt<\/strong> bringt Ordnung in den Nachrichtenwahnsinn. Sie erhalten jeden Tag einen \u00dcberblick zu den spannendsten Geschichten aus der <strong>Redaktion<\/strong>. <a href=\"https:\/\/newsletter.nd-aktuell.de\/\" rel=\"nofollow noopener\" target=\"_blank\">Hier das kostenlose Abo holen<\/a>.<\/p>\n<p>Drei Frauen im Alter von 24, 52 und 85 Jahren und ein 24 Jahre alter Mann waren lebensgef\u00e4hrlich verletzt worden. Sie befinden sich inzwischen alle in einem stabilisierten Zustand, wie die Polizei bereits am Mittag mitteilte. Zudem wurden sieben Menschen schwer und weitere sieben leicht verletzt. Hamburgs B\u00fcrgermeister Peter Tschentscher sprach davon, dass einige die Krankenh\u00e4user wieder verlassen konnten.<\/p>\n<p>Die Tatverd\u00e4chtige soll fr\u00fcheren Angaben der Polizei zufolge nicht politisch motiviert gewesen sein. \u00bbVielmehr bestehen inzwischen sehr konkrete Hinweise auf eine psychische Erkrankung der Tatverd\u00e4chtigen\u00ab, hatte die Polizei mitgeteilt. Die Staatsanwaltschaft hatte ihre Unterbringung beantragt. Die Verd\u00e4chtige hat laut Polizei \u00bbnach den bisherigen Erkenntnissen\u00ab keinen festen Wohnsitz. Wie ein Sprecher des nieders\u00e4chsischen Innenministeriums auf Anfrage mitteilte, stammt sie geb\u00fcrtig aus Niedersachsen.<\/p>\n<p>Mutige Helfer greifen ein<\/p>\n<p>Zum Zeitpunkt der Tat gegen 18 Uhr war der betreffende Bahnsteig voller Menschen. Dass die Attacke nicht noch mehr Menschen traf, ist dem mutigen Eingreifen von zwei Passanten zu verdanken. \u00bbDurch das sehr schnelle Eingreifen zweier Passanten, die sich auf dem Bahnsteig befanden, (&#8230;) konnte der Angriff unterbrochen werden\u00ab, teilte die Polizei mit.<\/p>\n<p>Die 39-J\u00e4hrige lie\u00df sich im Anschluss widerstandslos festnehmen. Nach derzeitigen Erkenntnissen soll sie allein gehandelt haben. Das Tatmesser sei sichergestellt worden.<\/p>\n<p>Seit dem 1. Oktober 2023 sind Messer im Bereich des Hauptbahnhofs verboten. Laut Bundespolizei z\u00e4hlte der Verkehrsknotenpunkt im Jahr 2022 zu den gef\u00e4hrlichsten Bahnh\u00f6fen in Deutschland. Inzwischen hat sich die Lage nach offiziellen Angaben verbessert. Die Zahl der Gewalttaten sank im vergangenen Jahr um knapp ein Viertel auf 546, wie die Bundesregierung im Februar auf eine Anfrage der AfD-Bundestagsfraktion mitteilte. Allerdings verdoppelte sich die Zahl der Gewalttaten, bei denen ein Messer eingesetzt wurde, fast von zw\u00f6lf auf 23.\u2003dpa\/nd<\/p>\n","protected":false},"excerpt":{"rendered":"Die Polizei ist im Einsatz am Tatort. Foto: News5 \/ Ren\u00e9 Schr\u00f6der\/NEWS5\/dpa Nach dem Messerangriff am Hamburger Hauptbahnhof&hellip;\n","protected":false},"author":2,"featured_media":138857,"comment_status":"","ping_status":"","sticky":false,"template":"","format":"standard","meta":{"footnotes":""},"categories":[1826],"tags":[2227,29,30,692,3263],"class_list":{"0":"post-138856","1":"post","2":"type-post","3":"status-publish","4":"format-standard","5":"has-post-thumbnail","7":"category-hamburg","8":"tag-bahnverkehr","9":"tag-deutschland","10":"tag-germany","11":"tag-hamburg","12":"tag-krankenhaus"},"share_on_mastodon":{"url":"https:\/\/pubeurope.com\/@de\/114569219127303367","error":""},"_links":{"self":[{"href":"https:\/\/www.europesays.com\/de\/wp-json\/wp\/v2\/posts\/138856","targetHints":{"allow":["GET"]}}],"collection":[{"href":"https:\/\/www.europesays.com\/de\/wp-json\/wp\/v2\/posts"}],"about":[{"href":"https:\/\/www.europesays.com\/de\/wp-json\/wp\/v2\/types\/post"}],"author":[{"embeddable":true,"href":"https:\/\/www.europesays.com\/de\/wp-json\/wp\/v2\/users\/2"}],"replies":[{"embeddable":true,"href":"https:\/\/www.europesays.com\/de\/wp-json\/wp\/v2\/comments?post=138856"}],"version-history":[{"count":0,"href":"https:\/\/www.europesays.com\/de\/wp-json\/wp\/v2\/posts\/138856\/revisions"}],"wp:featuredmedia":[{"embeddable":true,"href":"https:\/\/www.europesays.com\/de\/wp-json\/wp\/v2\/media\/138857"}],"wp:attachment":[{"href":"https:\/\/www.europesays.com\/de\/wp-json\/wp\/v2\/media?parent=138856"}],"wp:term":[{"taxonomy":"category","embeddable":true,"href":"https:\/\/www.europesays.com\/de\/wp-json\/wp\/v2\/categories?post=138856"},{"taxonomy":"post_tag","embeddable":true,"href":"https:\/\/www.europesays.com\/de\/wp-json\/wp\/v2\/tags?post=138856"}],"curies":[{"name":"wp","href":"https:\/\/api.w.org\/{rel}","templated":true}]}}