{"id":138999,"date":"2025-05-25T16:53:11","date_gmt":"2025-05-25T16:53:11","guid":{"rendered":"https:\/\/www.europesays.com\/de\/138999\/"},"modified":"2025-05-25T16:53:11","modified_gmt":"2025-05-25T16:53:11","slug":"hund-startet-nach-illegalem-welpentransport-neu","status":"publish","type":"post","link":"https:\/\/www.europesays.com\/de\/138999\/","title":{"rendered":"Hund startet nach illegalem Welpentransport neu"},"content":{"rendered":"<p>Tierheim K\u00f6ln-Dellbr\u00fcck <\/p>\n<p>&#8222;Liebenswerter Angsthase&#8220; Toby startet in neues Leben<\/p>\n<p>25.05.2025 &#8211; 18:33 UhrLesedauer: 1 Min.<\/p>\n<p><a href=\"#focus-0\" class=\"transition-colors duration-200 focus-within:text-magenta block text-current relative\" data-sctrack=\"FocusGalleryImage.Reference\"><img fetchpriority=\"high\" data-testid=\"Opener.Image\" style=\"--lqipURL:url('https:\/\/images.t-online.de\/2025\/05\/e7TaysUlZv4T\/0x204:4000x2250\/fit-in\/150x0\/filters:blur(25)\/golden-retriever-golden-retriever-mit-halskrause-im-tierheim-der-erloes-dieses-bildes-geht-zu-100-als-spende-an-das-tierheim-suederstrasse-in-hamburg-copyright-xzoonar-com-christopherxkochx-10631385.jpg')\"   loading=\"eager\" src=\"https:\/\/www.europesays.com\/de\/wp-content\/uploads\/2025\/05\/golden-retriever-golden-retriever-mit-halskrause-im-tierheim-der-erloes-dieses-bildes-geht-zu-100-al.jpeg\" alt=\"imago images 0301757643\" title=\"imago images 0301757643\" width=\"4000\" height=\"2250\" class=\"bg-[url:var(--lqipURL)] bg-cover bg-center flex w-full max-w-full h-full\" decoding=\"async\"\/><img style=\"--width:32;--height:32\" loading=\"lazy\" src=\"https:\/\/www.europesays.com\/de\/wp-content\/uploads\/2025\/05\/zoom-in.f7dae02f.svg.svg+xml\" alt=\"Vergr\u00f6\u00dfern des Bildes\" title=\"Vergr\u00f6\u00dfern des Bildes\" class=\"&#10;        block&#10;        h-[calc(var(--height)_\/_16_*_1rem)]&#10;        w-[calc(var(--width)_\/_16_*_1rem)]&#10;        max-w-none&#10;        absolute bottom-8 right-8 rounded-4 bg-snow p-8\" decoding=\"async\"\/><\/a><\/p>\n<p>Ein Hund im Tierheim (Symbolbild): Das Tierheim K\u00f6ln-Dellbr\u00fcck hat ein neues Zuhause f\u00fcr seinen &#8222;Herzenshund&#8220; gefunden. (Quelle: IMAGO\/Zoonar.com\/christopher koch\/imago)<\/p>\n<p class=\"font-bold text-18 leading-17\">Toby ist nach einem illegalen Welpentransport im Tierheim gelandet. Lange hat sich niemand f\u00fcr den &#8222;Herzenshund&#8220; der Einrichtung interessiert \u2013 bis jetzt.<\/p>\n<p class=\"text-18 leading-17\">Das Schicksal von Hund Toby hat sich gewendet. Vergangenes Jahr ist Toby nach einem illegalen Welpentransport im Tierheim K\u00f6ln-Dellbr\u00fcck gelandet. Lange hat sich \u00fcberhaupt niemand f\u00fcr ihn interessiert. Doch jetzt startet der &#8222;liebenswerte Angsthase&#8220;, wie Toby in der Einrichtung genannt wird, in ein neues Leben.<\/p>\n<p class=\"text-18 leading-17\">Als Toby nach dem illegalen Transport aus <a class=\"transition-colors duration-200 cursor-pointer text-inherit no-underline text-salemsfur md:hover:text-magenta md:hover:border-magenta md:focus:text-magenta border-current border-b border-solid break-words\" href=\"https:\/\/www.t-online.de\/themen\/bulgarien\/\" data-sctrack=\"BodyAnchor\" rel=\"nofollow noopener\" target=\"_blank\">Bulgarien<\/a> in <a class=\"transition-colors duration-200 cursor-pointer text-inherit no-underline text-salemsfur md:hover:text-magenta md:hover:border-magenta md:focus:text-magenta border-current border-b border-solid break-words\" href=\"https:\/\/www.t-online.de\/region\/koeln\/\" data-sctrack=\"BodyAnchor\" rel=\"nofollow noopener\" target=\"_blank\">K\u00f6ln<\/a> angekommen war, habe er nichts gekannt, nichts gewusst und &#8222;f\u00fchlte sich nur sicher, wenn ein Artgenosse an seiner Seite war&#8220;, schreibt das Tierheim auf Instagram. Ausfl\u00fcge seien f\u00fcr ihn damals der &#8222;blanke Horror&#8220; gewesen. Interessenten gab es f\u00fcr ihn \u2013 vermutlich auch deshalb \u2013 so gut wie nie.<\/p>\n<p class=\"text-18 leading-17\">Doch inzwischen habe Toby &#8222;ganz leise seine Koffer gepackt&#8220; und sei aus dem Tierheim K\u00f6ln-Dellbr\u00fcck ausgezogen. Vor ein paar Wochen seien n\u00e4mlich &#8222;ganz nette Leute&#8220; in der Einrichtung aufgeschlagen, die es ernst mit dem R\u00fcden meinten.<\/p>\n<p class=\"text-18 leading-17\">\u00dcber Wochen seien seine neuen Herrchen gekommen, um mit Toby eine Runde spazieren zu gehen. Damit habe Toby auch seinen angehenden Hundekumpel kennenlernen k\u00f6nnen, der jetzt mit ihm zusammenlebt.<\/p>\n<p class=\"text-18 leading-17\">Toby habe so zu seinen neuen Haltern langsam Vertrauen gefasst, schreibt die Einrichtung auf Instagram weiter und teilte dazu ein Foto von Toby bei seinen jetzigen Herrchen. Er sei dort gut angekommen und habe auch einen Garten. &#8222;Wir freuen uns sehr, dass unser Herzenshund jetzt endlich die Welt entdecken darf&#8220;, schreibt das Tierheim K\u00f6ln-Dellbr\u00fcck.<\/p>\n","protected":false},"excerpt":{"rendered":"Tierheim K\u00f6ln-Dellbr\u00fcck &#8222;Liebenswerter Angsthase&#8220; Toby startet in neues Leben 25.05.2025 &#8211; 18:33 UhrLesedauer: 1 Min. Ein Hund im&hellip;\n","protected":false},"author":2,"featured_media":139000,"comment_status":"","ping_status":"","sticky":false,"template":"","format":"standard","meta":{"footnotes":""},"categories":[1828],"tags":[28206,29,30,604,1420,1209,50600],"class_list":{"0":"post-138999","1":"post","2":"type-post","3":"status-publish","4":"format-standard","5":"has-post-thumbnail","7":"category-koeln","8":"tag-bulgarien","9":"tag-deutschland","10":"tag-germany","11":"tag-hund","12":"tag-koeln","13":"tag-nordrhein-westfalen","14":"tag-welpentransport"},"share_on_mastodon":{"url":"https:\/\/pubeurope.com\/@de\/114569517751987277","error":""},"_links":{"self":[{"href":"https:\/\/www.europesays.com\/de\/wp-json\/wp\/v2\/posts\/138999","targetHints":{"allow":["GET"]}}],"collection":[{"href":"https:\/\/www.europesays.com\/de\/wp-json\/wp\/v2\/posts"}],"about":[{"href":"https:\/\/www.europesays.com\/de\/wp-json\/wp\/v2\/types\/post"}],"author":[{"embeddable":true,"href":"https:\/\/www.europesays.com\/de\/wp-json\/wp\/v2\/users\/2"}],"replies":[{"embeddable":true,"href":"https:\/\/www.europesays.com\/de\/wp-json\/wp\/v2\/comments?post=138999"}],"version-history":[{"count":0,"href":"https:\/\/www.europesays.com\/de\/wp-json\/wp\/v2\/posts\/138999\/revisions"}],"wp:featuredmedia":[{"embeddable":true,"href":"https:\/\/www.europesays.com\/de\/wp-json\/wp\/v2\/media\/139000"}],"wp:attachment":[{"href":"https:\/\/www.europesays.com\/de\/wp-json\/wp\/v2\/media?parent=138999"}],"wp:term":[{"taxonomy":"category","embeddable":true,"href":"https:\/\/www.europesays.com\/de\/wp-json\/wp\/v2\/categories?post=138999"},{"taxonomy":"post_tag","embeddable":true,"href":"https:\/\/www.europesays.com\/de\/wp-json\/wp\/v2\/tags?post=138999"}],"curies":[{"name":"wp","href":"https:\/\/api.w.org\/{rel}","templated":true}]}}