{"id":139011,"date":"2025-05-25T17:00:11","date_gmt":"2025-05-25T17:00:11","guid":{"rendered":"https:\/\/www.europesays.com\/de\/139011\/"},"modified":"2025-05-25T17:00:11","modified_gmt":"2025-05-25T17:00:11","slug":"autofahrer-faehrt-ueber-rote-ampel-und-verletzt-radfahrerin","status":"publish","type":"post","link":"https:\/\/www.europesays.com\/de\/139011\/","title":{"rendered":"Autofahrer f\u00e4hrt \u00fcber rote Ampel und verletzt Radfahrerin"},"content":{"rendered":"<p class=\"tspB0lt tspB0lu\">In Berlin-Friedrichshain hat am Samstagabend <a href=\"https:\/\/www.tagesspiegel.de\/berlin\/unfall-in-berlin-neukolln-21-jahriger-fahrt-radfahrerin-beim-abbiegen-mit-auto-an-13539724.html?icid=in-text-link_13753867\" class=\"link link--internal\" data-gtm-class=\"article-text-link\" data-gtm-val=\"internal\" rel=\"nofollow noopener\" target=\"_blank\">ein Autofahrer eine Radfahrerin angefahren<\/a> und verletzt. <\/p>\n<p><a href=\"https:\/\/abo.tagesspiegel.de\/tagesspiegel-app?icid=single-topic_13753867___\" data-gtm-class=\"article-mzt-link\" class=\"tspB7mh\" rel=\"nofollow noopener\" target=\"_blank\">Die Tagesspiegel-App Aktuelle Nachrichten, Hintergr\u00fcnde und Analysen direkt auf Ihr Smartphone. Dazu die digitale Zeitung. Hier gratis herunterladen.  <\/a><\/p>\n<p class=\"tspB0lt\">Laut Polizei soll der 35-J\u00e4hrige gegen 18.30 Uhr den Strausberger Platz befahren haben. An der Ausfahrt zur Karl-Marx-Allee soll er bei roter Ampel nach rechts abgebogen sein. Dabei fuhr er die 25-j\u00e4hrige Radfahrerin, die zeitgleich bei f\u00fcr sie gr\u00fcner Ampel auf dem Radweg des Strausberger Platzes gefahren war, an. Die Frau st\u00fcrzte und wurde mit einer Sch\u00e4delbasisfraktur in ein Krankenhaus zur station\u00e4ren Behandlung gebracht. (Tsp)<\/p>\n","protected":false},"excerpt":{"rendered":"In Berlin-Friedrichshain hat am Samstagabend ein Autofahrer eine Radfahrerin angefahren und verletzt. Die Tagesspiegel-App Aktuelle Nachrichten, Hintergr\u00fcnde und&hellip;\n","protected":false},"author":2,"featured_media":139012,"comment_status":"","ping_status":"","sticky":false,"template":"","format":"standard","meta":{"footnotes":""},"categories":[1825],"tags":[296,29,527,30],"class_list":{"0":"post-139011","1":"post","2":"type-post","3":"status-publish","4":"format-standard","5":"has-post-thumbnail","7":"category-berlin","8":"tag-berlin","9":"tag-deutschland","10":"tag-friedrichshain-kreuzberg","11":"tag-germany"},"share_on_mastodon":{"url":"https:\/\/pubeurope.com\/@de\/114569545322442565","error":""},"_links":{"self":[{"href":"https:\/\/www.europesays.com\/de\/wp-json\/wp\/v2\/posts\/139011","targetHints":{"allow":["GET"]}}],"collection":[{"href":"https:\/\/www.europesays.com\/de\/wp-json\/wp\/v2\/posts"}],"about":[{"href":"https:\/\/www.europesays.com\/de\/wp-json\/wp\/v2\/types\/post"}],"author":[{"embeddable":true,"href":"https:\/\/www.europesays.com\/de\/wp-json\/wp\/v2\/users\/2"}],"replies":[{"embeddable":true,"href":"https:\/\/www.europesays.com\/de\/wp-json\/wp\/v2\/comments?post=139011"}],"version-history":[{"count":0,"href":"https:\/\/www.europesays.com\/de\/wp-json\/wp\/v2\/posts\/139011\/revisions"}],"wp:featuredmedia":[{"embeddable":true,"href":"https:\/\/www.europesays.com\/de\/wp-json\/wp\/v2\/media\/139012"}],"wp:attachment":[{"href":"https:\/\/www.europesays.com\/de\/wp-json\/wp\/v2\/media?parent=139011"}],"wp:term":[{"taxonomy":"category","embeddable":true,"href":"https:\/\/www.europesays.com\/de\/wp-json\/wp\/v2\/categories?post=139011"},{"taxonomy":"post_tag","embeddable":true,"href":"https:\/\/www.europesays.com\/de\/wp-json\/wp\/v2\/tags?post=139011"}],"curies":[{"name":"wp","href":"https:\/\/api.w.org\/{rel}","templated":true}]}}