{"id":139051,"date":"2025-05-25T17:23:08","date_gmt":"2025-05-25T17:23:08","guid":{"rendered":"https:\/\/www.europesays.com\/de\/139051\/"},"modified":"2025-05-25T17:23:08","modified_gmt":"2025-05-25T17:23:08","slug":"schuetzen-sagen-grosse-parade-im-westend-ab-der-regen","status":"publish","type":"post","link":"https:\/\/www.europesays.com\/de\/139051\/","title":{"rendered":"Sch\u00fctzen sagen gro\u00dfe Parade im Westend ab \u2013 der Regen!"},"content":{"rendered":"<p class=\"text_ohne_einzug richtext text-em-55 !leading-serif mx-6 desktop:mx-0\">Ein trockener Freitag bescherte den Westendern zum Auftakt ihres Sch\u00fctzenfestes zwar einen gelungenen Abend mit dem Gro\u00dfen Zapfenstreich auf dem Hommerspl\u00e4tzchen und dem Sch\u00fctzenball. Doch am Kirmessamstag kam der Regen \u2013 und das hat leider Tradition: Denn auch in den vergangenen Jahren war den Sch\u00fctzen im Westend an ihrem Festsamstag kein Sonnenschein geg\u00f6nnt.<\/p>\n","protected":false},"excerpt":{"rendered":"Ein trockener Freitag bescherte den Westendern zum Auftakt ihres Sch\u00fctzenfestes zwar einen gelungenen Abend mit dem Gro\u00dfen Zapfenstreich&hellip;\n","protected":false},"author":2,"featured_media":139052,"comment_status":"","ping_status":"","sticky":false,"template":"","format":"standard","meta":{"footnotes":""},"categories":[1849],"tags":[50613,3364,29,11045,548,663,3934,30,9339,13,21858,50615,50611,18127,35129,33670,1953,4455,50614,14,15,1209,30028,50612,12,9877,24747,30853,50610,20697],"class_list":{"0":"post-139051","1":"post","2":"type-post","3":"status-publish","4":"format-standard","5":"has-post-thumbnail","7":"category-moenchengladbach","8":"tag-bezirkskoenigshaus","9":"tag-de","10":"tag-deutschland","11":"tag-ehrung","12":"tag-eu","13":"tag-europa","14":"tag-europe","15":"tag-germany","16":"tag-hans","17":"tag-headlines","18":"tag-josef","19":"tag-jungkoenig","20":"tag-keimer","21":"tag-koenig","22":"tag-koenigin","23":"tag-koenigshaus","24":"tag-minister","25":"tag-moenchengladbach","26":"tag-musikparade","27":"tag-nachrichten","28":"tag-news","29":"tag-nordrhein-westfalen","30":"tag-parade","31":"tag-pauls","32":"tag-schlagzeilen","33":"tag-schuetzen","34":"tag-schuetzenbruderschaften","35":"tag-schuetzenkoenig","36":"tag-thoenes","37":"tag-westend"},"share_on_mastodon":{"url":"https:\/\/pubeurope.com\/@de\/114569635766722809","error":""},"_links":{"self":[{"href":"https:\/\/www.europesays.com\/de\/wp-json\/wp\/v2\/posts\/139051","targetHints":{"allow":["GET"]}}],"collection":[{"href":"https:\/\/www.europesays.com\/de\/wp-json\/wp\/v2\/posts"}],"about":[{"href":"https:\/\/www.europesays.com\/de\/wp-json\/wp\/v2\/types\/post"}],"author":[{"embeddable":true,"href":"https:\/\/www.europesays.com\/de\/wp-json\/wp\/v2\/users\/2"}],"replies":[{"embeddable":true,"href":"https:\/\/www.europesays.com\/de\/wp-json\/wp\/v2\/comments?post=139051"}],"version-history":[{"count":0,"href":"https:\/\/www.europesays.com\/de\/wp-json\/wp\/v2\/posts\/139051\/revisions"}],"wp:featuredmedia":[{"embeddable":true,"href":"https:\/\/www.europesays.com\/de\/wp-json\/wp\/v2\/media\/139052"}],"wp:attachment":[{"href":"https:\/\/www.europesays.com\/de\/wp-json\/wp\/v2\/media?parent=139051"}],"wp:term":[{"taxonomy":"category","embeddable":true,"href":"https:\/\/www.europesays.com\/de\/wp-json\/wp\/v2\/categories?post=139051"},{"taxonomy":"post_tag","embeddable":true,"href":"https:\/\/www.europesays.com\/de\/wp-json\/wp\/v2\/tags?post=139051"}],"curies":[{"name":"wp","href":"https:\/\/api.w.org\/{rel}","templated":true}]}}