{"id":139087,"date":"2025-05-25T17:42:09","date_gmt":"2025-05-25T17:42:09","guid":{"rendered":"https:\/\/www.europesays.com\/de\/139087\/"},"modified":"2025-05-25T17:42:09","modified_gmt":"2025-05-25T17:42:09","slug":"realschule-hechingen-schueler-aus-frankreich-erkunden-deutschland-hechingen-umgebung","status":"publish","type":"post","link":"https:\/\/www.europesays.com\/de\/139087\/","title":{"rendered":"Realschule Hechingen: Sch\u00fcler aus Frankreich erkunden Deutschland &#8211; Hechingen &#038; Umgebung"},"content":{"rendered":"<p> Nachdem im Vorjahr die erste Begegnung in <a href=\"https:\/\/www.schwarzwaelder-bote.de\/thema\/Frankreich\" title=\"Frankreich\" class=\"art_thema\" rel=\"nofollow noopener\" target=\"_blank\">Frankreich<\/a> stattgefunden hatte, waren nun die deutschen Realsch\u00fclerinnen und -sch\u00fcler Gastgeber.<\/p>\n<p>Die franz\u00f6sische Gruppe wurde am Sonntagabend herzlich empfangen. Die ersten Tage verbrachten alle im Freizeitheim Margrethausen \u2013 mit viel Platz f\u00fcr gemeinsame Aktivit\u00e4ten. Am Montag standen Kennenlernspiele und ein Ausflug in den Kletterpark Albstadt auf dem Programm, abgerundet durch ein Grillen mit Schulleiter Hipp und B\u00fcrgermeister Hahn.<\/p>\n<p>Auch die Burg Hohenzollern steht auf dem Programm <\/p>\n<p>Der Dienstag war von spannenden Ausfl\u00fcgen gepr\u00e4gt: Zun\u00e4chst ging es ins Mercedes-Benz-Museum, dann ins Ritter Sport-Museum mit einem kreativen Schokoladen-Workshop. Ein gemeinsames Spaghetti-Essen und ein Lagerfeuer mit Musik und Gespr\u00e4chen rundeten den Tag stimmungsvoll ab.<\/p>\n<p>Am Mittwoch besuchten die Jugendlichen die Burg Hohenzollern und nahmen an einer Gruppenrallye teil. Danach folgte ein Stadtrundgang durch <a href=\"https:\/\/www.schwarzwaelder-bote.de\/thema\/Hechingen\" title=\"Hechingen\" class=\"art_thema\" rel=\"nofollow noopener\" target=\"_blank\">Hechingen<\/a> und ein herzlicher Empfang im Rathaus, bei dem die Gruppe von der Ersten Beigeordneten Frau M\u00fcllges begr\u00fc\u00dft wurde. Am Abend zogen die franz\u00f6sischen Jugendlichen in ihre Gastfamilien \u2013 f\u00fcr viele der aufregendste Teil des Austauschs.<\/p>\n<p>Enge Freundschaften sind entstanden <\/p>\n<p>Der Donnerstag begann mit einem Unterrichtsbesuch an der Schule, der auf gro\u00dfes Interesse stie\u00df. Am Nachmittag besuchte die Gruppe die Universit\u00e4tsstadt T\u00fcbingen und genoss eine fr\u00f6hliche Stocherkahnfahrt. Im Laufe der Woche waren aus sch\u00fcchternen Teilnehmern enge Freunde geworden \u2013 Sprachbarrieren traten immer mehr in den Hintergrund.<\/p>\n<p>Ein emotionaler H\u00f6hepunkt war das Abschiedsfest an der Schule mit schw\u00e4bischem Essen und einer Diashow \u00fcber die gemeinsame Woche. Am Freitagmorgen hie\u00df es Abschied nehmen \u2013 mit Tr\u00e4nen, Umarmungen und dem Versprechen, in Kontakt zu bleiben.<\/p>\n<p>Der Austausch war ein voller Erfolg \u2013 dank der hervorragenden Organisation durch die beiden Franz\u00f6sischlehrerinnen Frau Riexinger-Ruff und Frau Appel, dem tollem Wetter und der Offenheit aller Beteiligten. <\/p>\n","protected":false},"excerpt":{"rendered":"Nachdem im Vorjahr die erste Begegnung in Frankreich stattgefunden hatte, waren nun die deutschen Realsch\u00fclerinnen und -sch\u00fcler Gastgeber.&hellip;\n","protected":false},"author":2,"featured_media":139088,"comment_status":"","ping_status":"","sticky":false,"template":"","format":"standard","meta":{"footnotes":""},"categories":[3974],"tags":[17432,331,332,50617,548,663,3934,3980,156,13,19167,36572,14,15,9216,12,23686,17049],"class_list":{"0":"post-139087","1":"post","2":"type-post","3":"status-publish","4":"format-standard","5":"has-post-thumbnail","7":"category-frankreich","8":"tag-austausch","9":"tag-aktuelle-nachrichten","10":"tag-aktuelle-news","11":"tag-austauschschueler","12":"tag-eu","13":"tag-europa","14":"tag-europe","15":"tag-france","16":"tag-frankreich","17":"tag-headlines","18":"tag-hechingen","19":"tag-hechingen-umgebung","20":"tag-nachrichten","21":"tag-news","22":"tag-realschule","23":"tag-schlagzeilen","24":"tag-schueleraustausch","25":"tag-zollernalbkreis"},"share_on_mastodon":{"url":"https:\/\/pubeurope.com\/@de\/114569710341562975","error":""},"_links":{"self":[{"href":"https:\/\/www.europesays.com\/de\/wp-json\/wp\/v2\/posts\/139087","targetHints":{"allow":["GET"]}}],"collection":[{"href":"https:\/\/www.europesays.com\/de\/wp-json\/wp\/v2\/posts"}],"about":[{"href":"https:\/\/www.europesays.com\/de\/wp-json\/wp\/v2\/types\/post"}],"author":[{"embeddable":true,"href":"https:\/\/www.europesays.com\/de\/wp-json\/wp\/v2\/users\/2"}],"replies":[{"embeddable":true,"href":"https:\/\/www.europesays.com\/de\/wp-json\/wp\/v2\/comments?post=139087"}],"version-history":[{"count":0,"href":"https:\/\/www.europesays.com\/de\/wp-json\/wp\/v2\/posts\/139087\/revisions"}],"wp:featuredmedia":[{"embeddable":true,"href":"https:\/\/www.europesays.com\/de\/wp-json\/wp\/v2\/media\/139088"}],"wp:attachment":[{"href":"https:\/\/www.europesays.com\/de\/wp-json\/wp\/v2\/media?parent=139087"}],"wp:term":[{"taxonomy":"category","embeddable":true,"href":"https:\/\/www.europesays.com\/de\/wp-json\/wp\/v2\/categories?post=139087"},{"taxonomy":"post_tag","embeddable":true,"href":"https:\/\/www.europesays.com\/de\/wp-json\/wp\/v2\/tags?post=139087"}],"curies":[{"name":"wp","href":"https:\/\/api.w.org\/{rel}","templated":true}]}}