{"id":139123,"date":"2025-05-25T18:02:12","date_gmt":"2025-05-25T18:02:12","guid":{"rendered":"https:\/\/www.europesays.com\/de\/139123\/"},"modified":"2025-05-25T18:02:12","modified_gmt":"2025-05-25T18:02:12","slug":"einbruch-in-rohbau-in-holzwickede-polizei-sucht-zeugen-aus-der-quellenstrasse","status":"publish","type":"post","link":"https:\/\/www.europesays.com\/de\/139123\/","title":{"rendered":"Einbruch in Rohbau in Holzwickede \u2013 Polizei sucht Zeugen aus der Quellenstra\u00dfe"},"content":{"rendered":"<p>\t\tLeeres Wohnhaus \u2013 gro\u00dfe Beute<br \/>\n\t\t\t\t\tT\u00e4ter stehlen Werkzeuge aus Rohbau in Holzwickede<\/p>\n<p>\t\t<img alt=\"\" src=\"https:\/\/www.europesays.com\/de\/wp-content\/uploads\/2025\/04\/630_0036_1296479_.jpg\"  class=\"avatar avatar-36 photo avatar-default\" height=\"36\" width=\"36\" loading=\"lazy\" decoding=\"async\"\/>\t\t<a class=\"article-author__name\" href=\"https:\/\/www.hellwegeranzeiger.de\/author\/mathias-gaumann\/\" rel=\"author noopener\" target=\"_blank\">Mathias Gaumann<\/a><br \/>\n\t\tRedakteur<\/p>\n<p>\t25.05.2025 16:00 Uhr<\/p>\n<p>\t\tTeilen<\/p>\n<p>\n\tIn Merkliste \u00fcbernehmen\n<\/p>\n<p>    <a href=\"https:\/\/www.hellwegeranzeiger.de\/wp-content\/uploads\/2025\/05\/25\/13\/630_0900_4740303_hal_Herten_eyasu_etsub_Einbruch_unsplas-1648x824.jpg\" target=\"_blank\" rel=\"noopener\"><\/p>\n<p>            <img decoding=\"async\" fetchpriority=\"high\" src=\"https:\/\/www.europesays.com\/de\/wp-content\/uploads\/2025\/05\/630_0900_4740302_hal_Herten_eyasu_etsub_Einbruch_unsplas-640x428.jpg\" width=\"640\" height=\"428\"  alt=\"In der Quellenstra\u00dfe in Holzwickede kam es zum Einbruch in einen Rohbau.\"\/><\/p>\n<p>    <\/a><br \/>\n    In der Quellenstra\u00dfe in Holzwickede kam es zum Einbruch in einen Rohbau. Die Polizei ermittelt. (Symbolbild) \u00a9 Unsplash<\/p>\n<p class=\"article__teaser-text\">In Holzwickede wurde eine unbewohnte Baustelle Ziel einer Straftat. Nun bittet die Polizei um Hinweise aus der Bev\u00f6lkerung.<\/p>\n<p>1 Min Lesezeit<\/p>\n<p>In der Quellenstra\u00dfe in <a href=\"https:\/\/www.hellwegeranzeiger.de\/holzwickede\/\" data-imported=\"1\" target=\"_blank\" rel=\"noopener\">Holzwickede<\/a> ist es in den vergangenen Tagen zu einem Einbruch in ein noch nicht bezogenes Wohnhaus gekommen. Wie die Kreispolizeibeh\u00f6rde Unna mitteilt, drangen bislang unbekannte T\u00e4ter in einen Rohbau ein und entwendeten verschiedene Elektroger\u00e4te sowie Werkzeuge.<\/p>\n<p>Der Vorfall wurde am Samstagvormittag (24.5.) entdeckt. Die Polizei geht davon aus, dass sich der Einbruch in der Zeit zwischen dem 17. Mai (Samstag, 14 Uhr) und dem 24. Mai (Samstag, 10.50 Uhr) ereignet hat. Da das Geb\u00e4ude noch nicht bewohnt ist, blieb die Tat zun\u00e4chst unbemerkt.<\/p>\n<p>Polizei hofft auf Hinweise<\/p>\n<p>Die Ermittler hoffen nun auf Hinweise aus der Bev\u00f6lkerung: Wer im genannten Zeitraum verd\u00e4chtige Personen oder Fahrzeuge im Bereich der Quellenstra\u00dfe beobachtet hat, wird gebeten, sich bei der Polizei in Unna zu melden \u2013 telefonisch unter (02303) 921-3120 oder (02303) 921-0. Hinweise per E-Mail nimmt die Polizei unter <a href=\"https:\/\/www.hellwegeranzeiger.de\/holzwickede\/leere-wohnung-grosse-beute-taeter-stehlen-werkzeuge-aus-rohbau-in-holzwickede-w1036590-1001404868\/mailto:poststelle.unna@polizei.nrw.de\" target=\"_blank\" rel=\"noopener\">poststelle.unna@polizei.nrw.de<\/a> entgegen.<\/p>\n<p>\n\t<a href=\"https:\/\/www.hellwegeranzeiger.de\" class=\"button button--brand button--link home-button\" target=\"_blank\" rel=\"noopener\">Zur Startseite<\/a><\/p>\n","protected":false},"excerpt":{"rendered":"Leeres Wohnhaus \u2013 gro\u00dfe Beute T\u00e4ter stehlen Werkzeuge aus Rohbau in Holzwickede Mathias Gaumann Redakteur 25.05.2025 16:00 Uhr&hellip;\n","protected":false},"author":2,"featured_media":139124,"comment_status":"","ping_status":"","sticky":false,"template":"","format":"standard","meta":{"footnotes":""},"categories":[1833],"tags":[1950,3364,29,217,2819,30,1209],"class_list":{"0":"post-139123","1":"post","2":"type-post","3":"status-publish","4":"format-standard","5":"has-post-thumbnail","7":"category-dortmund","8":"tag-blaulicht","9":"tag-de","10":"tag-deutschland","11":"tag-dortmund","12":"tag-einbruch","13":"tag-germany","14":"tag-nordrhein-westfalen"},"share_on_mastodon":{"url":"https:\/\/pubeurope.com\/@de\/114569789037401247","error":""},"_links":{"self":[{"href":"https:\/\/www.europesays.com\/de\/wp-json\/wp\/v2\/posts\/139123","targetHints":{"allow":["GET"]}}],"collection":[{"href":"https:\/\/www.europesays.com\/de\/wp-json\/wp\/v2\/posts"}],"about":[{"href":"https:\/\/www.europesays.com\/de\/wp-json\/wp\/v2\/types\/post"}],"author":[{"embeddable":true,"href":"https:\/\/www.europesays.com\/de\/wp-json\/wp\/v2\/users\/2"}],"replies":[{"embeddable":true,"href":"https:\/\/www.europesays.com\/de\/wp-json\/wp\/v2\/comments?post=139123"}],"version-history":[{"count":0,"href":"https:\/\/www.europesays.com\/de\/wp-json\/wp\/v2\/posts\/139123\/revisions"}],"wp:featuredmedia":[{"embeddable":true,"href":"https:\/\/www.europesays.com\/de\/wp-json\/wp\/v2\/media\/139124"}],"wp:attachment":[{"href":"https:\/\/www.europesays.com\/de\/wp-json\/wp\/v2\/media?parent=139123"}],"wp:term":[{"taxonomy":"category","embeddable":true,"href":"https:\/\/www.europesays.com\/de\/wp-json\/wp\/v2\/categories?post=139123"},{"taxonomy":"post_tag","embeddable":true,"href":"https:\/\/www.europesays.com\/de\/wp-json\/wp\/v2\/tags?post=139123"}],"curies":[{"name":"wp","href":"https:\/\/api.w.org\/{rel}","templated":true}]}}