{"id":139163,"date":"2025-05-25T18:23:09","date_gmt":"2025-05-25T18:23:09","guid":{"rendered":"https:\/\/www.europesays.com\/de\/139163\/"},"modified":"2025-05-25T18:23:09","modified_gmt":"2025-05-25T18:23:09","slug":"von-oerlinghausen-nach-berlin-eine-emotionale-reise-ins-herz-des-fussballs","status":"publish","type":"post","link":"https:\/\/www.europesays.com\/de\/139163\/","title":{"rendered":"Von Oerlinghausen nach Berlin \u2013 eine emotionale Reise ins Herz des Fu\u00dfballs"},"content":{"rendered":"<p id=\"absatz1\" class=\"em_text\">Oerlinghausen \/ Berlin. Gro\u00dfe Vorfreude, begeistertes Mitfiebern, zwischenzeitliches Bangen und Hoffen, ein bisschen Entt\u00e4uschung aber am Ende auch viel Dankbarkeit und Zufriedenheit \u00fcber ein grandioses Fu\u00dfballerlebnis und eine herausragende Saison: Die Fans von Arminia Bielefeld haben beim DFB-Pokalfinale gegen den VfB Stuttgart eine Achterbahn der Gef\u00fchle erlebt. Unter ihnen waren auch viele Oerlinghauser, die mit anderen rund 100.000 Anh\u00e4ngern des Aufsteigers in die 2. Liga mit nach Berlin gereist waren, oder beim Public Viewing der Thekentaucher der Oerlinghauser Sch\u00fctzen in der Sch\u00fctzenhalle den DSC anfeuerten.<\/p>\n<p id=\"absatz2\" class=\"em_text\">Viele Arminia-Fans waren bereits einige Tage vor dem Endspiel in die Hauptstadt gereist und hatten Berlin in Schwarz-Wei\u00df-Blau getaucht. Dazu geh\u00f6rte unter anderem der Arminia-Freundeskreis Oerlinghausen, der neben den Fanfest-Besuchen auf dem Alexanderplatz eine Schifffahrt \u00fcber die Spree gebucht hatte. \u201eEine grandiose Tour f\u00fcr ein einmaliges Erlebnis. Die Stimmung war super\u201c, berichtet Jochen \u201eObi\u201c Oberdieck, der unter anderem mit Jochen Schneider, Marco Strunk, Lutz Gronemeyer und Udo Grothklags mit von der Partie war.<\/p>\n<p>\u201eAtmosph\u00e4re ist elektrisierend\u201c<\/p>\n<p id=\"absatz4\" class=\"em_text\">Eine andere Gruppe aus Oerlinghausen bestand aus Bastian Dawitz, Frank Dawitz und Mandy Burzlaff. Sie waren ebenfalls fr\u00fchzeitig angereist und genossen die Stunden vor dem Anpfiff im schwarz-wei\u00df-blauen Menschenmeer auf dem Alexanderplatz. An jeder Stra\u00dfenecke wehten Fahnen, erklangen Fanges\u00e4nge, wurde gemeinsam gelacht und sich aufs Spiel eingestimmt. \u201eDas ist ein historisches Ereignis, ein Erlebnis, das in 120 Jahren Vereinsgeschichte so noch nie da war. Einfach klasse\u201c, schw\u00e4rmte Frank Dawitz.<\/p>\n<p id=\"absatz5\" class=\"em_text\">Auf dem Fanfest trafen sie diverse andere Oerlinghauser \u2013 unter anderem Ex-Sch\u00fctzenk\u00f6nig Dirk Ciesla, seine Frau Britta sowie deren Schwester Jana Meyer und ihren Mann Stefan. \u201eIch bin total emotional, das ist einfach so unfassbar sch\u00f6n, die ganze Atmosph\u00e4re ist elektrisierend\u201c, berichtet Jana Meyer. Und noch etwas war ihr an dem Tag sehr wichtig: Mit dabei hatte sie mehrere Fotos von leider bereits verstorbenen Freunden, allesamt Arminia-Fans. \u201eIhre Bilder kommen an die Gedenkwand, die Arminia zur Erinnerung an die Fans im Olympiastadion aufgestellt hat, die dieses Erlebnis heute nicht mit uns teilen k\u00f6nnen. Aber in unseren Gedanken und Herzen sind sie dennoch bei uns\u201c, sagte Jana Meyer.<\/p>\n<p>Stundenlanges Schlangestehen<\/p>\n<p id=\"absatz6\" class=\"em_text\">Insgesamt war die Stimmung vor dem Spiel ausgelassen und fr\u00f6hlich. F\u00fcr den einzigen Unmut sorgte lediglich die chaotische Einlasssituation vor dem Olympiastadion. Manche Fans standen knapp zwei Stunden und l\u00e4nger in der Schlange, ehe sie es endlich durch eins der engen Drehkreuze geschafft hatten \u2013 und waren dadurch teilweise erst mit dem Anpfiff auf ihren Pl\u00e4tzen.<\/p>\n<p id=\"absatz7\" class=\"em_text\">Auf den R\u00e4ngen aber herrschte pure Leidenschaft. \u201eIch habe G\u00e4nsehaut bekommen, als unsere Mannschaft eingelaufen ist\u201c, erz\u00e4hlte Bastian Dawitz sp\u00e4ter. \u201eDass wir \u00fcberhaupt hier stehen \u2013 das h\u00e4tte doch niemand gedacht.\u201c<\/p>\n<p id=\"absatz8\" class=\"em_text\">Das Spiel selbst war ein Auf und Ab der Gef\u00fchle. Jeder Zweikampf, jeder Pass, jede Torchance wurde von den mitgereisten Fans frenetisch begleitet. Spannung, Hoffnung, Verzweiflung waren die beherrschenden Emotionen \u2013 vor allem nach den fr\u00fchen Gegentoren.<\/p>\n<p>        <a href=\"https:\/\/www.nw.de\/_em_daten\/_cache\/image\/1xVktFVCtFVHUvbnBEeDd0a2dXTkRvdnBNUFM3cllQK2J2ekhReXhDRGJCSElaeGloT2hEZzRreDlmMnlrWnZTOVgrL25YbFBPTHlIL0xwa2pNZEhUWnpjaVJjdHROcHFqTENuL1YrcWZSVjQ9\/250525-1828-588305520.jpg\" class=\"nw-article-image\" title=\"Freude auf das Spiel: Passend gekleidet jubeln Arminia-Fans im Sch\u00fctzenhaus vor dem Spiel, das sie gemeinsam mit mehr als 200 Oerlinghausern verfolgen.\" data-glightbox=\"type: image; description: Freude auf das Spiel: Passend gekleidet jubeln Arminia-Fans im Sch\u00fctzenhaus vor dem Spiel, das sie gemeinsam mit mehr als 200 Oerlinghausern verfolgen.  | \u00a9 Sibylle Kemna \" target=\"_blank\" rel=\"noopener\"><br \/>\n            <img decoding=\"async\" src=\"https:\/\/www.europesays.com\/de\/wp-content\/uploads\/2025\/05\/250525-1828-588305520.jpg\" class=\"nw-img-fluid nw-w-full nw-lazy nw-rounded-t-md\" alt=\"Freude auf das Spiel: Passend gekleidet jubeln Arminia-Fans im Sch\u00fctzenhaus vor dem Spiel, das sie gemeinsam mit mehr als 200 Oerlinghausern verfolgen. - \u00a9 Sibylle Kemna\" data-format=\"16:9\"\/><br \/>\n        <\/a><\/p>\n<p>                Freude auf das Spiel: Passend gekleidet jubeln Arminia-Fans im Sch\u00fctzenhaus vor dem Spiel, das sie gemeinsam mit mehr als 200 Oerlinghausern verfolgen.<br \/>\n                                    | \u00a9 Sibylle Kemna<\/p>\n<p id=\"absatz9\" class=\"em_text\">Nicht nur im Stadion, auch in der gut gef\u00fcllten Sch\u00fctzenhalle fieberten 210 Arminia-Fans leidenschaftlich mit. \u201eDie Stimmung war richtig klasse\u201c, berichtete S\u00f6ren Grote von den Thekentauchern der Oerlinghauser Sch\u00fctzen. Er und sein Team hatten mehrere Leinw\u00e4nde aufgebaut, auf denen die Fans das Spiel verfolgten. Frenetisch wurden nat\u00fcrlich die beiden Arminia-Tore am Ende des Spiels bejubelt. Und auch wenn das nicht mehr als Ergebniskosmetik war und der Pokal am Ende nicht nach Ostwestfalen ging, war die Stimmung nicht von Entt\u00e4uschung gepr\u00e4gt.<\/p>\n<p>\u201eArminia Bielefeld \u2013 Ein Verein mit Herz und Charakter\u201c<\/p>\n<p id=\"absatz10\" class=\"em_text\">\u201eNat\u00fcrlich h\u00e4tten wir ihn gerne geholt, den Pokal\u201c, sagte S\u00f6ren Grote. \u201eAber was z\u00e4hlt, ist, dass wir im Finale waren. Dass wir gezeigt haben, wer wir sind. Arminia Bielefeld \u2013 ein Verein mit Herz und Charakter.\u201c Sowohl in der Sch\u00fctzenhalle als auch in den Fanbl\u00f6cken wurde nach Abpfiff nicht geweint, sondern gesungen und die Mannschaft gefeiert. F\u00fcr viele war das Spiel nur der H\u00f6hepunkt einer unglaublichen Saison. Eine Saison, in der sich die Arminia mit Leidenschaft, Teamgeist und einer geh\u00f6rigen Portion \u00dcberraschungskraft bis ins Finale gek\u00e4mpft hatte, die Meisterschaft in der 3. Liga geholt hatte und den Aufstieg perfekt gemacht hatte.<\/p>\n<p>        <a href=\"https:\/\/www.nw.de\/_em_daten\/_cache\/image\/1xQ1RqbXNiRVA3eS93UlJIZkdxcnlVaURiYXJLb2JJdnUwWmJzQkZYNGpLaU5keFNlMk5RNlc4Skg3VGczcUoyWFhCS0tRaDVWMVI1QytONGZwQ3h6cHc9PQ\/250525-1828-588326167.jpg\" class=\"nw-article-image\" title=\"Die Mitglieder der \u0084V\u00fcmften Kompanie\u0093, Jochen Schneider (v. l.), Jochen \u0084Obi\u0093 Oberdieck und Udo Grothklags feiern in Berlin.\" data-glightbox=\"type: image; description: Die Mitglieder der \u0084V\u00fcmften Kompanie\u0093, Jochen Schneider (v. l.), Jochen \u0084Obi\u0093 Oberdieck und Udo Grothklags feiern in Berlin.  | \u00a9 Oerlinghauser Sch\u00fctzengesellschaft \" target=\"_blank\" rel=\"noopener\"><br \/>\n            <img decoding=\"async\" src=\"https:\/\/www.europesays.com\/de\/wp-content\/uploads\/2025\/05\/250525-1828-588326167.jpg\" class=\"nw-img-fluid nw-w-full nw-lazy nw-rounded-t-md\" alt=\"Die Mitglieder der \u0084V\u00fcmften Kompanie\u0093, Jochen Schneider (v. l.), Jochen \u0084Obi\u0093 Oberdieck und Udo Grothklags feiern in Berlin. - \u00a9 Oerlinghauser Sch\u00fctzengesellschaft\" data-format=\"16:9\"\/><br \/>\n        <\/a><\/p>\n<p>                Die Mitglieder der \u0084V\u00fcmften Kompanie\u0093, Jochen Schneider (v. l.), Jochen \u0084Obi\u0093 Oberdieck und Udo Grothklags feiern in Berlin.<br \/>\n                                    | \u00a9 Oerlinghauser Sch\u00fctzengesellschaft<\/p>\n<p id=\"absatz11\" class=\"em_text\">Das zeigten viele Oerlinghauser auch einen Tag danach zur\u00fcck in Bielefeld, wo das Team um Trainer Mitch Kniat am Rathaus feierlich empfangen wurde. Viele Fans sprechen von der \u201eReise ihres Lebens\u201c, einem Erlebnis, das sie ihren Enkeln noch erz\u00e4hlen werden. \u201eUnd auch wenn der Pokal nach Stuttgart ging \u2013 das Herz dieses Finales schlug schwarz-wei\u00df-blau\u201c, sagte Jochen Oberdieck. <\/p>\n","protected":false},"excerpt":{"rendered":"Oerlinghausen \/ Berlin. Gro\u00dfe Vorfreude, begeistertes Mitfiebern, zwischenzeitliches Bangen und Hoffen, ein bisschen Entt\u00e4uschung aber am Ende auch&hellip;\n","protected":false},"author":2,"featured_media":139164,"comment_status":"","ping_status":"","sticky":false,"template":"","format":"standard","meta":{"footnotes":""},"categories":[1825],"tags":[9006,2368,49976,296,1605,29,2362,50628,5282,30,50626,50625,9307,4280,1608,50629,50627,50630,10126,16352,2380,737,50623,22057,50624,30754,1441,2915],"class_list":{"0":"post-139163","1":"post","2":"type-post","3":"status-publish","4":"format-standard","5":"has-post-thumbnail","7":"category-berlin","8":"tag-alexanderplatz","9":"tag-arminia-bielefeld","10":"tag-arminia-im-pokalfinale","11":"tag-berlin","12":"tag-bielefeld","13":"tag-deutschland","14":"tag-endspiel","15":"tag-frank-dawitz","16":"tag-fuball","17":"tag-germany","18":"tag-jana-meyer","19":"tag-jochen-schneider","20":"tag-label_foto","21":"tag-label_l-120","22":"tag-label_top-news","23":"tag-lutz-gronemeyer","24":"tag-mandy-burzlaff","25":"tag-marco-strunk","26":"tag-meta_artikelklasse_reportage","27":"tag-meta_copyrights_nw_freier_mitarbeiter","28":"tag-meta_themen_arminia_bielefeld","29":"tag-meta_userneeds_lenkeab","30":"tag-mitfieber","31":"tag-oerlinghausen","32":"tag-schtzenhalle","33":"tag-spree","34":"tag-stuttgart","35":"tag-vfb-stuttgart"},"share_on_mastodon":{"url":"","error":"Validation failed: Text character limit of 500 exceeded"},"_links":{"self":[{"href":"https:\/\/www.europesays.com\/de\/wp-json\/wp\/v2\/posts\/139163","targetHints":{"allow":["GET"]}}],"collection":[{"href":"https:\/\/www.europesays.com\/de\/wp-json\/wp\/v2\/posts"}],"about":[{"href":"https:\/\/www.europesays.com\/de\/wp-json\/wp\/v2\/types\/post"}],"author":[{"embeddable":true,"href":"https:\/\/www.europesays.com\/de\/wp-json\/wp\/v2\/users\/2"}],"replies":[{"embeddable":true,"href":"https:\/\/www.europesays.com\/de\/wp-json\/wp\/v2\/comments?post=139163"}],"version-history":[{"count":0,"href":"https:\/\/www.europesays.com\/de\/wp-json\/wp\/v2\/posts\/139163\/revisions"}],"wp:featuredmedia":[{"embeddable":true,"href":"https:\/\/www.europesays.com\/de\/wp-json\/wp\/v2\/media\/139164"}],"wp:attachment":[{"href":"https:\/\/www.europesays.com\/de\/wp-json\/wp\/v2\/media?parent=139163"}],"wp:term":[{"taxonomy":"category","embeddable":true,"href":"https:\/\/www.europesays.com\/de\/wp-json\/wp\/v2\/categories?post=139163"},{"taxonomy":"post_tag","embeddable":true,"href":"https:\/\/www.europesays.com\/de\/wp-json\/wp\/v2\/tags?post=139163"}],"curies":[{"name":"wp","href":"https:\/\/api.w.org\/{rel}","templated":true}]}}