{"id":139165,"date":"2025-05-25T18:24:14","date_gmt":"2025-05-25T18:24:14","guid":{"rendered":"https:\/\/www.europesays.com\/de\/139165\/"},"modified":"2025-05-25T18:24:14","modified_gmt":"2025-05-25T18:24:14","slug":"herzlicher-moment-in-monaco-leni-klum-erlebt-ein-seltenes-wiedersehen","status":"publish","type":"post","link":"https:\/\/www.europesays.com\/de\/139165\/","title":{"rendered":"Herzlicher Moment in Monaco: Leni Klum erlebt ein seltenes Wiedersehen"},"content":{"rendered":"<p>                     Herzlicher Moment in Monaco<br \/>\n                Leni Klum erlebt ein seltenes Wiedersehen<\/p>\n<p>\t\t\t\t              25.05.2025, 18:52 Uhr<\/p>\n<p>\t\t\t\t\t       Artikel anh\u00f6ren<\/p>\n<p>\t\t\t\t\t\t\tDiese Audioversion wurde k\u00fcnstlich generiert. <a href=\"https:\/\/www.n-tv.de\/23249898\" target=\"_blank\" rel=\"noopener\">Mehr Infos<\/a><\/p>\n<p><strong>Oft sieht Leni Klum ihren leiblichen Vater Flavio Briatore nicht. Noch vor ihrer Geburt 2004 endete die Beziehung des Formel-1-Teamchefs mit ihrer Mutter Heidi Klum. Erst meidet der Italiener den Kontakt, dann verbessert sich das Verh\u00e4ltnis. Nun teilt er ein seltenes Foto. <\/strong><\/p>\n<p data-dl-original=\"true\" data-dl-translated=\"true\" data-dl-uid=\"356\">Am Rande des prestigetr\u00e4chtigen <a href=\"https:\/\/www.n-tv.de\/sport\/formel1\/Norris-triumphiert-in-ungewoehnlichem-F1-Rennen-in-Monaco-article25791958.html\" rel=\"Follow noopener\" target=\"_blank\">Formel-1-Rennens in Monaco<\/a> ist es zu einem seltenen und herzlichen Wiedersehen gekommen: Heidi Klums Tochter Leni posierte gemeinsam mit ihrem leiblichen Vater, dem italienischen Unternehmer und Formel-1-Teamchef Flavio Briatore, und ihrem Halbbruder Falco f\u00fcr ein Familienfoto.<\/p>\n<p data-dl-original=\"true\" data-dl-translated=\"true\" data-dl-uid=\"357\">Den Schnappschuss, aufgenommen vor der Kulisse Monacos, postete Briatore auf seinem Instagram-Account, Tochter Leni teilte das Foto in ihrer Story. Dazu schrieb Briatore auf Italienisch: &#8222;Leni und Falco beim GP von Monaco&#8220;. Auf dem Bild sitzt Briatore an einem Tisch, w\u00e4hrend sich Leni Klum seitlich an ihn schmiegt, Sohn Falco hat von hinten die Arme um seinen Vater gelegt.<\/p>\n<p data-dl-original=\"true\" data-dl-translated=\"true\" data-dl-uid=\"358\">Auch Heidi Klum teilte das Foto in ihrer Story und f\u00fcgte ein Herz-GIF hinzu. Ob sie ebenfalls beim Rennen vor Ort war, ist nicht klar. Zuletzt war das Model bei den Filmfestspielen in Cannes, w\u00e4re also in der N\u00e4he gewesen. Vergangenes Jahr besuchten Leni und Heidi den Grand Prix in dem F\u00fcrstentum noch gemeinsam, damals entstand<a href=\"https:\/\/www.instagram.com\/p\/C7bvJ3Ix1ZT\/?utm_source=ig_embed\" rel=\"Follow noopener\" target=\"_blank\"> ebenfalls ein Familienfoto mit Briatore<\/a>, seinem Sohn und seiner Ex-Ehefrau Elisabetta Gregoraci.<\/p>\n<p>Verh\u00e4ltnis verbessert<\/p>\n<p data-dl-original=\"true\" data-dl-translated=\"true\" data-dl-uid=\"360\">Leni Klum und ihr leiblicher Vater scheinen schon seit einiger Zeit <a href=\"https:\/\/www.n-tv.de\/leute\/Flavio-Briatore-versteht-sich-gut-mit-Heidi-Klum-article25787035.html\" rel=\"Follow noopener\" target=\"_blank\">ein besseres Verh\u00e4ltnis<\/a> zu haben. Leni stammt aus einer kurzen Beziehung zwischen Heidi Klum und Flavio Briatore, die 2003 begann und noch vor ihrer Geburt 2004 wieder endete. In den ersten Jahren hatte der Italiener kaum Kontakt zu seiner Tochter. 2009 adoptierte Klums damaliger Ehemann Seal die damals f\u00fcnfj\u00e4hrige Leni mit Briatores Einverst\u00e4ndnis. 2011 gestand Briatore in einem Interview, seine Tochter bis dahin noch nie gesehen zu haben.<\/p>\n<p>In den vergangenen Jahren scheint sich das Verh\u00e4ltnis jedoch deutlich gebessert zu haben. Klum und Briatore verbringen mittlerweile regelm\u00e4\u00dfig gemeinsame Zeit, wie die aktuellen Bilder aus Monaco erneut zeigen. In einem <a href=\"https:\/\/d.repubblica.it\/magazine\/2022\/04\/01\/news\/flavio_briatore_sono_orgoglioso_di_mia_figlia_leni_con_nathan_cerco_di_sfruttare_ogni_momento-424206278\/\" rel=\"Follow noopener\" target=\"_blank\">Interview mit der italienischen Zeitung &#8222;La Repubblica&#8220;<\/a> sagte er 2022: &#8222;Ich habe nicht die t\u00e4gliche Beziehung zu ihr, die ich zu Falco habe, das ist logisch. Aber das bedeutet nicht, dass ich sie weniger liebe.&#8220;<\/p>\n<p><script async src=\"\/\/www.instagram.com\/embed.js\"><\/script><\/p>\n","protected":false},"excerpt":{"rendered":"Herzlicher Moment in Monaco Leni Klum erlebt ein seltenes Wiedersehen 25.05.2025, 18:52 Uhr Artikel anh\u00f6ren Diese Audioversion wurde&hellip;\n","protected":false},"author":2,"featured_media":139166,"comment_status":"","ping_status":"","sticky":false,"template":"","format":"standard","meta":{"footnotes":""},"categories":[1776],"tags":[1801,29,214,553,1572,30,5135,1222,1802,215],"class_list":{"0":"post-139165","1":"post","2":"type-post","3":"status-publish","4":"format-standard","5":"has-post-thumbnail","7":"category-prominente","8":"tag-celebrities","9":"tag-deutschland","10":"tag-entertainment","11":"tag-familie","12":"tag-formel-1","13":"tag-germany","14":"tag-heidi-klum","15":"tag-monaco","16":"tag-prominente","17":"tag-unterhaltung"},"share_on_mastodon":{"url":"https:\/\/pubeurope.com\/@de\/114569875486230409","error":""},"_links":{"self":[{"href":"https:\/\/www.europesays.com\/de\/wp-json\/wp\/v2\/posts\/139165","targetHints":{"allow":["GET"]}}],"collection":[{"href":"https:\/\/www.europesays.com\/de\/wp-json\/wp\/v2\/posts"}],"about":[{"href":"https:\/\/www.europesays.com\/de\/wp-json\/wp\/v2\/types\/post"}],"author":[{"embeddable":true,"href":"https:\/\/www.europesays.com\/de\/wp-json\/wp\/v2\/users\/2"}],"replies":[{"embeddable":true,"href":"https:\/\/www.europesays.com\/de\/wp-json\/wp\/v2\/comments?post=139165"}],"version-history":[{"count":0,"href":"https:\/\/www.europesays.com\/de\/wp-json\/wp\/v2\/posts\/139165\/revisions"}],"wp:featuredmedia":[{"embeddable":true,"href":"https:\/\/www.europesays.com\/de\/wp-json\/wp\/v2\/media\/139166"}],"wp:attachment":[{"href":"https:\/\/www.europesays.com\/de\/wp-json\/wp\/v2\/media?parent=139165"}],"wp:term":[{"taxonomy":"category","embeddable":true,"href":"https:\/\/www.europesays.com\/de\/wp-json\/wp\/v2\/categories?post=139165"},{"taxonomy":"post_tag","embeddable":true,"href":"https:\/\/www.europesays.com\/de\/wp-json\/wp\/v2\/tags?post=139165"}],"curies":[{"name":"wp","href":"https:\/\/api.w.org\/{rel}","templated":true}]}}