{"id":139169,"date":"2025-05-25T18:27:12","date_gmt":"2025-05-25T18:27:12","guid":{"rendered":"https:\/\/www.europesays.com\/de\/139169\/"},"modified":"2025-05-25T18:27:12","modified_gmt":"2025-05-25T18:27:12","slug":"zdf-star-patrick-kalupa-spricht-ueber-ausbleibende-angebote","status":"publish","type":"post","link":"https:\/\/www.europesays.com\/de\/139169\/","title":{"rendered":"ZDF-Star Patrick Kalupa spricht \u00fcber ausbleibende Angebote"},"content":{"rendered":"<p>Vorlesen<a rel=\"nofollow noopener\" target=\"_blank\" class=\"transition-colors duration-200 cursor-pointer text-inherit no-underline text-black bg-whitelilac rounded-8 grid items-center group py-[6px] px-8 text-12 hover:bg-magenta hover:text-whitelilac gap-8 grid-cols-[min-content_34px] hover:dark:text-salemsfur\" href=\"https:\/\/news.google.com\/publications\/CAAiEIJQzYzeY7hM4UzfQTU6gT8qFAgKIhCCUM2M3mO4TOFM30E1OoE_\/sections\/CAQqKggAIhCCUM2M3mO4TOFM30E1OoE_KhQICiIQglDNjN5juEzhTN9BNTqBPzDPh8gG?hl=de&amp;gl=DE&amp;ceid=DE%3Ade\" aria-label=\"Auf Google News folgen\">News folgen<\/a><img style=\"--width:16;--height:16\" loading=\"lazy\" src=\"https:\/\/www.europesays.com\/de\/wp-content\/uploads\/2025\/04\/sharing-menu-icon.1eb71368.svg.svg+xml\" alt=\"Teilen Menu auf machen\" title=\"Teilen Menu auf machen\" class=\"&#10;        block&#10;        h-[calc(var(--height)_\/_16_*_1rem)]&#10;        w-[calc(var(--width)_\/_16_*_1rem)]&#10;        max-w-none&#10;        group-hover:invert group-hover:grayscale group-hover:contrast-200 dark:group-hover:invert dark:contrast-200 dark:grayscale dark:invert\" decoding=\"async\"\/>Artikel teilen<\/p>\n<p class=\"font-bold text-18 leading-17\">Seit er die Hauptrolle in der ZDF-Serie &#8222;Dr. Nice&#8220; spielt, bleiben bestimmte Angebote aus. Mit t-online spricht Patrick Kalupa \u00fcber Klischees und Rollenvielfalt jenseits der 40.<\/p>\n<p class=\"text-18 leading-17\">Ein bisschen provokativ, etwas \u00fcberheblich, vor allem arrogant, aber trotzdem sympathisch: Als Chirurg Dr. Moritz Neiss spielt sich Patrick Kalupa aktuell in die Herzen der ZDF-Zuschauer. Seit dem 11. Mai flimmert der Schauspieler wieder mit der Herzkino-Reihe &#8222;Dr. Nice&#8220; \u00fcber die Bildschirme. Im Interview mit t-online spricht der 45-J\u00e4hrige, <a class=\"transition-colors duration-200 cursor-pointer text-inherit no-underline text-salemsfur md:hover:text-magenta md:hover:border-magenta md:focus:text-magenta border-current border-b border-solid break-words\" href=\"https:\/\/www.t-online.de\/unterhaltung\/stars\/id_100717574\/patrick-kalupa-das-ist-die-beruehmte-ehefrau-des-dr-nice-stars-.html\" data-sctrack=\"BodyAnchor\" rel=\"nofollow noopener\" target=\"_blank\">der mit seiner Schauspielkollegin Leonie Parusel zwei Kinder hat,<\/a> \u00fcber seine Serienfigur, Rollenangebote \u00fcber 40 und den Wandel der Filmbranche.<\/p>\n<p class=\"text-18 leading-17\"><strong class=\"font-bold\">t-online: Herr Kalupa, in &#8222;Dr. Nice&#8220; durchbrechen Sie klassische Arztserien-Klischees. Was ist eigentlich Ihr eigenes Klischee, das Ihnen bis heute anhaftet? <\/strong><\/p>\n<p class=\"text-18 leading-17\"><strong class=\"font-bold\">Patrick Kalupa:<\/strong> Mein Klischee? Als Schauspieler wird man immer wieder mit Klischees konfrontiert. Bestimmt bin ich als echter Berliner mit sportlichem Hintergrund, einer handwerklichen Ausbildung und einer Passion f\u00fcr Abenteuer, Technik und Natur auch schon damit konfrontiert worden. Aber hey: Mein Dr. Neiss ist so viel \u2013 er ist smart, emotional, ein bisschen chaotisch und nimmt sich nicht allzu ernst, was mir richtig Spa\u00df macht.<\/p>\n<p class=\"text-18 leading-17\"><strong class=\"font-bold\">M\u00e4nner \u00fcber 40 sieht man vor allem als Vaterfigur oder Kommissar, aber seltener als Liebhaber. Ist das auch Ihr Empfinden? <\/strong><\/p>\n<p class=\"text-18 leading-17\">Bei &#8222;Dr. Nice&#8220; machen wir uns frei von stereotypen Zuweisungen: Wir erz\u00e4hlen Geschichten von Menschen aller Altersstufen, die voll im Leben stehen. Lustig und traurig, ernst und unkonventionell. Mein Dr. Neiss erlaubt mir, mehr Facetten als jemals zuvor zu zeigen \u2013 er ist ein Mensch mit Ecken und Kanten, geht als Experte, Liebhaber und freigeistiger Charakter in die Vollen. Es geht ja in unserer Serie \u2013 wie im echten Leben \u2013 nicht um das Alter, sondern um alles, was uns Menschen bewegt.<\/p>\n<p><a href=\"#focus-1\" class=\"transition-colors duration-200 focus-within:text-magenta block text-current relative\" data-sctrack=\"FocusGalleryImage.Reference\"><img   loading=\"lazy\" src=\"https:\/\/www.europesays.com\/de\/wp-content\/uploads\/2025\/05\/patrick-kalupa-er-spielt-die-hauptrolle-in-dr-nice.jpg\" alt=\"Patrick Kalupa: Er spielt die Hauptrolle in &quot;Dr. Nice&quot;.\" title=\"Patrick Kalupa: Er spielt die Hauptrolle in &quot;Dr. Nice&quot;.\" width=\"2985\" height=\"1679\" class=\"w-full h-full max-w-full rounded-8\" decoding=\"async\"\/><img style=\"--width:32;--height:32\" loading=\"lazy\" src=\"https:\/\/www.europesays.com\/de\/wp-content\/uploads\/2025\/05\/zoom-in.f7dae02f.svg.svg+xml\" alt=\"Vergr\u00f6\u00dfern des Bildes\" title=\"Vergr\u00f6\u00dfern des Bildes\" class=\"&#10;        block&#10;        h-[calc(var(--height)_\/_16_*_1rem)]&#10;        w-[calc(var(--width)_\/_16_*_1rem)]&#10;        max-w-none&#10;        absolute bottom-8 right-8 rounded-4 bg-snow p-8\" decoding=\"async\"\/>Patrick Kalupa spielt die Hauptrolle in &#8222;Dr. Nice&#8220;. (Quelle: Rudolf Wernicke \/ ZDF)<\/a><\/p>\n<p class=\"text-18 leading-17\"><strong class=\"font-bold\">F\u00fcr Frauen \u00fcber 40 sind Rollenangebote trotzdem rar. Haben es auch M\u00e4nner im Alter schwerer in der Filmbranche? <\/strong><\/p>\n<p class=\"text-18 leading-17\">Es gibt bestimmt weniger Rollen, die sich auf komplexe, tiefgr\u00fcndige M\u00e4nner- und Frauenfiguren im reiferen Alter konzentrieren. &#8222;Dr. Nice&#8220; beweist als gewitztes und modernes Herzkino-Format, wie es funktioniert, mehr m\u00f6glich zu machen. F\u00fcr alle. Und was die Zahl 40 angeht: Da stehen ja sowohl Frauen als auch M\u00e4nner voll im Saft! (lacht)<\/p>\n<p class=\"text-18 leading-17\"><strong class=\"font-bold\">Welche Rollen werden Ihnen denn seltener angeboten? <\/strong><\/p>\n<p class=\"text-18 leading-17\">Ich drehe von Fr\u00fchjahr bis zum Winter flei\u00dfig f\u00fcr &#8222;Dr. Nice&#8220; \u2013 und wenn es die Zeit erlaubt, spiele ich auch noch woanders mit. Eins f\u00e4llt mir auf: Arztrollen werden mir parallel zu &#8222;Dr. Nice&#8220; gar nicht mehr angeboten. (lacht)<\/p>\n<p class=\"text-18 leading-17\"><strong class=\"font-bold\">Und welche Rolle w\u00fcrden Sie gerne mal spielen? <\/strong><\/p>\n<p class=\"text-18 leading-17\">Beispielsweise einen waschechten Berliner mit viel Geschichte, egal ob in den 20er-Jahren oder zu Zeiten der DDR. Einen Hochstapler auf der Flucht, einen modernen Wikinger, einen Gro\u00dfstadt-Cowboy. Und richtig Komplexes: einen total gebrochenen Charakter; jemand, der wirklich am Rande des Abgrunds steht und sich durch die Dunkelheit k\u00e4mpft. Meine Wunschliste ist endlos.<\/p>\n<p><img style=\"--width:42;--height:32\" loading=\"lazy\" src=\"https:\/\/www.europesays.com\/de\/wp-content\/uploads\/2025\/04\/quotationmark.8b94917b.svg.svg+xml\" alt=\"Quotation Mark\" title=\"Quotation Mark\" class=\"&#10;        block&#10;        h-[calc(var(--height)_\/_16_*_1rem)]&#10;        w-[calc(var(--width)_\/_16_*_1rem)]&#10;        max-w-none&#10;        mx-12 md:w-[41px]\" decoding=\"async\"\/><\/p>\n<p class=\"py-24 text-22 font-light\">In der Branche wird zunehmend mehr Wert auf Authentizit\u00e4t und Diversit\u00e4t gelegt.<\/p>\n<p class=\"pt-12 pb-24 text-manatee text-16 uppercase tracking-wider leading-17\">Patrick Kalupa<\/p>\n<p class=\"text-18 leading-17\"><strong class=\"font-bold\">Worauf wird bei der Besetzung heute mehr geachtet als fr\u00fcher? <\/strong><\/p>\n<p class=\"text-18 leading-17\">In der Branche wird zunehmend mehr Wert auf Authentizit\u00e4t und Diversit\u00e4t gelegt. Mehr davon, kann ich nur sagen!<\/p>\n<p class=\"text-18 leading-17\"><strong class=\"font-bold\">In der Serie sind Sie in einer Beziehung mit Brigitte Zeh. Sie ist mit 49 Jahren vier Jahre \u00e4lter als Sie. Fr\u00fcher w\u00e4re der Altersunterschied nahezu undenkbar gewesen. Ist die Filmbranche im Wandel? <\/strong><\/p>\n<p class=\"text-18 leading-17\">Der Altersunterschied zwischen Brigitte Zeh und mir spielt in &#8222;Dr. Nice&#8220; ja keine Rolle. Herausfordernd ist eher, dass Dr. Neiss Schwierigkeiten damit hat, sich zu binden. Er will, aber er tut sich sehr schwer, sich so richtig auf sie und andere feste Verpflichtungen einzulassen. Das war ihm in seinem karriereorientierten Leben vorher ja v\u00f6llig fremd.<\/p>\n<p><a href=\"#focus-2\" class=\"transition-colors duration-200 focus-within:text-magenta block text-current relative\" data-sctrack=\"FocusGalleryImage.Reference\"><img   loading=\"lazy\" src=\"https:\/\/www.europesays.com\/de\/wp-content\/uploads\/2025\/05\/in-der-serie-kommen-sich-patrick-kalupa-und-brigitte-zeh-naeher.jpg\" alt=\"In der Serie kommen sich Patrick Kalupa und Brigitte Zeh n\u00e4her.\" title=\"In der Serie kommen sich Patrick Kalupa und Brigitte Zeh n\u00e4her.\" width=\"4000\" height=\"2667\" class=\"w-full h-full max-w-full rounded-8\" decoding=\"async\"\/><img style=\"--width:32;--height:32\" loading=\"lazy\" src=\"https:\/\/www.europesays.com\/de\/wp-content\/uploads\/2025\/05\/zoom-in.f7dae02f.svg.svg+xml\" alt=\"Vergr\u00f6\u00dfern des Bildes\" title=\"Vergr\u00f6\u00dfern des Bildes\" class=\"&#10;        block&#10;        h-[calc(var(--height)_\/_16_*_1rem)]&#10;        w-[calc(var(--width)_\/_16_*_1rem)]&#10;        max-w-none&#10;        absolute bottom-8 right-8 rounded-4 bg-snow p-8\" decoding=\"async\"\/>In der Serie kommen sich Patrick Kalupa und Brigitte Zeh n\u00e4her. (Quelle: Stephan Rabold)<\/a><\/p>\n","protected":false},"excerpt":{"rendered":"VorlesenNews folgenArtikel teilen Seit er die Hauptrolle in der ZDF-Serie &#8222;Dr. Nice&#8220; spielt, bleiben bestimmte Angebote aus. Mit&hellip;\n","protected":false},"author":2,"featured_media":139170,"comment_status":"","ping_status":"","sticky":false,"template":"","format":"standard","meta":{"footnotes":""},"categories":[1773],"tags":[32778,50635,29,214,30,1450,48139,50634,48140,50636,471,1780,226,215,1448],"class_list":{"0":"post-139169","1":"post","2":"type-post","3":"status-publish","4":"format-standard","5":"has-post-thumbnail","7":"category-serien","8":"tag-altersunterschied","9":"tag-brigitte-zeh","10":"tag-deutschland","11":"tag-entertainment","12":"tag-germany","13":"tag-hauptrolle","14":"tag-leonie-parusel","15":"tag-moritz-neiss","16":"tag-patrick-kalupa","17":"tag-rollenvielfalt","18":"tag-serien","19":"tag-series","20":"tag-t-online","21":"tag-unterhaltung","22":"tag-zdf"},"share_on_mastodon":{"url":"https:\/\/pubeurope.com\/@de\/114569887352086064","error":""},"_links":{"self":[{"href":"https:\/\/www.europesays.com\/de\/wp-json\/wp\/v2\/posts\/139169","targetHints":{"allow":["GET"]}}],"collection":[{"href":"https:\/\/www.europesays.com\/de\/wp-json\/wp\/v2\/posts"}],"about":[{"href":"https:\/\/www.europesays.com\/de\/wp-json\/wp\/v2\/types\/post"}],"author":[{"embeddable":true,"href":"https:\/\/www.europesays.com\/de\/wp-json\/wp\/v2\/users\/2"}],"replies":[{"embeddable":true,"href":"https:\/\/www.europesays.com\/de\/wp-json\/wp\/v2\/comments?post=139169"}],"version-history":[{"count":0,"href":"https:\/\/www.europesays.com\/de\/wp-json\/wp\/v2\/posts\/139169\/revisions"}],"wp:featuredmedia":[{"embeddable":true,"href":"https:\/\/www.europesays.com\/de\/wp-json\/wp\/v2\/media\/139170"}],"wp:attachment":[{"href":"https:\/\/www.europesays.com\/de\/wp-json\/wp\/v2\/media?parent=139169"}],"wp:term":[{"taxonomy":"category","embeddable":true,"href":"https:\/\/www.europesays.com\/de\/wp-json\/wp\/v2\/categories?post=139169"},{"taxonomy":"post_tag","embeddable":true,"href":"https:\/\/www.europesays.com\/de\/wp-json\/wp\/v2\/tags?post=139169"}],"curies":[{"name":"wp","href":"https:\/\/api.w.org\/{rel}","templated":true}]}}