{"id":139228,"date":"2025-05-25T18:58:12","date_gmt":"2025-05-25T18:58:12","guid":{"rendered":"https:\/\/www.europesays.com\/de\/139228\/"},"modified":"2025-05-25T18:58:12","modified_gmt":"2025-05-25T18:58:12","slug":"olympia-aus-fuer-russland-das-hat-folgen-fuer-deutschland","status":"publish","type":"post","link":"https:\/\/www.europesays.com\/de\/139228\/","title":{"rendered":"Olympia-Aus f\u00fcr Russland \u2013 das hat Folgen f\u00fcr Deutschland"},"content":{"rendered":"<p>Klarheit im Eishockey <\/p>\n<p>Olympia-Aus f\u00fcr Russland \u2013 das hat Folgen f\u00fcr Deutschland<\/p>\n<p>25.05.2025 &#8211; 20:38 UhrLesedauer: 1 Min.<\/p>\n<p><a href=\"#focus-0\" class=\"transition-colors duration-200 focus-within:text-magenta block text-current relative\" data-sctrack=\"FocusGalleryImage.Reference\"><img fetchpriority=\"high\" data-testid=\"Opener.Image\" style=\"--lqipURL:url('https:\/\/images.t-online.de\/2025\/05\/hHyT7M7GoCun\/529x179:3291x1851\/fit-in\/150x0\/filters:blur(25)\/jonas-mueller-vorne-der-deutsche-nationalspieler-ist-mit-seinem-team-bei-den-olympischen-spielen-dabei.jpg')\"   loading=\"eager\" src=\"https:\/\/www.europesays.com\/de\/wp-content\/uploads\/2025\/05\/jonas-mueller-vorne-der-deutsche-nationalspieler-ist-mit-seinem-team-bei-den-olympischen-spielen-dab.jpeg\" alt=\"Jonas M\u00fcller (vorne): Der deutsche Nationalspieler ist mit seinem Team bei den Olympischen Spielen dabei.\" title=\"Jonas M\u00fcller (vorne): Der deutsche Nationalspieler ist mit seinem Team bei den Olympischen Spielen dabei.\" width=\"3291\" height=\"1851\" class=\"bg-[url:var(--lqipURL)] bg-cover bg-center flex w-full max-w-full h-full\" decoding=\"async\"\/><img style=\"--width:32;--height:32\" loading=\"lazy\" src=\"https:\/\/www.europesays.com\/de\/wp-content\/uploads\/2025\/05\/zoom-in.f7dae02f.svg.svg+xml\" alt=\"Vergr\u00f6\u00dfern des Bildes\" title=\"Vergr\u00f6\u00dfern des Bildes\" class=\"&#10;        block&#10;        h-[calc(var(--height)_\/_16_*_1rem)]&#10;        w-[calc(var(--width)_\/_16_*_1rem)]&#10;        max-w-none&#10;        absolute bottom-8 right-8 rounded-4 bg-snow p-8\" decoding=\"async\"\/><\/a><\/p>\n<p>Jonas M\u00fcller (vorne): Der deutsche Nationalspieler ist mit seinem Team bei den Olympischen Spielen dabei. (Quelle: IMAGO\/Andrea Branca)<\/p>\n<p class=\"font-bold text-18 leading-17\">Bei der WM hat Deutschland entt\u00e4uschend abgeschnitten. Bei den Olympischen Spielen soll es in einem Jahr besser laufen. Nun ist auch die Gruppe klar.<\/p>\n<p class=\"text-18 leading-17\">Russlands Eishockey-Team wird nicht an den Olympischen Winterspielen 2026 teilnehmen. Das best\u00e4tigte IIHF-Pr\u00e4sident Luc Tardif am letzten Tag der Weltmeisterschaft in <a class=\"transition-colors duration-200 cursor-pointer text-inherit no-underline text-salemsfur md:hover:text-magenta md:hover:border-magenta md:focus:text-magenta border-current border-b border-solid break-words\" href=\"https:\/\/www.t-online.de\/themen\/stockholm\/\" data-sctrack=\"BodyAnchor\" rel=\"nofollow noopener\" target=\"_blank\">Stockholm<\/a>.<\/p>\n<p class=\"text-18 leading-17\">Der Weltverband hatte zwei m\u00f6gliche Spielpl\u00e4ne vorbereitet \u2013 einen mit Russland und einen ohne. Der 72-J\u00e4hrige erkl\u00e4rte, dass das Internationale Olympische Komitee (IOC) als Veranstalter auftrete, die IIHF hingegen f\u00fcr die sportliche Organisation verantwortlich sei. Der Beschluss solle zudem zeitnah kommuniziert werden.<\/p>\n<p class=\"text-18 leading-17\">Die Entscheidung betrifft auch die deutsche Nationalmannschaft. Das Team, das 2018 die Silbermedaille gewann, spielt in Gruppe C gegen die USA, <a class=\"transition-colors duration-200 cursor-pointer text-inherit no-underline text-salemsfur md:hover:text-magenta md:hover:border-magenta md:focus:text-magenta border-current border-b border-solid break-words\" href=\"https:\/\/www.t-online.de\/themen\/lettland\/\" data-sctrack=\"BodyAnchor\" rel=\"nofollow noopener\" target=\"_blank\">Lettland<\/a> und D\u00e4nemark. W\u00e4re Russland zugelassen worden, h\u00e4tte Deutschland in einer Gruppe mit D\u00e4nemark, Finnland und Tschechien gespielt.<\/p>\n<p class=\"text-18 leading-17\">Bei den Spielen in Mailand und Cortina d&#8217;Ampezzo werden erstmals seit 2014 wieder alle Stars aus der nordamerikanischen NHL antreten d\u00fcrfen.<\/p>\n<p class=\"text-18 leading-17\">Russland bleibt wegen des Angriffskriegs gegen die Ukraine seit 2022 von allen IIHF-Turnieren ausgeschlossen \u2013 auch f\u00fcr die Weltmeisterschaft 2025 in der Schweiz. Ob das Team zur Heim-WM 2027 in Deutschland zur\u00fcckkehren darf, soll im Februar 2027 entschieden werden.<\/p>\n","protected":false},"excerpt":{"rendered":"Klarheit im Eishockey Olympia-Aus f\u00fcr Russland \u2013 das hat Folgen f\u00fcr Deutschland 25.05.2025 &#8211; 20:38 UhrLesedauer: 1 Min.&hellip;\n","protected":false},"author":2,"featured_media":139229,"comment_status":"","ping_status":"","sticky":false,"template":"","format":"standard","meta":{"footnotes":""},"categories":[4013],"tags":[722,331,332,1160,29,2100,50655,13,47293,2519,50654,50653,50656,14,15,656,13025,11317,4043,4044,850,307,12,4409,64],"class_list":{"0":"post-139228","1":"post","2":"type-post","3":"status-publish","4":"format-standard","5":"has-post-thumbnail","7":"category-russland","8":"tag-722","9":"tag-aktuelle-nachrichten","10":"tag-aktuelle-news","11":"tag-daenemark","12":"tag-deutschland","13":"tag-eishockey","14":"tag-eishockey-team","15":"tag-headlines","16":"tag-internationales-olympisches-komitee","17":"tag-ioc","18":"tag-jonas-mueller","19":"tag-klarheit","20":"tag-luc-tardif","21":"tag-nachrichten","22":"tag-news","23":"tag-olympia","24":"tag-olympische-spiele","25":"tag-olympische-winterspiele","26":"tag-russia","27":"tag-russian-federation","28":"tag-russische-foederation","29":"tag-russland","30":"tag-schlagzeilen","31":"tag-stockholm","32":"tag-usa"},"share_on_mastodon":{"url":"https:\/\/pubeurope.com\/@de\/114570009448395987","error":""},"_links":{"self":[{"href":"https:\/\/www.europesays.com\/de\/wp-json\/wp\/v2\/posts\/139228","targetHints":{"allow":["GET"]}}],"collection":[{"href":"https:\/\/www.europesays.com\/de\/wp-json\/wp\/v2\/posts"}],"about":[{"href":"https:\/\/www.europesays.com\/de\/wp-json\/wp\/v2\/types\/post"}],"author":[{"embeddable":true,"href":"https:\/\/www.europesays.com\/de\/wp-json\/wp\/v2\/users\/2"}],"replies":[{"embeddable":true,"href":"https:\/\/www.europesays.com\/de\/wp-json\/wp\/v2\/comments?post=139228"}],"version-history":[{"count":0,"href":"https:\/\/www.europesays.com\/de\/wp-json\/wp\/v2\/posts\/139228\/revisions"}],"wp:featuredmedia":[{"embeddable":true,"href":"https:\/\/www.europesays.com\/de\/wp-json\/wp\/v2\/media\/139229"}],"wp:attachment":[{"href":"https:\/\/www.europesays.com\/de\/wp-json\/wp\/v2\/media?parent=139228"}],"wp:term":[{"taxonomy":"category","embeddable":true,"href":"https:\/\/www.europesays.com\/de\/wp-json\/wp\/v2\/categories?post=139228"},{"taxonomy":"post_tag","embeddable":true,"href":"https:\/\/www.europesays.com\/de\/wp-json\/wp\/v2\/tags?post=139228"}],"curies":[{"name":"wp","href":"https:\/\/api.w.org\/{rel}","templated":true}]}}