{"id":139363,"date":"2025-05-25T20:15:11","date_gmt":"2025-05-25T20:15:11","guid":{"rendered":"https:\/\/www.europesays.com\/de\/139363\/"},"modified":"2025-05-25T20:15:11","modified_gmt":"2025-05-25T20:15:11","slug":"fk-jugoslavija-wuppertal-ringt-viktoria-rott-nieder-und-vertagt-die-aufstiegsfrage","status":"publish","type":"post","link":"https:\/\/www.europesays.com\/de\/139363\/","title":{"rendered":"FK Jugoslavija Wuppertal ringt Viktoria Rott nieder und vertagt die Aufstiegsfrage"},"content":{"rendered":"<p class=\"text_ohne_einzug richtext text-em-55 !leading-serif mx-6 desktop:mx-0\"><strong class=\"font-bold dark:text-white-solid\">FK Jugoslavija Wuppertal &#8211; Viktoria Rott 3:2 (2:0).<\/strong> Jugoslavija hat das umk\u00e4mpfte Topspiel f\u00fcr sich entscheiden k\u00f6nnen und damit den vorzeitigen Feierlichkeiten von Viktoria Rott einen Strich durch die Rechnung gemacht. Beide Teams brauchen demnach noch einen Punkt f\u00fcr den Aufstieg &#8211; Rott kann den im Heimspiel am kommenden Sonntag gegen Beyenburg holen, w\u00e4hrend \u201eJugos\u201c das furiose Finale beim SC Sonnborn bevorsteht.<\/p>\n","protected":false},"excerpt":{"rendered":"FK Jugoslavija Wuppertal &#8211; Viktoria Rott 3:2 (2:0). Jugoslavija hat das umk\u00e4mpfte Topspiel f\u00fcr sich entscheiden k\u00f6nnen und&hellip;\n","protected":false},"author":2,"featured_media":139364,"comment_status":"","ping_status":"","sticky":false,"template":"","format":"standard","meta":{"footnotes":""},"categories":[1840],"tags":[3364,29,30,9428,1209,4418],"class_list":{"0":"post-139363","1":"post","2":"type-post","3":"status-publish","4":"format-standard","5":"has-post-thumbnail","7":"category-wuppertal","8":"tag-de","9":"tag-deutschland","10":"tag-germany","11":"tag-kreisliga","12":"tag-nordrhein-westfalen","13":"tag-wuppertal"},"share_on_mastodon":{"url":"https:\/\/pubeurope.com\/@de\/114570312063248088","error":""},"_links":{"self":[{"href":"https:\/\/www.europesays.com\/de\/wp-json\/wp\/v2\/posts\/139363","targetHints":{"allow":["GET"]}}],"collection":[{"href":"https:\/\/www.europesays.com\/de\/wp-json\/wp\/v2\/posts"}],"about":[{"href":"https:\/\/www.europesays.com\/de\/wp-json\/wp\/v2\/types\/post"}],"author":[{"embeddable":true,"href":"https:\/\/www.europesays.com\/de\/wp-json\/wp\/v2\/users\/2"}],"replies":[{"embeddable":true,"href":"https:\/\/www.europesays.com\/de\/wp-json\/wp\/v2\/comments?post=139363"}],"version-history":[{"count":0,"href":"https:\/\/www.europesays.com\/de\/wp-json\/wp\/v2\/posts\/139363\/revisions"}],"wp:featuredmedia":[{"embeddable":true,"href":"https:\/\/www.europesays.com\/de\/wp-json\/wp\/v2\/media\/139364"}],"wp:attachment":[{"href":"https:\/\/www.europesays.com\/de\/wp-json\/wp\/v2\/media?parent=139363"}],"wp:term":[{"taxonomy":"category","embeddable":true,"href":"https:\/\/www.europesays.com\/de\/wp-json\/wp\/v2\/categories?post=139363"},{"taxonomy":"post_tag","embeddable":true,"href":"https:\/\/www.europesays.com\/de\/wp-json\/wp\/v2\/tags?post=139363"}],"curies":[{"name":"wp","href":"https:\/\/api.w.org\/{rel}","templated":true}]}}