{"id":139371,"date":"2025-05-25T20:19:09","date_gmt":"2025-05-25T20:19:09","guid":{"rendered":"https:\/\/www.europesays.com\/de\/139371\/"},"modified":"2025-05-25T20:19:09","modified_gmt":"2025-05-25T20:19:09","slug":"appell-fuer-ukraine-hilfe-suedwest","status":"publish","type":"post","link":"https:\/\/www.europesays.com\/de\/139371\/","title":{"rendered":"Appell f\u00fcr Ukraine-Hilfe &#8211; S\u00fcdwest"},"content":{"rendered":"<p><a onclick=\"\" href=\"https:\/\/www.badische-zeitung.de\/sigrun-rehm\" rel=\"author nofollow noopener\" target=\"_blank\"><img decoding=\"async\" src=\"https:\/\/www.europesays.com\/de\/wp-content\/uploads\/2025\/05\/176959732-f-1_1-w-100.jpg\" class=\"autor-img\" style=\"--autor-img-index:50;\" alt=\"Sigrun Rehm\" title=\"Sigrun Rehm\" width=\"80px\" height=\"80px\"\/><\/a><\/p>\n<p>        Wir ben\u00f6tigen Ihre Zustimmung um BotTalk anzuzeigen<\/p>\n<p class=\"mb-400\">Unter Umst\u00e4nden sammelt BotTalk personenbezogene Daten f\u00fcr eigene Zwecke und verarbeitet diese in einem Land mit nach EU-Standards nicht ausreichenden Datenschutzniveau.<\/p>\n<p class=\"mb-900\">Durch Klick auf &#8222;Akzeptieren&#8220; geben Sie Ihre Einwilligung f\u00fcr die Daten\u00fcbermittlung, die Sie jederzeit \u00fcber Cookie-Einstellungen widerrufen k\u00f6nnen.<\/p>\n<p>        <a data-cmp-servicename=\"BotTalk\" href=\"#\" class=\"cmpButtonAccept btn | bg-primary-400 fc-neutral-100\">Akzeptieren<\/a><br \/>\n        <a href=\"#\" onclick=\"UC_UI.showSecondLayer(); return false;\" class=\"fs-300\">Mehr Informationen<\/a><\/p>\n<p>\t\t\t\t\t\t\t\t\t\t\t\t<strong>FREIBURGER ERZBISCHOF<\/strong><\/p>\n<p>Appell f\u00fcr Ukraine-Hilfe<\/p>\n<p>Mit einem Appell, in der solidarischen Unterst\u00fctzung f\u00fcr die leidgepr\u00fcfte Bev\u00f6lkerung in der Ukraine nicht nachzulassen, hat der Freiburger Erzbischof Stephan Burger, Vorsitzender der Kommission f\u00fcr caritative Fragen der Deutschen Bischofskonferenz, seine Reise in die Ukraine beendet. &#8222;Besonders eindr\u00fccklich waren f\u00fcr mich die Besuche auf dem Maidan und dem Soldatenfriedhof in Lwiw. Hier wurde sp\u00fcrbar, welches Leid aber auch welcher Durchhaltewillen in der ukrainischen Bev\u00f6lkerung herrschen&#8220;, sagte er. Burger besuchte einige der insgesamt 67 Sozialzentren im Land, in denen die Caritas Rehabilitationsma\u00dfnahmen und psychosoziale Betreuung f\u00fcr die Bev\u00f6lkerung anbietet.<\/p>\n<p>\t\t\t\t\t\t\t\t\t\t<strong>Schlagworte:<\/strong>\u00a0<a href=\"https:\/\/www.badische-zeitung.de\/person\/Stephan+Burger\" title=\"Stephan Burger\" style=\"white-space: nowrap;\" itemscope=\"\" itemtype=\"https:\/\/schema.org\/Person\" rel=\"nofollow noopener\" target=\"_blank\">Stephan Burger<\/a><\/p>\n","protected":false},"excerpt":{"rendered":"Wir ben\u00f6tigen Ihre Zustimmung um BotTalk anzuzeigen Unter Umst\u00e4nden sammelt BotTalk personenbezogene Daten f\u00fcr eigene Zwecke und verarbeitet&hellip;\n","protected":false},"author":2,"featured_media":110831,"comment_status":"","ping_status":"","sticky":false,"template":"","format":"standard","meta":{"footnotes":""},"categories":[4012],"tags":[331,332,50707,38751,50708,13,2917,50709,14,15,12,317],"class_list":{"0":"post-139371","1":"post","2":"type-post","3":"status-publish","4":"format-standard","5":"has-post-thumbnail","7":"category-ukraine","8":"tag-aktuelle-nachrichten","9":"tag-aktuelle-news","10":"tag-appell","11":"tag-erzbischof","12":"tag-freiburger","13":"tag-headlines","14":"tag-hilfe","15":"tag-leidgepruefte","16":"tag-nachrichten","17":"tag-news","18":"tag-schlagzeilen","19":"tag-ukraine"},"share_on_mastodon":{"url":"https:\/\/pubeurope.com\/@de\/114570327743701816","error":""},"_links":{"self":[{"href":"https:\/\/www.europesays.com\/de\/wp-json\/wp\/v2\/posts\/139371","targetHints":{"allow":["GET"]}}],"collection":[{"href":"https:\/\/www.europesays.com\/de\/wp-json\/wp\/v2\/posts"}],"about":[{"href":"https:\/\/www.europesays.com\/de\/wp-json\/wp\/v2\/types\/post"}],"author":[{"embeddable":true,"href":"https:\/\/www.europesays.com\/de\/wp-json\/wp\/v2\/users\/2"}],"replies":[{"embeddable":true,"href":"https:\/\/www.europesays.com\/de\/wp-json\/wp\/v2\/comments?post=139371"}],"version-history":[{"count":0,"href":"https:\/\/www.europesays.com\/de\/wp-json\/wp\/v2\/posts\/139371\/revisions"}],"wp:featuredmedia":[{"embeddable":true,"href":"https:\/\/www.europesays.com\/de\/wp-json\/wp\/v2\/media\/110831"}],"wp:attachment":[{"href":"https:\/\/www.europesays.com\/de\/wp-json\/wp\/v2\/media?parent=139371"}],"wp:term":[{"taxonomy":"category","embeddable":true,"href":"https:\/\/www.europesays.com\/de\/wp-json\/wp\/v2\/categories?post=139371"},{"taxonomy":"post_tag","embeddable":true,"href":"https:\/\/www.europesays.com\/de\/wp-json\/wp\/v2\/tags?post=139371"}],"curies":[{"name":"wp","href":"https:\/\/api.w.org\/{rel}","templated":true}]}}