{"id":13940,"date":"2025-04-07T20:39:21","date_gmt":"2025-04-07T20:39:21","guid":{"rendered":"https:\/\/www.europesays.com\/de\/13940\/"},"modified":"2025-04-07T20:39:21","modified_gmt":"2025-04-07T20:39:21","slug":"neuer-song-power-und-ihre-innere-staerke","status":"publish","type":"post","link":"https:\/\/www.europesays.com\/de\/13940\/","title":{"rendered":"neuer Song \u201ePower\u201c und ihre innere St\u00e4rke"},"content":{"rendered":"<p>Stefanie Heinzmann hat ihre neue Single \u201ePower\u201c\u00a0ver\u00f6ffentlicht und mit SWR3-Moderator Sebastian M\u00fcller \u00fcber ihre neue innere Kraft gesprochen.<\/p>\n<p>Mit 36 Jahren hat S\u00e4ngerin Stefanie Heinzmann endlich das Gef\u00fchl, so richtig ihre eigene Kraft gefunden zu haben.<\/p>\n<p>Stefanie Heinzmann: \u201eIch habe ein Update gemacht\u201c<\/p>\n<p>Steffi hat uns bei SWR3 zuletzt vor vier Jahren besucht. In der Zwischenzeit war sie viel in Therapie \u201eund das hat sich wahnsinnig gelohnt!\u201c. Sie sagt, sie habe dadurch das Gef\u00fchl, dass sie ihrem Leben ein \u201eUpdate\u201c verpasst habe.<\/p>\n<p class=\"block-link block-link-linkbox\">\n<a href=\"https:\/\/www.swr3.de\/musik\/stefanie-heinzmann-konzert-swr-sommerfest-100.html\" title=\"SWR Sommerfestival - Stefanie Heinzmann: Die sch\u00f6nsten Momente des Konzerts\" class=\"link\" rel=\"nofollow noopener\" target=\"_blank\"><br \/>\nStefanie Heinzmann: Die sch\u00f6nsten Momente des Konzerts<br \/>\n<\/a>\n<\/p>\n<p>Diese drei Tipps haben Stefanie Heinzmann in der Therapie geholfen:<\/p>\n<ul>\n<li> \u201eEs hilft mir enorm, Dinge in Worte zu fassen!\u201c Wenn Steffi merkt, dass sie gerade Angst vor einer Situation hat oder sich selbst als nicht genug empfindet, bedankt sie sich erst mal, dass sie gerade in dieser Situation sein darf und spricht sich dann zum Beispiel laut gut zu, dass sie an sich glaubt.<\/li>\n<li>In Bewegung kommen! Wenn Steffi gerade alles zu viel ist und ihre To-Do-Liste \u00fcberquillt: K\u00f6rper sch\u00fctteln und klopfen und dann eins nach dem anderen machen: \u201eIch suche mir eine Sache raus und k\u00fcmmere mich nur um die Sache und mein System hat gelernt, sich dann auch tats\u00e4chlich zu entspannen. Das ist viel \u00dcbung!\u201c<\/li>\n<li>Richtig atmen! Steffi nutzt daf\u00fcr zum Beispiel eine App, denn: \u201eIhr k\u00f6nnt euch nicht vorstellen, wie krass das das ganze Nervensystem beruhigt. Das sind so einfache, kleine Sachen, die sich total lohnen!\u201c<\/li>\n<\/ul>\n<p>Hier spricht sie mit SWR3-Moderator Sebastian M\u00fcller \u00fcber ihre innere St\u00e4rke, und warum wir alle keine Buddah werden m\u00fcssen\u2b07\ufe0f<\/p>\n<p><img src=\"https:\/\/www.europesays.com\/de\/wp-content\/uploads\/2025\/04\/1718961496036,logo-232~_v-16x9@2dXS_-b9bac15fe0af001f663131e7814653aed0ad7167.jpg\"   class=\"\" data-copyright=\"Foto: SWR\" alt=\"Logo SWR3\" title=\"Logo SWR3 (Foto: SWR)\" width=\"320\" height=\"180\" loading=\"lazy\" decoding=\"async\"\/><\/p>\n<p><a href=\"https:\/\/www.swr3.de\/media-assets\/stefanie-heinzmann-ueber-ihre-innere-staerke-100.html\" title=\"SWR3-Push - Stefanie Heinzmann \u00fcber ihre innere St\u00e4rke\" class=\"link\" rel=\"nofollow noopener\" target=\"_blank\"><br \/>\nSWR3-Push<br \/>\n5.4.2025<\/p>\n<p>Stefanie Heinzmann \u00fcber ihre innere St\u00e4rke<br \/>\n<\/a><\/p>\n<dl>\n<dt class=\"media-duration\">Dauer<\/dt>\n<dd class=\"media-duration\">\n2:29<br \/>\nmin<\/p>\n<\/dd>\n<\/dl>\n<p>Stefanie Heinzmann \u00fcber ihre innere St\u00e4rke im SWR3 Interview\n<\/p>\n<p>\u00a0Neue Single \u201ePower\u201c ver\u00f6ffentlicht<\/p>\n<p>Passend dazu hei\u00dft ihre neue Single nat\u00fcrlich \u201ePower\u201c. Damit m\u00f6chte Stefanie Heinzmann genau diesen Moment einfangen \u2013 es ist ein mitrei\u00dfender Song \u00fcber innere Kraft und den Mut, den eigenen Weg zu gehen.\u00a0<\/p>\n<blockquote class=\"quote-blockquote\">\n<p>Social-Media-Beitrag auf Instagram von stefanieheinzmann<\/p>\n<\/blockquote>\n<p>Und hier haben wir exklusiv f\u00fcr euch ihren neuen Song mit Ukulele Begleitung aus unserem Studio:<\/p>\n<p><img src=\"https:\/\/www.europesays.com\/de\/wp-content\/uploads\/2025\/04\/1718961496036,logo-232~_v-16x9@2dXS_-b9bac15fe0af001f663131e7814653aed0ad7167.jpg\"   class=\"\" data-copyright=\"Foto: SWR\" alt=\"Logo SWR3\" title=\"Logo SWR3 (Foto: SWR)\" width=\"320\" height=\"180\" loading=\"lazy\" decoding=\"async\"\/><\/p>\n<p><a href=\"https:\/\/www.swr3.de\/media-assets\/neuer-song-power-mit-ukulele-100.html\" title=\"SWR3-Push - Neuer Song &quot;Power&quot; mit Ukulele\" class=\"link\" rel=\"nofollow noopener\" target=\"_blank\"><br \/>\nSWR3-Push<br \/>\n5.4.2025<\/p>\n<p>Neuer Song &#8222;Power&#8220; mit Ukulele<br \/>\n<\/a><\/p>\n<dl>\n<dt class=\"media-duration\">Dauer<\/dt>\n<dd class=\"media-duration\">\n1:20<br \/>\nmin<\/p>\n<\/dd>\n<\/dl>\n<p>Stefanie Heinzmann und Basti M\u00fcller spielen den neuen Song &#8222;Power&#8220; mit Ukulele<\/p>\n","protected":false},"excerpt":{"rendered":"Stefanie Heinzmann hat ihre neue Single \u201ePower\u201c\u00a0ver\u00f6ffentlicht und mit SWR3-Moderator Sebastian M\u00fcller \u00fcber ihre neue innere Kraft gesprochen.&hellip;\n","protected":false},"author":2,"featured_media":13941,"comment_status":"","ping_status":"","sticky":false,"template":"","format":"standard","meta":{"footnotes":""},"categories":[1772],"tags":[29,214,30,1779,810,215],"class_list":{"0":"post-13940","1":"post","2":"type-post","3":"status-publish","4":"format-standard","5":"has-post-thumbnail","7":"category-musik","8":"tag-deutschland","9":"tag-entertainment","10":"tag-germany","11":"tag-music","12":"tag-musik","13":"tag-unterhaltung"},"share_on_mastodon":{"url":"https:\/\/pubeurope.com\/@de\/114298615460801646","error":""},"_links":{"self":[{"href":"https:\/\/www.europesays.com\/de\/wp-json\/wp\/v2\/posts\/13940","targetHints":{"allow":["GET"]}}],"collection":[{"href":"https:\/\/www.europesays.com\/de\/wp-json\/wp\/v2\/posts"}],"about":[{"href":"https:\/\/www.europesays.com\/de\/wp-json\/wp\/v2\/types\/post"}],"author":[{"embeddable":true,"href":"https:\/\/www.europesays.com\/de\/wp-json\/wp\/v2\/users\/2"}],"replies":[{"embeddable":true,"href":"https:\/\/www.europesays.com\/de\/wp-json\/wp\/v2\/comments?post=13940"}],"version-history":[{"count":0,"href":"https:\/\/www.europesays.com\/de\/wp-json\/wp\/v2\/posts\/13940\/revisions"}],"wp:featuredmedia":[{"embeddable":true,"href":"https:\/\/www.europesays.com\/de\/wp-json\/wp\/v2\/media\/13941"}],"wp:attachment":[{"href":"https:\/\/www.europesays.com\/de\/wp-json\/wp\/v2\/media?parent=13940"}],"wp:term":[{"taxonomy":"category","embeddable":true,"href":"https:\/\/www.europesays.com\/de\/wp-json\/wp\/v2\/categories?post=13940"},{"taxonomy":"post_tag","embeddable":true,"href":"https:\/\/www.europesays.com\/de\/wp-json\/wp\/v2\/tags?post=13940"}],"curies":[{"name":"wp","href":"https:\/\/api.w.org\/{rel}","templated":true}]}}